{"id":15141,"date":"2025-10-11T08:05:08","date_gmt":"2025-10-11T08:05:08","guid":{"rendered":"https:\/\/www.europesays.com\/lt\/15141\/"},"modified":"2025-10-11T08:05:08","modified_gmt":"2025-10-11T08:05:08","slug":"pensijos-augs-maziau-nei-zadejo-socialdemokratai-respublika-lt","status":"publish","type":"post","link":"https:\/\/www.europesays.com\/lt\/15141\/","title":{"rendered":"Pensijos augs ma\u017eiau nei \u017ead\u0117jo socialdemokratai &#8211; Respublika.lt"},"content":{"rendered":"<p>    \u00d7<\/p>\n<p>    (1\/1) Algirdas Butkevi\u010dius, Inga Ruginien\u0117. Eltos nuotr. <a href=\"https:\/\/www.respublika.lt\/uploads\/img\/catalog\/1\/photo_1_52263453.png\" class=\"swiper-photo-download\" download=\"\" rel=\"nofollow noopener\" target=\"_blank\">Atsisi\u0173sti<\/a><\/p>\n<p><img loading=\"lazy\" decoding=\"async\" src=\"https:\/\/www.respublika.lt\/lt\/naujienos\/lietuva\/kitos-lietuvos-zinios\/pensijos-augs-maziau-nei-zadejo-socialdemokratai\/images\/ico_camera_white.gif\" class=\"camera\" width=\"22\" height=\"15\" alt=\"nuotr.\" style=\"position:relative; top:-2px; right:2px;\"\/> 1 nuotr.<\/p>\n<p>Algirdas Butkevi\u010dius, Inga Ruginien\u0117. Eltos nuotr.<\/p>\n<p>Seimo Biud\u017eeto ir finans\u0173 komiteto narys Algirdas Butkevi\u010dius i\u0161siai\u0161kino, kad pensijos did\u0117s ne 20 proc. ar daugiau, bet bene dvigubai ma\u017eiau ne \u017ead\u0117ta.<\/p>\n<p style=\"text-align: justify;\" class=\"desktop_banner\">\u00a0<\/p>\n<p>\u00a0<\/p>\n<p>\u201eMano klausimas premjerei ir kaip buvusiai socialin\u0117s apsaugos ir darbo ministrei. Vis d\u0117lto gr\u012f\u017ekime \u012f t\u0105 laikotarp\u012f, kada buvo duoti pa\u017eadai visuomenei d\u0117l pensij\u0173 didinimo. Pastaruoju metu pasigirdo, kad jau bus pensijos didinamos ne 20 proc. ar daugiau, bet 12 proc.<\/p>\n<p>Kaip visai neseniai ra\u0161\u0117 viena garsi knyg\u0173 ra\u0161ytoja, Velyk\u0173 bobut\u0117 Vilija Blinkevi\u010di\u016bt\u0117 visuomen\u0119 v\u0117l apgavo \u017ead\u0117dama, kad ateikite ir balsuokite u\u017e mus ir j\u016bs\u0173 gyvenimas stipriai pasikeis, nes visos buvusios vyriausyb\u0117s \u012f j\u016bs\u0173 norus, pageidavimus neatsi\u017evelg\u0117 ir pensijos taip spar\u010diai nebuvo didinamos. Tai kaip j\u016bs vertinate kaip premjer\u0117 \u0161iuo metu duotus j\u016bs\u0173 partijos pa\u017eadus ir ar juos \u012fgyvendinsite, ar vis d\u0117lto bus tie 12 proc., kurie skamba dabar visuomen\u0117je?&#8221; &#8211; ministr\u0117s pirminink\u0117s Ingos Ruginien\u0117s pasiteiravo A.Butkevi\u010dius.<\/p>\n<p>\u201eA\u010di\u016b u\u017e klausim\u0105. Tikrai \u012fgyvendinsime. Jeigu nieko nedarytume, nuo kit\u0173 met\u0173 pensijos augt\u0173 8-9 proc.. Tai mes kaip ir buvome&#8230; ne vien\u0105 kart\u0105 irgi sakiau, kad intensyvinsime pensij\u0173 indeksavim\u0105, t\u0105 ir padar\u0117me. Nuo kit\u0173 met\u0173, labai tikiuosi, jeigu pritarsite biud\u017eetui, kitais metais pensijos augs 12 proc.&#8221; &#8211; pa\u017ead\u0117jo premjer\u0117.<\/p>\n<p>Patiko straipsnis? Leisk mums apie tai su\u017einoti. Nepamir\u0161k pasidalinti Facebook! <\/p>\n<p><img loading=\"lazy\" decoding=\"async\" class=\"p2_social_circle_icon\" src=\"https:\/\/www.respublika.lt\/images\/thumbs_up.svg\" width=\"21\" height=\"22\" alt=\"L\"\/><\/p>\n<p><img loading=\"lazy\" decoding=\"async\" class=\"p2_social_circle_icon\" src=\"https:\/\/www.respublika.lt\/images\/facebook.svg\" alt=\"F\" width=\"22\" height=\"22\" style=\"filter: invert(37%) sepia(55%) saturate(2351%) hue-rotate(187deg) brightness(102%) contrast(106%);\"\/><\/p>\n<p>&#13;<br \/>\n\tNesutinkate &#8211; diskutuokime!<br \/>&#13;<br \/>\n\tNepykite komentatoriai, bet komentarai su keiksma\u017eod\u017eiais bus \u0161alinami automati\u0161kai, be atsipra\u0161ymo.\n    <\/p>\n<p>&#13;<br \/>\n              Respublika.lt pasilieka teis\u0119 pa\u0161alinti nekult\u016bringus, keiksma\u017eod\u017eiais pagardintus, su tema nesusijusius, kito asmens vardu pasira\u0161ytus, \u012fstatymus pa\u017eeid\u017eian\u010dius, \u0161lam\u0161t\u0105 reklamuojan\u010dius ar nusikalsti kurstan\u010dius komentarus. Jei kurstysite smurt\u0105, rasin\u0119, tautin\u0119, religin\u0119 ar kitokio pob\u016bd\u017eio neapykant\u0105, \u017evirbliu i\u0161skrid\u0119 j\u016bs\u0173 \u017eod\u017eiai gr\u012f\u017edami gali virsti ton\u0105 sverian\u010diu jau\u010diu &#8211; specialiosioms Lietuvos tarnyboms pareikalavus suteiksime j\u016bs\u0173 duomenis.\n            <\/p>\n","protected":false},"excerpt":{"rendered":"\u00d7 (1\/1) Algirdas Butkevi\u010dius, Inga Ruginien\u0117. Eltos nuotr. Atsisi\u0173sti 1 nuotr. Algirdas Butkevi\u010dius, Inga Ruginien\u0117. Eltos nuotr. Seimo&hellip;\n","protected":false},"author":2,"featured_media":15142,"comment_status":"","ping_status":"","sticky":false,"template":"","format":"standard","meta":{"footnotes":""},"categories":[13],"tags":[25,5287,30,31,1767,34,35,24,32,33,37,39,36,38,40,23,22,495,28,29,5286,412,2170,26,27],"class_list":{"0":"post-15141","1":"post","2":"type-post","3":"status-publish","4":"format-standard","5":"has-post-thumbnail","7":"category-lietuva","8":"tag-antrastes","9":"tag-blinkeviciute","10":"tag-breaking-news","11":"tag-breakingnews","12":"tag-butkevicius","13":"tag-featured-news","14":"tag-featurednews","15":"tag-headlines","16":"tag-latest-news","17":"tag-latestnews","18":"tag-lietuva","19":"tag-lietuviu","20":"tag-lithuania","21":"tag-lithuanian","22":"tag-lt","23":"tag-naujienos","24":"tag-news","25":"tag-pensijos","26":"tag-populiariausios-naujienos","27":"tag-populiariausiosnaujienos","28":"tag-premjere","29":"tag-ruginiene","30":"tag-socialdemokratai","31":"tag-top-stories","32":"tag-topstories"},"share_on_mastodon":{"url":"","error":""},"_links":{"self":[{"href":"https:\/\/www.europesays.com\/lt\/wp-json\/wp\/v2\/posts\/15141","targetHints":{"allow":["GET"]}}],"collection":[{"href":"https:\/\/www.europesays.com\/lt\/wp-json\/wp\/v2\/posts"}],"about":[{"href":"https:\/\/www.europesays.com\/lt\/wp-json\/wp\/v2\/types\/post"}],"author":[{"embeddable":true,"href":"https:\/\/www.europesays.com\/lt\/wp-json\/wp\/v2\/users\/2"}],"replies":[{"embeddable":true,"href":"https:\/\/www.europesays.com\/lt\/wp-json\/wp\/v2\/comments?post=15141"}],"version-history":[{"count":0,"href":"https:\/\/www.europesays.com\/lt\/wp-json\/wp\/v2\/posts\/15141\/revisions"}],"wp:featuredmedia":[{"embeddable":true,"href":"https:\/\/www.europesays.com\/lt\/wp-json\/wp\/v2\/media\/15142"}],"wp:attachment":[{"href":"https:\/\/www.europesays.com\/lt\/wp-json\/wp\/v2\/media?parent=15141"}],"wp:term":[{"taxonomy":"category","embeddable":true,"href":"https:\/\/www.europesays.com\/lt\/wp-json\/wp\/v2\/categories?post=15141"},{"taxonomy":"post_tag","embeddable":true,"href":"https:\/\/www.europesays.com\/lt\/wp-json\/wp\/v2\/tags?post=15141"}],"curies":[{"name":"wp","href":"https:\/\/api.w.org\/{rel}","templated":true}]}}