{"id":15143,"date":"2025-10-11T08:08:04","date_gmt":"2025-10-11T08:08:04","guid":{"rendered":"https:\/\/www.europesays.com\/lt\/15143\/"},"modified":"2025-10-11T08:08:04","modified_gmt":"2025-10-11T08:08:04","slug":"bayern-strategas-herbertas-po-pralaimejimo-zalgiriui-svaidesi-zaibais-man-geda","status":"publish","type":"post","link":"https:\/\/www.europesays.com\/lt\/15143\/","title":{"rendered":"\u201eBayern\u201c strategas Herbertas po pralaim\u0117jimo \u201e\u017dalgiriui\u201c svaid\u0117si \u017eaibais: man g\u0117da"},"content":{"rendered":"\n<p>Savo ruo\u017etu kiti Europos \u010dempionate su Maodo Lo ir <a rel=\"noopener follow nofollow\" target=\"_blank\" href=\"https:\/\/www.delfi.lt\/krepsinis\/eurobasket-2025\/ispudingame-europos-cempionato-finale-triumfavo-vokietija-120148529\" data-rel-date-range=\"[]\">Vokietijos rinktine aukso medalius <\/a>nukal\u0119 krep\u0161ininkai Andreas Obstas, Justus Hollatzas, Oscaras Da Silva ir Leonas Kratzeris atrod\u0117 sugniu\u017edyti. \u201eBayern\u201c \u0161ioje dvikovoje netur\u0117jo joki\u0173 \u0161ans\u0173. Tai pripa\u017e\u012fsta ir Miuncheno ekipos treneris <a rel=\"noopener nofollow\" target=\"_blank\" href=\"https:\/\/www.delfi.lt\/temos\/gordonas-herbertas\" tag-id=\"54934841\">Gordonas Herbertas<\/a>.<\/p>\n<p>Su kauke d\u0117l ligos prie atsargini\u0173 \u017eaid\u0117j\u0173 suolo savo komandos veiksmus derin\u0119s strategas spaudos konferencijoje neveng\u0117 a\u0161tri\u0173 \u017eod\u017ei\u0173: \u201eMan asmeni\u0161kai g\u0117da d\u0117l tokio pasirodymo. Man g\u0117da, kaip mes \u0161iandien \u017eaid\u0117me krep\u0161in\u012f.<\/p>\n<p>Pralaim\u0117jim\u0105 G. Herbertas apib\u016bdina paprastai: \u201eViena komanda \u017eaid\u0117 kaip komanda, o kita visai ne\u017eaid\u0117. Vienintelis geras dalykas \u0161iose rungtyn\u0117se buvo supratimas, kad su tokiu \u017eaidimu Eurolygoje mes nelaim\u0117se n\u0117 vien\u0173 rungtyni\u0173\u201c. <\/p>\n<p>Anot jo, pirmiausiai reikia suvokti, kad reikia \u017eaisti komandi\u0161k\u0105 krep\u0161in\u012f. \u201eJei norime \u017eaisti po vien\u0105, tai neturime joki\u0173 galimybi\u0173\u201c, &#8211; pabr\u0117\u017e\u0117 \u201eBayern\u201c strategas. <\/p>\n<p>G. Herberto aukl\u0117tini\u0173 antradien\u012f namie laukia akistata su Milano \u201eEmporio Armani\u201c.<\/p>\n<p>\u201e\u017dalgiris\u201c antradien\u012f i\u0161vykoje susikaus su Belgrado \u201eCrvena Zvezda\u201c, o ketvirtadien\u012f namie priims Milano \u201eEmporio Armani\u201c.<\/p>\n","protected":false},"excerpt":{"rendered":"Savo ruo\u017etu kiti Europos \u010dempionate su Maodo Lo ir Vokietijos rinktine aukso medalius nukal\u0119 krep\u0161ininkai Andreas Obstas, Justus&hellip;\n","protected":false},"author":2,"featured_media":15144,"comment_status":"","ping_status":"","sticky":false,"template":"","format":"standard","meta":{"footnotes":""},"categories":[19],"tags":[5288,328,37,39,36,38,40,329,47,104],"class_list":{"0":"post-15143","1":"post","2":"type-post","3":"status-publish","4":"format-standard","5":"has-post-thumbnail","7":"category-sportas","8":"tag-gordonas-herbertas","9":"tag-kauno-zalgiris","10":"tag-lietuva","11":"tag-lietuviu","12":"tag-lithuania","13":"tag-lithuanian","14":"tag-lt","15":"tag-maodo-lo","16":"tag-sportas","17":"tag-sports"},"share_on_mastodon":{"url":"","error":""},"_links":{"self":[{"href":"https:\/\/www.europesays.com\/lt\/wp-json\/wp\/v2\/posts\/15143","targetHints":{"allow":["GET"]}}],"collection":[{"href":"https:\/\/www.europesays.com\/lt\/wp-json\/wp\/v2\/posts"}],"about":[{"href":"https:\/\/www.europesays.com\/lt\/wp-json\/wp\/v2\/types\/post"}],"author":[{"embeddable":true,"href":"https:\/\/www.europesays.com\/lt\/wp-json\/wp\/v2\/users\/2"}],"replies":[{"embeddable":true,"href":"https:\/\/www.europesays.com\/lt\/wp-json\/wp\/v2\/comments?post=15143"}],"version-history":[{"count":0,"href":"https:\/\/www.europesays.com\/lt\/wp-json\/wp\/v2\/posts\/15143\/revisions"}],"wp:featuredmedia":[{"embeddable":true,"href":"https:\/\/www.europesays.com\/lt\/wp-json\/wp\/v2\/media\/15144"}],"wp:attachment":[{"href":"https:\/\/www.europesays.com\/lt\/wp-json\/wp\/v2\/media?parent=15143"}],"wp:term":[{"taxonomy":"category","embeddable":true,"href":"https:\/\/www.europesays.com\/lt\/wp-json\/wp\/v2\/categories?post=15143"},{"taxonomy":"post_tag","embeddable":true,"href":"https:\/\/www.europesays.com\/lt\/wp-json\/wp\/v2\/tags?post=15143"}],"curies":[{"name":"wp","href":"https:\/\/api.w.org\/{rel}","templated":true}]}}