{"id":15163,"date":"2025-10-11T08:25:08","date_gmt":"2025-10-11T08:25:08","guid":{"rendered":"https:\/\/www.europesays.com\/lt\/15163\/"},"modified":"2025-10-11T08:25:08","modified_gmt":"2025-10-11T08:25:08","slug":"plinta-ukrainos-dainininkes-pasisakymas-apie-ala-pugaciova-dabar-ji-yra-toks-zmogus","status":"publish","type":"post","link":"https:\/\/www.europesays.com\/lt\/15163\/","title":{"rendered":"Plinta Ukrainos daininink\u0117s pasisakymas apie Al\u0105 Puga\u010diov\u0105: dabar ji yra toks \u017emogus"},"content":{"rendered":"<p>Garsi Ukrainos daininink\u0117 Marija Burmaka papasakojo, k\u0105 mano apie neseniai duot\u0105 Alos Puga\u010diovos interviu, kuriame ji vie\u0161ai pasmerk\u0117 Rusijos kar\u0105, prad\u0117t\u0105 Ukrainoje.<\/p>\n<p>Interviu leidiniui \u201eGordon\u201c Ukrainos atlik\u0117ja pa\u017eym\u0117jo, kad ma\u017eai seka Rusijos naujienas.<\/p>\n<p>\u201eJei kalbame s\u0105\u017einingai, \u0161iuo metu visi\u0161kai nesidomiu m\u016bs\u0173 kaimyn\u0173, m\u016bs\u0173 prie\u0161\u0173, informacine erdve. Ne\u017einau, kas ten dabar gali pretenduoti \u012f moralinio autoriteto titul\u0105. Anks\u010diau tai, be abejo, buvo Novodvorskaja, o v\u0117liau \u2013 Politkovskaja. Dabar tiesiog ne\u017einau\u201c, \u2013 sak\u0117 M. Burmaka.<\/p>\n<p>Marija parei\u0161k\u0117, kad Rusijoje turi atsirasti \u017emoni\u0173, \u012f kuri\u0173 nuomon\u0119 gal\u0117t\u0173 \u012fsiklausyti gyventojai. <\/p>\n<p>\u201eJei mes norime ir jei mums r\u016bpi, kad Rusija prad\u0117t\u0173 irti i\u0161 vidaus, \u0161alyje turi atsirasti \u017emoni\u0173, kuri\u0173 nuomon\u0117s b\u016bt\u0173 klausoma. Patinka mums tai ar ne, Ala Puga\u010diova dabar yra toks \u017emogus. <\/p>\n<p>Jos interviu nebuvo skirtas mums, ukrainie\u010diams, kad j\u012f aptartume. Tai buvo interviu tiems \u017emon\u0117ms, kurie galb\u016bt dabar gal\u0117t\u0173 sukilti ir ka\u017ek\u0105 pasakyti. Bet jie to nedaro\u201c, \u2013 prid\u016br\u0117daininink\u0117.<\/p>\n<p>Ji taip pat pabr\u0117\u017e\u0117, kad A. Puga\u010diova sugeb\u0117jo vie\u0161ai pareik\u0161ti, jog Rusijoje \u201ekaralius yra nuogas\u201c.<\/p>\n<p>\u201ePa\u017ei\u016br\u0117j\u0119 \u012f Puga\u010diov\u0105, rusai gali suprasti, kad ir jie gali tarti savo \u017eod\u012f. I\u0161 principo, daugelis dalyk\u0173 man kelia pykt\u012f, nes tai yra did\u017eiul\u0117 \u0161alis, kuri mus u\u017epuol\u0117, o ji p\u016bva i\u0161 vidaus. Manau, kad anks\u010diau ar v\u0117liau ten turi prasid\u0117ti labai svarb\u016bs procesai. Ta\u010diau, jei nebus \u017emoni\u0173, kurie i\u0161reik\u0161 savo nuomon\u0119, kurie nepasakys, kad karalius yra nuogas, \u0161ie procesai nevyks\u201c, \u2013 apibendrino M. Burmaka.<\/p>\n","protected":false},"excerpt":{"rendered":"Garsi Ukrainos daininink\u0117 Marija Burmaka papasakojo, k\u0105 mano apie neseniai duot\u0105 Alos Puga\u010diovos interviu, kuriame ji vie\u0161ai pasmerk\u0117&hellip;\n","protected":false},"author":2,"featured_media":15164,"comment_status":"","ping_status":"","sticky":false,"template":"","format":"standard","meta":{"footnotes":""},"categories":[21],"tags":[306,113,37,39,36,38,40,114],"class_list":{"0":"post-15163","1":"post","2":"type-post","3":"status-publish","4":"format-standard","5":"has-post-thumbnail","7":"category-pramogos","8":"tag-ala-pugaciova","9":"tag-entertainment","10":"tag-lietuva","11":"tag-lietuviu","12":"tag-lithuania","13":"tag-lithuanian","14":"tag-lt","15":"tag-pramogos"},"share_on_mastodon":{"url":"","error":""},"_links":{"self":[{"href":"https:\/\/www.europesays.com\/lt\/wp-json\/wp\/v2\/posts\/15163","targetHints":{"allow":["GET"]}}],"collection":[{"href":"https:\/\/www.europesays.com\/lt\/wp-json\/wp\/v2\/posts"}],"about":[{"href":"https:\/\/www.europesays.com\/lt\/wp-json\/wp\/v2\/types\/post"}],"author":[{"embeddable":true,"href":"https:\/\/www.europesays.com\/lt\/wp-json\/wp\/v2\/users\/2"}],"replies":[{"embeddable":true,"href":"https:\/\/www.europesays.com\/lt\/wp-json\/wp\/v2\/comments?post=15163"}],"version-history":[{"count":0,"href":"https:\/\/www.europesays.com\/lt\/wp-json\/wp\/v2\/posts\/15163\/revisions"}],"wp:featuredmedia":[{"embeddable":true,"href":"https:\/\/www.europesays.com\/lt\/wp-json\/wp\/v2\/media\/15164"}],"wp:attachment":[{"href":"https:\/\/www.europesays.com\/lt\/wp-json\/wp\/v2\/media?parent=15163"}],"wp:term":[{"taxonomy":"category","embeddable":true,"href":"https:\/\/www.europesays.com\/lt\/wp-json\/wp\/v2\/categories?post=15163"},{"taxonomy":"post_tag","embeddable":true,"href":"https:\/\/www.europesays.com\/lt\/wp-json\/wp\/v2\/tags?post=15163"}],"curies":[{"name":"wp","href":"https:\/\/api.w.org\/{rel}","templated":true}]}}