{"id":151657,"date":"2026-04-12T16:03:37","date_gmt":"2026-04-12T16:03:37","guid":{"rendered":"https:\/\/www.europesays.com\/lt\/151657\/"},"modified":"2026-04-12T16:03:37","modified_gmt":"2026-04-12T16:03:37","slug":"vienas-zmogus-isveztas-i-ligonine","status":"publish","type":"post","link":"https:\/\/www.europesays.com\/lt\/151657\/","title":{"rendered":"vienas \u017emogus i\u0161ve\u017etas \u012f ligonin\u0119"},"content":{"rendered":"<p>Sekmadien\u012f naujien\u0173 portalas \u201eKas vyksta Kaune\u201c sulauk\u0117 keletos prane\u0161im\u0173 apie itin smarki\u0105 avarij\u0105 Kaune.<\/p>\n<p>Su redacija susisiek\u0119 miestie\u010diai informavo, jog smarki <a href=\"https:\/\/kaunas.kasvyksta.lt\/avarija\" title=\"Avarija\" rel=\"nofollow noopener\" target=\"_blank\">avarija<\/a> \u012fvyko Palemono mikrorajone.<\/p>\n<p>\u201ePalemone stipri avarija, prava\u017eiuojama. 2 ekipa\u017eai medik\u0173 ir 1 policijos. Netoli gimnazijos\u201c, &#8211; \u201eKas vyksta Kaune\u201c grup\u0117je prane\u0161\u0117 skaitytojas.<\/p>\n<p>\u201ePalemone prie\u0161 valand\u0105 (avarija &#8211; aut. past.). Prie Mari\u0173 g. 16\u201c, &#8211; antrino ir kitas kaunietis.<\/p>\n<p><img decoding=\"async\" width=\"500\" height=\"280\" loading=\"lazy\" src=\"https:\/\/www.europesays.com\/lt\/wp-content\/uploads\/2026\/04\/avarija-palemone-skaitytoju-nuotr-69db8a56c7a40.png@webp.webp\" class=\"w-auto h-auto\" alt=\"Avarija Palemone \/ Skaitytoj\u0173 nuotr.\"\/><\/p>\n<p>Avarija Palemone \/ Skaitytoj\u0173 nuotr.<\/p>\n<p>Kaunie\u010di\u0173 pasidalintoje vaizdo med\u017eiagoje matomas \u012f med\u012f \u012fsir\u0117\u017e\u0119s \u201eTesla\u201c mark\u0117s automobilis, sukne\u017einta priekine dalimi.<\/p>\n<p>Kaip portalui komentavo budintis Kauno apskrities vyriausiojo policijos komisariato (Kauno apskr. VPK) pareig\u016bnas, eismo \u012fvykyje dalyvavo du automobiliai.<\/p>\n<p>\u201e13.38 val. susid\u016br\u0117 du automobiliai, \u201eTesla\u201c ir \u201eAudi\u201c, vienas asmuo i\u0161ve\u017etas \u012f priimam\u0105j\u012f\u201c, &#8211; informavo pareig\u016bnas.<\/p>\n<p>Pirminiais duomenimis, automobili\u0173 vairuotojai avarijos metu buvo blaiv\u016bs.<\/p>\n","protected":false},"excerpt":{"rendered":"Sekmadien\u012f naujien\u0173 portalas \u201eKas vyksta Kaune\u201c sulauk\u0117 keletos prane\u0161im\u0173 apie itin smarki\u0105 avarij\u0105 Kaune. Su redacija susisiek\u0119 miestie\u010diai&hellip;\n","protected":false},"author":2,"featured_media":151658,"comment_status":"","ping_status":"","sticky":false,"template":"","format":"standard","meta":{"footnotes":"","_share_on_mastodon":"0"},"categories":[13],"tags":[1301,25,155,30,31,563,34,35,24,1061,32,33,37,39,36,38,40,23,22,25538,28,29,26,27],"class_list":["post-151657","post","type-post","status-publish","format-standard","has-post-thumbnail","category-lietuva","tag-tesla","tag-antrastes","tag-avarija","tag-breaking-news","tag-breakingnews","tag-eismas","tag-featured-news","tag-featurednews","tag-headlines","tag-kaunas","tag-latest-news","tag-latestnews","tag-lietuva","tag-lietuviu","tag-lithuania","tag-lithuanian","tag-lt","tag-naujienos","tag-news","tag-palemonas","tag-populiariausios-naujienos","tag-populiariausiosnaujienos","tag-top-stories","tag-topstories"],"share_on_mastodon":{"url":"https:\/\/pubeurope.com\/@lt\/116392585106408217","error":""},"_links":{"self":[{"href":"https:\/\/www.europesays.com\/lt\/wp-json\/wp\/v2\/posts\/151657","targetHints":{"allow":["GET"]}}],"collection":[{"href":"https:\/\/www.europesays.com\/lt\/wp-json\/wp\/v2\/posts"}],"about":[{"href":"https:\/\/www.europesays.com\/lt\/wp-json\/wp\/v2\/types\/post"}],"author":[{"embeddable":true,"href":"https:\/\/www.europesays.com\/lt\/wp-json\/wp\/v2\/users\/2"}],"replies":[{"embeddable":true,"href":"https:\/\/www.europesays.com\/lt\/wp-json\/wp\/v2\/comments?post=151657"}],"version-history":[{"count":0,"href":"https:\/\/www.europesays.com\/lt\/wp-json\/wp\/v2\/posts\/151657\/revisions"}],"wp:featuredmedia":[{"embeddable":true,"href":"https:\/\/www.europesays.com\/lt\/wp-json\/wp\/v2\/media\/151658"}],"wp:attachment":[{"href":"https:\/\/www.europesays.com\/lt\/wp-json\/wp\/v2\/media?parent=151657"}],"wp:term":[{"taxonomy":"category","embeddable":true,"href":"https:\/\/www.europesays.com\/lt\/wp-json\/wp\/v2\/categories?post=151657"},{"taxonomy":"post_tag","embeddable":true,"href":"https:\/\/www.europesays.com\/lt\/wp-json\/wp\/v2\/tags?post=151657"}],"curies":[{"name":"wp","href":"https:\/\/api.w.org\/{rel}","templated":true}]}}