{"id":15194,"date":"2025-10-11T09:30:07","date_gmt":"2025-10-11T09:30:07","guid":{"rendered":"https:\/\/www.europesays.com\/lt\/15194\/"},"modified":"2025-10-11T09:30:07","modified_gmt":"2025-10-11T09:30:07","slug":"blinkeviciute-mato-galimybe-toliau-dirbti-su-ausrieciais-yra-budu-suvaldyti-zemaitaiti","status":"publish","type":"post","link":"https:\/\/www.europesays.com\/lt\/15194\/","title":{"rendered":"Blinkevi\u010di\u016bt\u0117 mato galimyb\u0119 toliau dirbti su \u201eau\u0161rie\u010diais\u201c: yra b\u016bd\u0173 suvaldyti \u017demaitait\u012f"},"content":{"rendered":"<p>\u201eRemigijus yra sud\u0117tingos charakterio, ta\u010diau galima surasti b\u016bd\u0173 ir j\u012f suvaldyti. Mes tai atrasime\u201c, \u2013 \u017eurnalistams \u0161e\u0161tadien\u012f sak\u0117 V. Blinkevi\u010di\u016bt\u0117.\u00a0<\/p>\n<p>Nepaisant penktadien\u012f i\u0161sakytos grie\u017etos prezidento Gitano Naus\u0117dos kritikos R. \u017demaitai\u010diui ir \u201eNemuno au\u0161rai\u201c, V. Blinkevi\u010di\u016bt\u0117 tikina, kad reikia ie\u0161koti kompromis\u0173.\u00a0<\/p>\n<p>\u201eSvarbiausia, kad b\u016bt\u0173 priimti sprendimai\u201c, \u2013 teig\u0117 ji.\u00a0<\/p>\n<p>\u201ePartneriai visada b\u016bna \u012fvair\u016bs. Per savo ilgalaik\u0119 praktik\u0105 \u012fvairi\u0173 partneri\u0173 tur\u0117jome. Nieko nepadarysi, lengva niekada nebuvo ir nebus. Ie\u0161koti bendr\u0173 sprendim\u0173, rasti kompromisus yra m\u016bs\u0173 atsakomyb\u0117.\u00a0 Socialdemokratai gali tai padaryti ir padarys\u201c, \u2013 teig\u0117 politik\u0117.\u00a0<\/p>\n<p>Nerimstant \u012ftampoms valdan\u010diosios daugumos gretose, \u0161e\u0161tadien\u012f Lietuvos socialdemokrat\u0173 partijos (LSDP) taryba diskutuoja d\u0117l koalicijos ateities.<\/p>\n<p>Kult\u016bros bendruomen\u0117s besipiktinant d\u0117l \u201eNemuno au\u0161rai\u201c atiduotos Kult\u016bros ministerijos, socialdemokrat\u0173 partijos lyderis M. Sinkevi\u010dius \u0161i\u0105 savait\u0119 u\u017esimin\u0117, kad gali tekti persvarstyti valdan\u010diosios koalicijos sud\u0117t\u012f. LSDP lyderis teig\u0117, kad taryboje kolegoms pristatys galimas alternatyvas, kaip spr\u0119sti susiklos\u010diusi\u0105 situacij\u0105 \u2013 pasak jo, galimi ir nuosaik\u016bs, ir drasti\u0161ki sprendimai.\u00a0<\/p>\n<p>Savo ruo\u017etu premjer\u0117 Inga Ruginien\u0117 ketvirtadien\u012f \u017eurnalistams teig\u0117, kad tolimesnis darbas valdan\u010diojoje daugumoje priklausys nuo kiekvieno i\u0161 trij\u0173 koalicijos partneri\u0173 apsisprendimo.\u00a0<\/p>\n<p>Tuo metu prezidentas Gitanas Naus\u0117da penktadien\u012f kreip\u0117si \u012f valdan\u010diosios koalicijos lyderius ir paragino atsakingai \u012fvertinti situacij\u0105, kurioje atsid\u016br\u0117\u00a0valstyb\u0117.<\/p>\n","protected":false},"excerpt":{"rendered":"\u201eRemigijus yra sud\u0117tingos charakterio, ta\u010diau galima surasti b\u016bd\u0173 ir j\u012f suvaldyti. Mes tai atrasime\u201c, \u2013 \u017eurnalistams \u0161e\u0161tadien\u012f sak\u0117&hellip;\n","protected":false},"author":2,"featured_media":15195,"comment_status":"","ping_status":"","sticky":false,"template":"","format":"standard","meta":{"footnotes":""},"categories":[6],"tags":[25,30,31,34,35,24,32,33,37,39,36,38,40,23,22,28,29,68,26,27,5315],"class_list":{"0":"post-15194","1":"post","2":"type-post","3":"status-publish","4":"format-standard","5":"has-post-thumbnail","7":"category-antrastes","8":"tag-antrastes","9":"tag-breaking-news","10":"tag-breakingnews","11":"tag-featured-news","12":"tag-featurednews","13":"tag-headlines","14":"tag-latest-news","15":"tag-latestnews","16":"tag-lietuva","17":"tag-lietuviu","18":"tag-lithuania","19":"tag-lithuanian","20":"tag-lt","21":"tag-naujienos","22":"tag-news","23":"tag-populiariausios-naujienos","24":"tag-populiariausiosnaujienos","25":"tag-remigijus-zemaitaitis","26":"tag-top-stories","27":"tag-topstories","28":"tag-vilija-blinkeviciute"},"share_on_mastodon":{"url":"","error":""},"_links":{"self":[{"href":"https:\/\/www.europesays.com\/lt\/wp-json\/wp\/v2\/posts\/15194","targetHints":{"allow":["GET"]}}],"collection":[{"href":"https:\/\/www.europesays.com\/lt\/wp-json\/wp\/v2\/posts"}],"about":[{"href":"https:\/\/www.europesays.com\/lt\/wp-json\/wp\/v2\/types\/post"}],"author":[{"embeddable":true,"href":"https:\/\/www.europesays.com\/lt\/wp-json\/wp\/v2\/users\/2"}],"replies":[{"embeddable":true,"href":"https:\/\/www.europesays.com\/lt\/wp-json\/wp\/v2\/comments?post=15194"}],"version-history":[{"count":0,"href":"https:\/\/www.europesays.com\/lt\/wp-json\/wp\/v2\/posts\/15194\/revisions"}],"wp:featuredmedia":[{"embeddable":true,"href":"https:\/\/www.europesays.com\/lt\/wp-json\/wp\/v2\/media\/15195"}],"wp:attachment":[{"href":"https:\/\/www.europesays.com\/lt\/wp-json\/wp\/v2\/media?parent=15194"}],"wp:term":[{"taxonomy":"category","embeddable":true,"href":"https:\/\/www.europesays.com\/lt\/wp-json\/wp\/v2\/categories?post=15194"},{"taxonomy":"post_tag","embeddable":true,"href":"https:\/\/www.europesays.com\/lt\/wp-json\/wp\/v2\/tags?post=15194"}],"curies":[{"name":"wp","href":"https:\/\/api.w.org\/{rel}","templated":true}]}}