{"id":15207,"date":"2025-10-11T09:53:08","date_gmt":"2025-10-11T09:53:08","guid":{"rendered":"https:\/\/www.europesays.com\/lt\/15207\/"},"modified":"2025-10-11T09:53:08","modified_gmt":"2025-10-11T09:53:08","slug":"kita-savaite-ruginiene-prades-konsultacijas-del-kulturos-ministro-mano-kad-tinkamiausia-butu-aleknaviciene","status":"publish","type":"post","link":"https:\/\/www.europesays.com\/lt\/15207\/","title":{"rendered":"Kit\u0105 savait\u0119 Ruginien\u0117 prad\u0117s konsultacijas d\u0117l kult\u016bros ministro: mano, kad tinkamiausia b\u016bt\u0173 Aleknavi\u010dien\u0117"},"content":{"rendered":"\n<p>\u201eA\u0161 vis dar tikiu, kad geriausia ministr\u0117 b\u016bt\u0173 Vaida (Aleknavi\u010dien\u0117 \u2013 ELTA). (&#8230;) Jos i\u0161laikytas charakteris tikrai tai, ko \u0161iai dienai reikia kult\u016brai\u201c, \u2013 pa\u017eym\u0117jo ji.<\/p>\n<p>Parlamentar\u0117 V. Aleknavi\u010dien\u0117 buvo paskirta kult\u016bros ministre I. Ruginien\u0117s Vyriausyb\u0117je, ta\u010diau socialdemokratams ir \u201eau\u0161rie\u010diams\u201c sutarus d\u0117l ministerij\u0173 main\u0173, politik\u0117 pasitrauk\u0117 i\u0161 posto.<\/p>\n<p>I. Ruginien\u0117 taip pat nurod\u0117, kad naujajam Kult\u016bros ministerijos vadovui pad\u0117s formuoti politin\u0119 komand\u0105.<\/p>\n<p>\u201eA\u0161 atidarysiu konsultacijas ir mes, socialdemokratai, rasime geriausi\u0105 ministr\u0105 \u012f Kult\u016bros ministerij\u0105. A\u0161, kaip premjer\u0117, pad\u0117siu naujam ministrui suformuoti savo komand\u0105. Ir a\u0161 manau, kad tai yra tas \u017eingsnis, kur\u012f \u0161iandien turime padaryti\u201c, \u2013 akcentavo ministr\u0117 pirminink\u0117.<\/p>\n<p>ELTA primena, kad socialdemokratams ir \u201eau\u0161rie\u010diams\u201c sutarus d\u0117l Energetikos ir Kult\u016bros ministerij\u0173 main\u0173, kult\u016bros bendruomen\u0117s gretose kilo pasipiktinimas. Menininkai reikalauja, kad Remigijaus \u017demaitai\u010dio vedama \u201eNemuno au\u0161ra\u201c b\u016bt\u0173 atribota nuo Kult\u016bros ministerijos.<\/p>\n<p>Kult\u016bros bendruomen\u0117 neatsitraukia nuo savo reikalavim\u0173 nepaisant to, kad pra\u0117jusi\u0105 savait\u0119 i\u0161 kult\u016bros ministro pareig\u0173 atsistatydino kritikos sulauk\u0119s \u201eau\u0161rietis\u201c Ignotas Adomavi\u010dius. Kult\u016bros asambl\u0117jos atstovai pabr\u0117\u017eia, kad tai neatliepia pagrindinio j\u0173 keliamo reikalavimo \u2013 atriboti Kult\u016bros ministerij\u0105 nuo \u201eNemuno au\u0161ros\u201c.<\/p>\n","protected":false},"excerpt":{"rendered":"\u201eA\u0161 vis dar tikiu, kad geriausia ministr\u0117 b\u016bt\u0173 Vaida (Aleknavi\u010dien\u0117 \u2013 ELTA). (&#8230;) Jos i\u0161laikytas charakteris tikrai tai,&hellip;\n","protected":false},"author":2,"featured_media":15208,"comment_status":"","ping_status":"","sticky":false,"template":"","format":"standard","meta":{"footnotes":""},"categories":[13],"tags":[25,30,31,34,35,24,71,32,33,37,39,757,36,38,40,23,22,28,29,26,27,339],"class_list":{"0":"post-15207","1":"post","2":"type-post","3":"status-publish","4":"format-standard","5":"has-post-thumbnail","7":"category-lietuva","8":"tag-antrastes","9":"tag-breaking-news","10":"tag-breakingnews","11":"tag-featured-news","12":"tag-featurednews","13":"tag-headlines","14":"tag-inga-ruginiene","15":"tag-latest-news","16":"tag-latestnews","17":"tag-lietuva","18":"tag-lietuviu","19":"tag-lietuvos-socialdemokratu-partija","20":"tag-lithuania","21":"tag-lithuanian","22":"tag-lt","23":"tag-naujienos","24":"tag-news","25":"tag-populiariausios-naujienos","26":"tag-populiariausiosnaujienos","27":"tag-top-stories","28":"tag-topstories","29":"tag-vaida-aleknaviciene"},"share_on_mastodon":{"url":"","error":""},"_links":{"self":[{"href":"https:\/\/www.europesays.com\/lt\/wp-json\/wp\/v2\/posts\/15207","targetHints":{"allow":["GET"]}}],"collection":[{"href":"https:\/\/www.europesays.com\/lt\/wp-json\/wp\/v2\/posts"}],"about":[{"href":"https:\/\/www.europesays.com\/lt\/wp-json\/wp\/v2\/types\/post"}],"author":[{"embeddable":true,"href":"https:\/\/www.europesays.com\/lt\/wp-json\/wp\/v2\/users\/2"}],"replies":[{"embeddable":true,"href":"https:\/\/www.europesays.com\/lt\/wp-json\/wp\/v2\/comments?post=15207"}],"version-history":[{"count":0,"href":"https:\/\/www.europesays.com\/lt\/wp-json\/wp\/v2\/posts\/15207\/revisions"}],"wp:featuredmedia":[{"embeddable":true,"href":"https:\/\/www.europesays.com\/lt\/wp-json\/wp\/v2\/media\/15208"}],"wp:attachment":[{"href":"https:\/\/www.europesays.com\/lt\/wp-json\/wp\/v2\/media?parent=15207"}],"wp:term":[{"taxonomy":"category","embeddable":true,"href":"https:\/\/www.europesays.com\/lt\/wp-json\/wp\/v2\/categories?post=15207"},{"taxonomy":"post_tag","embeddable":true,"href":"https:\/\/www.europesays.com\/lt\/wp-json\/wp\/v2\/tags?post=15207"}],"curies":[{"name":"wp","href":"https:\/\/api.w.org\/{rel}","templated":true}]}}