{"id":15235,"date":"2025-10-11T10:16:08","date_gmt":"2025-10-11T10:16:08","guid":{"rendered":"https:\/\/www.europesays.com\/lt\/15235\/"},"modified":"2025-10-11T10:16:08","modified_gmt":"2025-10-11T10:16:08","slug":"aurimui-valujaviciui-atlikta-svarbi-operacija-nesekite-mano-pavyzdziu-tikrinkites-sveikata","status":"publish","type":"post","link":"https:\/\/www.europesays.com\/lt\/15235\/","title":{"rendered":"Aurimui Valujavi\u010diui atlikta svarbi operacija: nesekite mano pavyzd\u017eiu, tikrinkit\u0117s sveikat\u0105"},"content":{"rendered":"<p>Apie \u0161\u012f gyvenimo \u012fvyk\u012f  \u017einomas keliautojas pasidalijo socialiniuose tinkluose. Jis atskleid\u0117, kad operacijos metu jam i\u0161 nugaros buvo pa\u0161alintas pavojingas darinys.<\/p>\n<p>Aurimas taip pat prid\u0117jo ir nuotrauk\u0173, u\u017efiksuot\u0173 po operacijos.<\/p>\n<p>\u201eSeniai d\u0117jau post\u0105. Tai va.<\/p>\n<p>Tur\u0117jau toki\u0105 vot\u012f \u2013 vidin\u0119 cist\u0105 \u2013 apie ketverius metus, vis neprisiruo\u0161iau operacijai. \u0160is spuogas perplauk\u0117 Atlant\u0105, buvo Everesto vir\u0161\u016bn\u0117je, Akonkagvoje, Ojos del Salado ir, turb\u016bt, apkeliavo Indonezij\u0105. \u017dod\u017eiu, bi\u0161k\u012f pasaulio mat\u0117 \u2013 gal net per daug.<\/p>\n<p>Operacija ilgai netruko, dabar turiu 4 cm pj\u016bv\u012f su \u0161e\u0161iomis si\u016bl\u0117mis \u2013 ir tiek. Tuoj u\u017egis. Nesekite mano pavyzd\u017eiu, tikrinkit\u0117s sveikat\u0105 da\u017eniau ir pri\u017ei\u016br\u0117kite save. Peace.<\/p>\n<p>P. S. Sak\u0117, dar gyvensiu\u201c, \u2013 ra\u0161\u0117 A. Valujavi\u010dius.<\/p>\n","protected":false},"excerpt":{"rendered":"Apie \u0161\u012f gyvenimo \u012fvyk\u012f \u017einomas keliautojas pasidalijo socialiniuose tinkluose. Jis atskleid\u0117, kad operacijos metu jam i\u0161 nugaros buvo&hellip;\n","protected":false},"author":2,"featured_media":15236,"comment_status":"","ping_status":"","sticky":false,"template":"","format":"standard","meta":{"footnotes":""},"categories":[15],"tags":[25,5319,30,31,34,35,24,32,33,37,39,36,38,40,23,22,1016,44,28,29,26,27,74,75,76],"class_list":{"0":"post-15235","1":"post","2":"type-post","3":"status-publish","4":"format-standard","5":"has-post-thumbnail","7":"category-pasaulis","8":"tag-antrastes","9":"tag-aurimas-valujavicius","10":"tag-breaking-news","11":"tag-breakingnews","12":"tag-featured-news","13":"tag-featurednews","14":"tag-headlines","15":"tag-latest-news","16":"tag-latestnews","17":"tag-lietuva","18":"tag-lietuviu","19":"tag-lithuania","20":"tag-lithuanian","21":"tag-lt","22":"tag-naujienos","23":"tag-news","24":"tag-operacija","25":"tag-pasaulis","26":"tag-populiariausios-naujienos","27":"tag-populiariausiosnaujienos","28":"tag-top-stories","29":"tag-topstories","30":"tag-world","31":"tag-world-news","32":"tag-worldnews"},"share_on_mastodon":{"url":"","error":""},"_links":{"self":[{"href":"https:\/\/www.europesays.com\/lt\/wp-json\/wp\/v2\/posts\/15235","targetHints":{"allow":["GET"]}}],"collection":[{"href":"https:\/\/www.europesays.com\/lt\/wp-json\/wp\/v2\/posts"}],"about":[{"href":"https:\/\/www.europesays.com\/lt\/wp-json\/wp\/v2\/types\/post"}],"author":[{"embeddable":true,"href":"https:\/\/www.europesays.com\/lt\/wp-json\/wp\/v2\/users\/2"}],"replies":[{"embeddable":true,"href":"https:\/\/www.europesays.com\/lt\/wp-json\/wp\/v2\/comments?post=15235"}],"version-history":[{"count":0,"href":"https:\/\/www.europesays.com\/lt\/wp-json\/wp\/v2\/posts\/15235\/revisions"}],"wp:featuredmedia":[{"embeddable":true,"href":"https:\/\/www.europesays.com\/lt\/wp-json\/wp\/v2\/media\/15236"}],"wp:attachment":[{"href":"https:\/\/www.europesays.com\/lt\/wp-json\/wp\/v2\/media?parent=15235"}],"wp:term":[{"taxonomy":"category","embeddable":true,"href":"https:\/\/www.europesays.com\/lt\/wp-json\/wp\/v2\/categories?post=15235"},{"taxonomy":"post_tag","embeddable":true,"href":"https:\/\/www.europesays.com\/lt\/wp-json\/wp\/v2\/tags?post=15235"}],"curies":[{"name":"wp","href":"https:\/\/api.w.org\/{rel}","templated":true}]}}