{"id":15251,"date":"2025-10-11T10:38:08","date_gmt":"2025-10-11T10:38:08","guid":{"rendered":"https:\/\/www.europesays.com\/lt\/15251\/"},"modified":"2025-10-11T10:38:08","modified_gmt":"2025-10-11T10:38:08","slug":"po-tragedijos-michaelis-schumacheris-su-kai-kuo-bendrauja-tik-ne-kalbedamas-o-visai-kitaip-delfi","status":"publish","type":"post","link":"https:\/\/www.europesays.com\/lt\/15251\/","title":{"rendered":"Po tragedijos Michaelis Schumacheris su kai kuo bendrauja, tik ne kalb\u0117damas, o visai kitaip &#8211; Delfi"},"content":{"rendered":"<ol>\n<li><a href=\"https:\/\/news.google.com\/rss\/articles\/CBMi4AFBVV95cUxPT0dJcEhNRVRLSVJPeTBCdWx4d2xDejJxTDE1YmNOY0FrcDc0TDhSNTI0WFV6ak1SZjJPalFvRzF1a25VbXdLcWpsR2xzZ3pKUm82MHRqdm9WR1huWlRVTER5VkpMeXpETVpMWFo3NTdwNk1maDA5bHJNMVBXVXdvWlRNbUczcnFzajZQNExCTGxmVmpKVXhUcmRXdW1DcWMtWm91Q0FWZExOQVFpcWhGZS02RFlQaVN4NG1wNnlEZksxRnBqajhUeG9OSFVZNlpWb1JiSE1qTkg4d3VGRFdKSg?oc=5\" target=\"_blank\" rel=\"nofollow noopener\">Po tragedijos Michaelis Schumacheris su kai kuo bendrauja, tik ne kalb\u0117damas, o visai kitaip<\/a>&nbsp;&nbsp;Delfi<\/li>\n<li><a href=\"https:\/\/news.google.com\/rss\/articles\/CBMiqgFBVV95cUxQSkphdkwyVDhHVVZjTlI2OTBhdElrQ3BzeHBodjM4eTZuSDFBVTNzXzY2a2wwWk14VXQyQzhMMVNhSGdEdDBVVVI0MXI4R1A3Q1AxV3NxaUhqV3FoWUFHNjVzVHZUajVKcGxqdUlGV3o0aTBGcXJfRlNFaldxY1hBeUNiVm9pU1FHMjlWWHZqa2dZVVFNanVSeVdSVlJCMXZxNlNoY2w5Wkp1UQ?oc=5\" target=\"_blank\" rel=\"nofollow noopener\">Pasirod\u0117 naujausia \u017einia apie lenktynininko Schumacherio b\u016bkl\u0119<\/a>&nbsp;&nbsp;tv3.lt<\/li>\n<li><a href=\"https:\/\/news.google.com\/rss\/articles\/CBMiekFVX3lxTE5fTnhXeXNPX054ejUzdi04Wlhfek1XRHgzMGdJNDJRVjc2bDJGbVdHRVdBSlI4Ni1oSTF2RFZsLXM1ZjJJT19ZTlp0cWdKNjF4STdpSHlGVVBRT280SHpOUTZaX1lXUlQtcTlBdmhWanpNeTM5YWNCcm9R?oc=5\" target=\"_blank\" rel=\"nofollow noopener\">K\u0105 \u017einome apie M. Schumacherio gyvenim\u0105 dabar?<\/a>&nbsp;&nbsp;F-1.LT<\/li>\n<li><a href=\"https:\/\/news.google.com\/rss\/articles\/CBMizgFBVV95cUxNTVVFOE8wOGlqcDY4d1RQdWkyd0NTUl95M2hfWms5ZVBSV1ZQcWdjVjE0blZkSERnNG9Wdk9ES1o5ZGRPak8yRG55Z1A5R3IzTHFRUkktRFoyQk8tcWQtalF4bGZjeTZMNy1Oc2g4UFlqX1luRnJPTFJHQXVMdS00Vk9FRUU4S3hVVTc5dFlBb1dKUUZXeXdnVnJwSkhLdlV1NEpQWjhySmV5OHhnY1dvdDRCTEpQa0VseW5GanFkdWw3bFNVR0tSbFZTRE9MZw?oc=5\" target=\"_blank\" rel=\"nofollow noopener\">Pasklido naujausia \u017einia apie Michael\u012f Schumacher\u012f: \u0161tai kaip bendrauja su artimaisiais<\/a>&nbsp;&nbsp;tv3.lt<\/li>\n<\/ol>\n","protected":false},"excerpt":{"rendered":"Po tragedijos Michaelis Schumacheris su kai kuo bendrauja, tik ne kalb\u0117damas, o visai kitaip&nbsp;&nbsp;Delfi Pasirod\u0117 naujausia \u017einia apie&hellip;\n","protected":false},"author":2,"featured_media":15252,"comment_status":"","ping_status":"","sticky":false,"template":"","format":"standard","meta":{"footnotes":""},"categories":[19],"tags":[5322,37,39,36,38,40,5321,47,104],"class_list":{"0":"post-15251","1":"post","2":"type-post","3":"status-publish","4":"format-standard","5":"has-post-thumbnail","7":"category-sportas","8":"tag-corinna-schumacher","9":"tag-lietuva","10":"tag-lietuviu","11":"tag-lithuania","12":"tag-lithuanian","13":"tag-lt","14":"tag-michaelis-schumacheris","15":"tag-sportas","16":"tag-sports"},"share_on_mastodon":{"url":"","error":""},"_links":{"self":[{"href":"https:\/\/www.europesays.com\/lt\/wp-json\/wp\/v2\/posts\/15251","targetHints":{"allow":["GET"]}}],"collection":[{"href":"https:\/\/www.europesays.com\/lt\/wp-json\/wp\/v2\/posts"}],"about":[{"href":"https:\/\/www.europesays.com\/lt\/wp-json\/wp\/v2\/types\/post"}],"author":[{"embeddable":true,"href":"https:\/\/www.europesays.com\/lt\/wp-json\/wp\/v2\/users\/2"}],"replies":[{"embeddable":true,"href":"https:\/\/www.europesays.com\/lt\/wp-json\/wp\/v2\/comments?post=15251"}],"version-history":[{"count":0,"href":"https:\/\/www.europesays.com\/lt\/wp-json\/wp\/v2\/posts\/15251\/revisions"}],"wp:featuredmedia":[{"embeddable":true,"href":"https:\/\/www.europesays.com\/lt\/wp-json\/wp\/v2\/media\/15252"}],"wp:attachment":[{"href":"https:\/\/www.europesays.com\/lt\/wp-json\/wp\/v2\/media?parent=15251"}],"wp:term":[{"taxonomy":"category","embeddable":true,"href":"https:\/\/www.europesays.com\/lt\/wp-json\/wp\/v2\/categories?post=15251"},{"taxonomy":"post_tag","embeddable":true,"href":"https:\/\/www.europesays.com\/lt\/wp-json\/wp\/v2\/tags?post=15251"}],"curies":[{"name":"wp","href":"https:\/\/api.w.org\/{rel}","templated":true}]}}