{"id":15257,"date":"2025-10-11T10:46:08","date_gmt":"2025-10-11T10:46:08","guid":{"rendered":"https:\/\/www.europesays.com\/lt\/15257\/"},"modified":"2025-10-11T10:46:08","modified_gmt":"2025-10-11T10:46:08","slug":"isw-paaiskino-ar-sumu-srityje-rusams-padeda-siaures-korejos-kariai","status":"publish","type":"post","link":"https:\/\/www.europesays.com\/lt\/15257\/","title":{"rendered":"ISW paai\u0161kino, ar Sum\u0173 srityje rusams padeda \u0160iaur\u0117s Kor\u0117jos kariai"},"content":{"rendered":"<p>Pa\u017eymima, kad <a rel=\"noopener nofollow\" target=\"_blank\" href=\"https:\/\/www.delfi.lt\/temos\/rusija\" tag-id=\"40342315\">Rusijos<\/a> karo tinklara\u0161tininkas, susij\u0119s su \u0160iaurine kariuomen\u0117s grupe, spalio 9 d. prane\u0161\u0117, kad \u0160iaur\u0117s Kor\u0117jos kariai nepadeda rusams kariauti Sum\u0173 srityje, ta\u010diau vykdo i\u0161minavimo ir kovos su bepilo\u010diais operacijas Kursko srityje.<\/p>\n<p class=\"MsoNormal\">Be to, jis ra\u0161\u0117, kad Rusijos ginkluotosios paj\u0117gos mok\u0117 \u0160iaur\u0117s Kor\u0117jos kareivius rengti operacijas naudojant bepilo\u010dius. Taip pat tinklara\u0161tininkas nurod\u0117, kad kartais \u012fvyksta nesusipratim\u0173 \u2013 blokpostuose dislokuoti kor\u0117jie\u010diai \u201eblokuoja rus\u0173 artilerijos ir karin\u0117s technikos jud\u0117jim\u0105\u201c.<\/p>\n<p class=\"MsoNormal\">Kaip skelbia ISW, Rusijos tinklara\u0161tininkas pasiskund\u0117, kad Rusijos ligonin\u0117se, kur gydomi su\u017eeisti \u0160iaur\u0117s Kor\u0117jos kariai, jiems, skirtingai nei rusams, leid\u017eiama naudotis mobiliaisiais telefonais. Taip pat kor\u0117jie\u010dius maitina geriau nei rusus.<\/p>\n<p class=\"MsoNormal\">Anot tinklara\u0161tininko, naujasis 22-ojo motorizuot\u0173j\u0173 \u0161auli\u0173 pulko, dislokuoto Sum\u0173 srities \u0161iaur\u0117je, vadas u\u017edraud\u0117 artileristams i\u0161eiti atostog\u0173, nors daugelis kari\u0173 jau daugiau nei metus kariauja be poilsio ir yra i\u0161varg\u0119.<\/p>\n<p class=\"MsoNormal\">\u201eKaro tinklara\u0161tininkas tvirtino, kad Rusijos kariuomen\u0117s vadai taip pat neleid\u017eia i\u0161eiti atostog\u0173 30-ojo motorizuot\u0173j\u0173 \u0161auli\u0173 pulko artileristams, jeigu jie neduoda ky\u0161io \u2013 150 t\u016bkst. rubli\u0173 (apie 1 600 eur\u0173) u\u017e savait\u0119 poilsio\u201c, \u2013 ra\u0161oma ISW ataskaitoje.<\/p>\n<p class=\"MsoNormal\">Remiantis tinklara\u0161tininko \u017einut\u0117mis, Rusijos kariuomen\u0117s vadai planuoja nei\u0161leisti kari\u0173 atostog\u0173 tol, kol bus u\u017eimti Sumai.<\/p>\n<p class=\"MsoNormal\">ISW analitikai prid\u016br\u0117, kad spalio 10 d. Rusijos ginkluotosios paj\u0117gos t\u0119s\u0117 puolim\u0105 Sum\u0173 srities \u0161iaurin\u0117je dalyje, ta\u010diau patvirtintos pa\u017eangos nepadar\u0117.<\/p>\n","protected":false},"excerpt":{"rendered":"Pa\u017eymima, kad Rusijos karo tinklara\u0161tininkas, susij\u0119s su \u0160iaurine kariuomen\u0117s grupe, spalio 9 d. prane\u0161\u0117, kad \u0160iaur\u0117s Kor\u0117jos kariai&hellip;\n","protected":false},"author":2,"featured_media":15258,"comment_status":"","ping_status":"","sticky":false,"template":"","format":"standard","meta":{"footnotes":""},"categories":[15],"tags":[25,30,31,34,35,24,121,32,33,37,39,36,38,40,23,22,44,28,29,119,528,26,27,74,75,76],"class_list":{"0":"post-15257","1":"post","2":"type-post","3":"status-publish","4":"format-standard","5":"has-post-thumbnail","7":"category-pasaulis","8":"tag-antrastes","9":"tag-breaking-news","10":"tag-breakingnews","11":"tag-featured-news","12":"tag-featurednews","13":"tag-headlines","14":"tag-karas-ukrainoje","15":"tag-latest-news","16":"tag-latestnews","17":"tag-lietuva","18":"tag-lietuviu","19":"tag-lithuania","20":"tag-lithuanian","21":"tag-lt","22":"tag-naujienos","23":"tag-news","24":"tag-pasaulis","25":"tag-populiariausios-naujienos","26":"tag-populiariausiosnaujienos","27":"tag-rusija","28":"tag-siaures-koreja","29":"tag-top-stories","30":"tag-topstories","31":"tag-world","32":"tag-world-news","33":"tag-worldnews"},"share_on_mastodon":{"url":"","error":""},"_links":{"self":[{"href":"https:\/\/www.europesays.com\/lt\/wp-json\/wp\/v2\/posts\/15257","targetHints":{"allow":["GET"]}}],"collection":[{"href":"https:\/\/www.europesays.com\/lt\/wp-json\/wp\/v2\/posts"}],"about":[{"href":"https:\/\/www.europesays.com\/lt\/wp-json\/wp\/v2\/types\/post"}],"author":[{"embeddable":true,"href":"https:\/\/www.europesays.com\/lt\/wp-json\/wp\/v2\/users\/2"}],"replies":[{"embeddable":true,"href":"https:\/\/www.europesays.com\/lt\/wp-json\/wp\/v2\/comments?post=15257"}],"version-history":[{"count":0,"href":"https:\/\/www.europesays.com\/lt\/wp-json\/wp\/v2\/posts\/15257\/revisions"}],"wp:featuredmedia":[{"embeddable":true,"href":"https:\/\/www.europesays.com\/lt\/wp-json\/wp\/v2\/media\/15258"}],"wp:attachment":[{"href":"https:\/\/www.europesays.com\/lt\/wp-json\/wp\/v2\/media?parent=15257"}],"wp:term":[{"taxonomy":"category","embeddable":true,"href":"https:\/\/www.europesays.com\/lt\/wp-json\/wp\/v2\/categories?post=15257"},{"taxonomy":"post_tag","embeddable":true,"href":"https:\/\/www.europesays.com\/lt\/wp-json\/wp\/v2\/tags?post=15257"}],"curies":[{"name":"wp","href":"https:\/\/api.w.org\/{rel}","templated":true}]}}