{"id":152636,"date":"2026-04-13T20:50:11","date_gmt":"2026-04-13T20:50:11","guid":{"rendered":"https:\/\/www.europesays.com\/lt\/152636\/"},"modified":"2026-04-13T20:50:11","modified_gmt":"2026-04-13T20:50:11","slug":"pranesama-kada-bus-baigtas-sildymo-sezonas-vilniuje","status":"publish","type":"post","link":"https:\/\/www.europesays.com\/lt\/152636\/","title":{"rendered":"Prane\u0161ama, kada bus baigtas \u0161ildymo sezonas Vilniuje"},"content":{"rendered":"<p>Prognozuojama, kad\u00a0\u0161ildymo sezonas <a style=\"font-weight:bold;\" href=\"https:\/\/madeinvilnius.lt\/tema\/vilniaus-miesto-savivaldybe\/\" target=\"_blank\" rel=\"nofollow noopener\">Vilniaus miesto savivaldyb\u0117je<\/a> gali b\u016bti baigiamas jau kit\u0105 pirmadien\u012f.\u00a0<\/p>\n<p>\u201ePagal ilgalaik\u0119 or\u0173 prognoz\u0119, prognozuojami \u0161ilti orai. \u0160ildymo sezonas yra baigiamas, kai 3 paras i\u0161 eil\u0117s lauko oro temperat\u016bros vidurkis yra daugiau kaip 10 laipsni\u0173\u201c, \u2013 komentare Eltai nurod\u0117 savivaldyb\u0117s atstovas Irmantas Kuzas.<\/p>\n<p>\u201eStebime ir paros temperat\u016br\u0105, ir prognozes. Jei prognoz\u0117 savait\u0117s pabaigoje pasitvirtins, numatoma \u0161ildymo sezono pabaiga nuo kito pirmadienio\u201c, \u2013 nurod\u0117 jis.<\/p>\n<p>Pra\u0117j\u0119s 2024\u20132025 met\u0173 \u0161ildymo sezonas sostin\u0117je buvo baigtas baland\u017eio 16 dien\u0105.<\/p>\n<p>Tuo metu \u0161is sezonas Vilniuje prasid\u0117jo pernai rugs\u0117jo 30 dien\u0105. Ankstesnio, 2024\u20132025 m. sezono prad\u017eia buvo spalio 14 dien\u0105, \u00a02023\u20132024 m. \u2013 spalio 16 dien\u0105, o 2022\u20132023 m. \u0161ildymo sezonas prad\u0117tas spalio 17 dien\u0105.<\/p>\n<p>Kaip skelb\u0117 ELTA, Socialin\u0117s apsaugos ir darbo ministerijos (SADM) duomenimis, nuo pra\u0117jusio rugs\u0117jo iki \u0161i\u0173 met\u0173 vasario pra\u0161ymus d\u0117l b\u016bsto \u0161ildymo ir vandens i\u0161laid\u0173 kompensacij\u0173 buvo u\u017epild\u0119 346,1 t\u016bkst. gyventoj\u0173.<\/p>\n<p>Marta Kraujelyt\u0117 (ELTA)<\/p>\n","protected":false},"excerpt":{"rendered":"Prognozuojama, kad\u00a0\u0161ildymo sezonas Vilniaus miesto savivaldyb\u0117je gali b\u016bti baigiamas jau kit\u0105 pirmadien\u012f.\u00a0 \u201ePagal ilgalaik\u0119 or\u0173 prognoz\u0119, prognozuojami \u0161ilti&hellip;\n","protected":false},"author":2,"featured_media":152637,"comment_status":"","ping_status":"","sticky":false,"template":"","format":"standard","meta":{"footnotes":"","_share_on_mastodon":"0"},"categories":[13],"tags":[25,30,31,34,35,24,32,33,37,39,36,38,40,65,23,22,28,29,1935,26,27],"class_list":["post-152636","post","type-post","status-publish","format-standard","has-post-thumbnail","category-lietuva","tag-antrastes","tag-breaking-news","tag-breakingnews","tag-featured-news","tag-featurednews","tag-headlines","tag-latest-news","tag-latestnews","tag-lietuva","tag-lietuviu","tag-lithuania","tag-lithuanian","tag-lt","tag-naujiena","tag-naujienos","tag-news","tag-populiariausios-naujienos","tag-populiariausiosnaujienos","tag-sildymas","tag-top-stories","tag-topstories"],"share_on_mastodon":{"url":"https:\/\/pubeurope.com\/@lt\/116399375833532672","error":""},"_links":{"self":[{"href":"https:\/\/www.europesays.com\/lt\/wp-json\/wp\/v2\/posts\/152636","targetHints":{"allow":["GET"]}}],"collection":[{"href":"https:\/\/www.europesays.com\/lt\/wp-json\/wp\/v2\/posts"}],"about":[{"href":"https:\/\/www.europesays.com\/lt\/wp-json\/wp\/v2\/types\/post"}],"author":[{"embeddable":true,"href":"https:\/\/www.europesays.com\/lt\/wp-json\/wp\/v2\/users\/2"}],"replies":[{"embeddable":true,"href":"https:\/\/www.europesays.com\/lt\/wp-json\/wp\/v2\/comments?post=152636"}],"version-history":[{"count":0,"href":"https:\/\/www.europesays.com\/lt\/wp-json\/wp\/v2\/posts\/152636\/revisions"}],"wp:featuredmedia":[{"embeddable":true,"href":"https:\/\/www.europesays.com\/lt\/wp-json\/wp\/v2\/media\/152637"}],"wp:attachment":[{"href":"https:\/\/www.europesays.com\/lt\/wp-json\/wp\/v2\/media?parent=152636"}],"wp:term":[{"taxonomy":"category","embeddable":true,"href":"https:\/\/www.europesays.com\/lt\/wp-json\/wp\/v2\/categories?post=152636"},{"taxonomy":"post_tag","embeddable":true,"href":"https:\/\/www.europesays.com\/lt\/wp-json\/wp\/v2\/tags?post=152636"}],"curies":[{"name":"wp","href":"https:\/\/api.w.org\/{rel}","templated":true}]}}