{"id":152717,"date":"2026-04-14T04:19:12","date_gmt":"2026-04-14T04:19:12","guid":{"rendered":"https:\/\/www.europesays.com\/lt\/152717\/"},"modified":"2026-04-14T04:19:12","modified_gmt":"2026-04-14T04:19:12","slug":"vert-atnaujino-prijungimo-prie-gamtiniu-duju-sistemos-tvarka","status":"publish","type":"post","link":"https:\/\/www.europesays.com\/lt\/152717\/","title":{"rendered":"VERT atnaujino prijungimo prie gamtini\u0173 duj\u0173 sistemos tvark\u0105"},"content":{"rendered":"<p>\u0160ie pakeitimai leid\u017eia vartotojams, kuri\u0173 sistemos prijungimo prie gamtini\u0173 duj\u0173 ta\u0161kas yra nutol\u0119s ne didesniu kaip 150 metr\u0173 atstumu nuo gamtini\u0173 duj\u0173 skirstymo sistemos, taikyti lengvatin\u0119 prijungimo kain\u0105. Tai suteiks galimyb\u0119 vartotojams mok\u0117ti 60 proc. nustatyto \u012fkainio, padauginto i\u0161 prijungimo atstumo.<\/p>\n<p>Tuo atveju, kai vartotoj\u0173 sistemos prijungimo prie gamtini\u0173 duj\u0173 ta\u0161kas yra nutol\u0119s didesniu nei 150 metr\u0173 atstumu, u\u017e likusi\u0105 dal\u012f vartotojas tur\u0117t\u0173 padengti visas faktines prijungimo i\u0161laidas (100 proc.).<\/p>\n<p>    <img decoding=\"async\" src=\"https:\/\/www.europesays.com\/lt\/wp-content\/uploads\/2026\/04\/a23a5220-7420-11ed-b044-0971ce6a6dee.jpg\" loading=\"lazy\" alt=\"Asociatyvi nuotrauka\"\/>      <\/p>\n<p>Atnaujinta prijungimo prie gamtini\u0173 duj\u0173 sistem\u0173 \u012fmok\u0173 ir \u012fkaini\u0173 nustatymo metodika \u012fsigalios nuo gegu\u017e\u0117s 1 d., ta\u010diau pirm\u0105 kart\u0105 \u012fkainiai bus apskai\u010diuojami pagal 2025 m. duomenis.<\/p>\n<p>Iki dabartin\u0117s metodikos \u012fsigaliojimo sudarytoms ar netrukus po pasi\u016blymo pateikimo sudaromoms sutartims, skai\u010diuojant \u012fkainius, dar bus taikomos senosios s\u0105lygos. V\u0117liau visoms naujoms sutartims jau bus taikomi atnaujinti \u012fkainiai.<\/p>\n","protected":false},"excerpt":{"rendered":"\u0160ie pakeitimai leid\u017eia vartotojams, kuri\u0173 sistemos prijungimo prie gamtini\u0173 duj\u0173 ta\u0161kas yra nutol\u0119s ne didesniu kaip 150 metr\u0173&hellip;\n","protected":false},"author":2,"featured_media":152718,"comment_status":"","ping_status":"","sticky":false,"template":"","format":"standard","meta":{"footnotes":"","_share_on_mastodon":"0"},"categories":[17],"tags":[25694,81,16910,37,39,36,38,40,46,4677],"class_list":["post-152717","post","type-post","status-publish","format-standard","has-post-thumbnail","category-verslas","tag-buitiniai-vartotojai","tag-business","tag-gamtines-dujos","tag-lietuva","tag-lietuviu","tag-lithuania","tag-lithuanian","tag-lt","tag-verslas","tag-vert"],"share_on_mastodon":{"url":"https:\/\/pubeurope.com\/@lt\/116401141438753277","error":""},"_links":{"self":[{"href":"https:\/\/www.europesays.com\/lt\/wp-json\/wp\/v2\/posts\/152717","targetHints":{"allow":["GET"]}}],"collection":[{"href":"https:\/\/www.europesays.com\/lt\/wp-json\/wp\/v2\/posts"}],"about":[{"href":"https:\/\/www.europesays.com\/lt\/wp-json\/wp\/v2\/types\/post"}],"author":[{"embeddable":true,"href":"https:\/\/www.europesays.com\/lt\/wp-json\/wp\/v2\/users\/2"}],"replies":[{"embeddable":true,"href":"https:\/\/www.europesays.com\/lt\/wp-json\/wp\/v2\/comments?post=152717"}],"version-history":[{"count":0,"href":"https:\/\/www.europesays.com\/lt\/wp-json\/wp\/v2\/posts\/152717\/revisions"}],"wp:featuredmedia":[{"embeddable":true,"href":"https:\/\/www.europesays.com\/lt\/wp-json\/wp\/v2\/media\/152718"}],"wp:attachment":[{"href":"https:\/\/www.europesays.com\/lt\/wp-json\/wp\/v2\/media?parent=152717"}],"wp:term":[{"taxonomy":"category","embeddable":true,"href":"https:\/\/www.europesays.com\/lt\/wp-json\/wp\/v2\/categories?post=152717"},{"taxonomy":"post_tag","embeddable":true,"href":"https:\/\/www.europesays.com\/lt\/wp-json\/wp\/v2\/tags?post=152717"}],"curies":[{"name":"wp","href":"https:\/\/api.w.org\/{rel}","templated":true}]}}