{"id":15272,"date":"2025-10-11T11:17:12","date_gmt":"2025-10-11T11:17:12","guid":{"rendered":"https:\/\/www.europesays.com\/lt\/15272\/"},"modified":"2025-10-11T11:17:12","modified_gmt":"2025-10-11T11:17:12","slug":"linas-karpavicius-zmones-balsuos-uz-bet-ka-kad-tik-negriztu-buvusieji-respublika-lt","status":"publish","type":"post","link":"https:\/\/www.europesays.com\/lt\/15272\/","title":{"rendered":"Linas KARPAVI\u010cIUS: \u017dmon\u0117s balsuos u\u017e bet k\u0105, kad tik negr\u012f\u017et\u0173 buvusieji &#8211; Respublika.lt"},"content":{"rendered":"<p><img loading=\"lazy\" decoding=\"async\" src=\"https:\/\/www.respublika.lt\/lt\/naujienos\/nuomones_ir_komentarai\/isklausyk-respublika\/linas-karpavicius-zmones-balsuos-uz-bet-ka-kad-tik-negriztu-buvusieji\/images\/ico_camera_white.gif\" class=\"camera\" width=\"22\" height=\"15\" alt=\"nuotr.\" style=\"position:relative; top:-2px; right:2px;\"\/> 1 nuotr.<\/p>\n<p>Linas Karpavi\u010dius. Socialinio tinklo nuotr.<\/p>\n<p style=\"text-align: justify;\" class=\"desktop_banner\">\u00a0<\/p>\n<p>\u00a0<\/p>\n<p>\u201eVilmorus&#8221; vadovas, sociologas Vladas Gaidys, per ilgus savo darbo metus fiksuojant reitingus, sako neprisimenantis tokio atvejo, kai valdan\u010di\u0105j\u0105 partij\u0105 purtyt\u0173 tiek nemaloni\u0173 istorij\u0173, o ji vis tiek stov\u0117t\u0173 ten pat, kur ir prad\u0117jo savo keli\u0105.<\/p>\n<p>\u201e\u012edomu tai, kad t\u0173 poky\u010di\u0173 tarp partij\u0173 yra, bet, jeigu atkreipsime d\u0117mes\u012f, pirmoje vietoje &#8211; socialdemokrai, antroje &#8211; konservatoriai, tre\u010dioje &#8211; \u201eNemuno Au\u0161ra&#8221;, ketvirtoje &#8211; demokratai. I\u0161sid\u0117stymas vis dar toks pats, kaip po Seimo rinkim\u0173. Niekas nepasikeit\u0117. Ka\u017ekoks paradoksalus stabilumas&#8221;, &#8211; steb\u0117josi V.Gaidys.<\/p>\n<p>Gerbiamam V.Gaid\u017eiui tikriausiai laikas pas gydytojus i\u0161sitirti d\u0117l amnezijos.<\/p>\n<p>O d\u0117l apklausoje dalyvavusi\u0173 respondent\u0173 noriu pasid\u017eiaugti. Rezultatai rodo, kad jie kuo sveikiausi \u017emon\u0117s ir dar pamena t\u0105 ko\u0161mar\u0105, \u012f kur\u012f mus buvo \u012fst\u016bmusi buvusi vyriausyb\u0117.<\/p>\n<p>Kritikuodamas buvusius, nenoriu girti esam\u0173. \u0160ie taip pat verti gero botago, bet valdant \u0161iai koalicijai bent jau ryte atsik\u0117l\u0119s eilinis pilietis nebijo prieiti prie kompiuterio ar pasi\u017ei\u016br\u0117ti vakaro \u017einias.<\/p>\n<p>Tik primenu garsi\u0173 ir Lietuvai \u201enusipelniusi\u0173&#8221; ministr\u0173 pavardes.<\/p>\n<p>Ar\u016bnas Dulkys, kuris fakti\u0161kai optimizavo ir sunaikino sveikatos apsaug\u0105 Lietuvoje ir d\u017ei\u016bgavo, kad \u201edvigubai pavyko suma\u017einti gimstamum\u0105 Lietuvoje&#8221;. Kurio visos iniciatyvos ved\u0117 \u012f nevilt\u012f Lietuvos \u017emones.<\/p>\n<p>Evelina Dobrovolska, kuri b\u016bdama teisingumo ministre prad\u0117jo kry\u017eiaus \u017eyg\u012f prie\u0161 lietuvi\u0173 kalb\u0105 ir ab\u0117c\u0117l\u0119. Paradoksas, kad vyriausyb\u0117, kuri \u017ead\u0117jo apginti Lietuv\u0105 nuo Rusijos, nesugeb\u0117jo apginti jos ab\u0117c\u0117l\u0117s.<\/p>\n<p>Simonas Gentvilas, kuris nepaliko mi\u0161ke sveiko kelmo ir \u012fvar\u0117 siaub\u0105 visiems Lietuvos automobili\u0173 vairuotojams.<\/p>\n<p>Gintar\u0117 Skaist\u0117, kuri prastumin\u0117jo mokestines reformas \u0161altu veidu. Dar ir dabar vien prisiminus \u017eod\u012f \u201emediana&#8221; \u0161iurpas pagaugais eina.<\/p>\n<p>Simonas Kairys &#8211; ministras, kuris nesugeb\u0117jo suskai\u010diuoti ly\u010di\u0173 ir tuo var\u0117 siaub\u0105 pilie\u010diams. Nes visi suprato, \u012f koki\u0105 viet\u0105 eis kult\u016bra, jei ministras ne\u017eino, kiek yra ly\u010di\u0173. Vien re\u017eisieriaus Rimo Tumino puolimas Lietuvos kult\u016bros istorijoje bus \u012fra\u0161ytas kruvinomis raid\u0117mis. O kur dar tyla, kai leftistiniai \u0161unys puol\u0117 Justin\u0105 Marcinkevi\u010di\u0173 ir kitus m\u016bs\u0173 tautai nusipelniusius kult\u016bros veik\u0117jus.<\/p>\n<p>Jurgita \u0160iug\u017edinien\u0117 ir \u012f \u0161vietimo sistem\u0105 infiltruotas lytinis \u0161vietimas (G\u012eP), o i\u0161 tikro &#8211; vaik\u0173 seksualizavimo programa. Visi t\u0117vai, kurie turi ir dar tur\u0117s mokyklinio am\u017eiaus vaik\u0173, tai prisimena su did\u017eiuliu nerimu.<\/p>\n<p>Gabrielius Landsbergis, kuris tapo karo prana\u0161u ir \u0161aukliu. Kiek nerimo jis pas\u0117jo Lietuvos pilie\u010di\u0173 \u0161irdyse. Kokius i\u0161\u0161\u016bkius teko pergyventi Lietuvos verslui, \u0161io \u201egenijaus&#8221; URM valdymo laikotarpiu, sunku net apsakyti.<\/p>\n<p>Au\u0161rin\u0117 Armonait\u0117 su savo inovacijomis ir ant ministerijos lang\u0173 kaban\u010diais \u012fvairiaspalviais skudurais ne tik prajuokino Lietuv\u0105, bet ir pasiunt\u0117 persp\u0117jim\u0105, kas b\u016bna, kai raganos ir velniai patenka \u012f vald\u017ei\u0105.<\/p>\n<p>Agn\u0117 Bilotait\u0117, kuri primin\u0117 baisiausius filmus apie Antr\u0105j\u012f pasaulin\u012f kar\u0105 ir moteris pri\u017ei\u016br\u0117tojas koncentracijos stovyklose. Visi pasijaut\u0117me tarsi gyventume lageryje. A\u010di\u016b Dievui, kad tas ko\u0161maras baig\u0117si.<\/p>\n<p>K\u0119stutis Navickas, kur\u012f \u017eemdirbiai dar ilgai prisimins, kaip ko\u0161mari\u0161k\u0105 sapn\u0105, kaip giltin\u0119 su dalgiu, einan\u010di\u0105 per Lietuvos laukus ir kaimus. Pienininkyst\u0117s sektorius susitrauk\u0117 ir vos atlaik\u0117 tok\u012f ministeriavim\u0105.<\/p>\n<p>Ar dabar sociologams ai\u0161kiau? \u017dmon\u0117s pamena BAISIAUSI\u0104 vyriausyb\u0119 nepriklausomyb\u0117s laikotarpiu ir \u017emon\u0117s balsuos u\u017e \u017eemaitai\u010dius, ambrazai\u010dius, u\u017ekurai\u010dius\u012f ar mikimauz\u0105 tik tod\u0117l, kad negr\u012f\u017et\u0173 buvusieji.<\/p>\n<p>\u0160i vald\u017eia turi tok\u012f carte blanche, kad, norint j\u012f i\u0161\u0161vaistyti iki kit\u0173 rinkim\u0173, reikia tur\u0117ti neeilini\u0173 gabum\u0173.<\/p>\n<p>Pagyvensim pamatysim.<\/p>\n","protected":false},"excerpt":{"rendered":"1 nuotr. Linas Karpavi\u010dius. Socialinio tinklo nuotr. \u00a0 \u00a0 \u201eVilmorus&#8221; vadovas, sociologas Vladas Gaidys, per ilgus savo darbo&hellip;\n","protected":false},"author":2,"featured_media":15273,"comment_status":"","ping_status":"","sticky":false,"template":"","format":"standard","meta":{"footnotes":""},"categories":[13],"tags":[4610,25,30,31,34,35,5328,24,5326,32,33,37,39,36,38,40,1983,4630,23,22,28,29,2170,26,27,5327],"class_list":{"0":"post-15272","1":"post","2":"type-post","3":"status-publish","4":"format-standard","5":"has-post-thumbnail","7":"category-lietuva","8":"tag-reitingai","9":"tag-antrastes","10":"tag-breaking-news","11":"tag-breakingnews","12":"tag-featured-news","13":"tag-featurednews","14":"tag-gaidys","15":"tag-headlines","16":"tag-karpavicius","17":"tag-latest-news","18":"tag-latestnews","19":"tag-lietuva","20":"tag-lietuviu","21":"tag-lithuania","22":"tag-lithuanian","23":"tag-lt","24":"tag-ministrai","25":"tag-na","26":"tag-naujienos","27":"tag-news","28":"tag-populiariausios-naujienos","29":"tag-populiariausiosnaujienos","30":"tag-socialdemokratai","31":"tag-top-stories","32":"tag-topstories","33":"tag-vilmorus"},"share_on_mastodon":{"url":"","error":""},"_links":{"self":[{"href":"https:\/\/www.europesays.com\/lt\/wp-json\/wp\/v2\/posts\/15272","targetHints":{"allow":["GET"]}}],"collection":[{"href":"https:\/\/www.europesays.com\/lt\/wp-json\/wp\/v2\/posts"}],"about":[{"href":"https:\/\/www.europesays.com\/lt\/wp-json\/wp\/v2\/types\/post"}],"author":[{"embeddable":true,"href":"https:\/\/www.europesays.com\/lt\/wp-json\/wp\/v2\/users\/2"}],"replies":[{"embeddable":true,"href":"https:\/\/www.europesays.com\/lt\/wp-json\/wp\/v2\/comments?post=15272"}],"version-history":[{"count":0,"href":"https:\/\/www.europesays.com\/lt\/wp-json\/wp\/v2\/posts\/15272\/revisions"}],"wp:featuredmedia":[{"embeddable":true,"href":"https:\/\/www.europesays.com\/lt\/wp-json\/wp\/v2\/media\/15273"}],"wp:attachment":[{"href":"https:\/\/www.europesays.com\/lt\/wp-json\/wp\/v2\/media?parent=15272"}],"wp:term":[{"taxonomy":"category","embeddable":true,"href":"https:\/\/www.europesays.com\/lt\/wp-json\/wp\/v2\/categories?post=15272"},{"taxonomy":"post_tag","embeddable":true,"href":"https:\/\/www.europesays.com\/lt\/wp-json\/wp\/v2\/tags?post=15272"}],"curies":[{"name":"wp","href":"https:\/\/api.w.org\/{rel}","templated":true}]}}