{"id":15297,"date":"2025-10-11T11:55:10","date_gmt":"2025-10-11T11:55:10","guid":{"rendered":"https:\/\/www.europesays.com\/lt\/15297\/"},"modified":"2025-10-11T11:55:10","modified_gmt":"2025-10-11T11:55:10","slug":"ka-veikti-sestadieni-vilniuje-renginiu-kalendorius-spalio-11-d","status":"publish","type":"post","link":"https:\/\/www.europesays.com\/lt\/15297\/","title":{"rendered":"K\u0105 veikti \u0161e\u0161tadien\u012f Vilniuje? Rengini\u0173 kalendorius (spalio 11 d.)"},"content":{"rendered":"<p>\u0160iandien, spalio 11 d., Vilniuje nusimato nema\u017eai \u012fdomi\u0173 rengini\u0173. MadeinVilnius.lt portalas pristato \u012fdomiausius ir did\u017eiausius renginius Vilniaus mieste.<\/p>\n<p>Viduram\u017ei\u0173 diena Bast\u0117joje<\/p>\n<p>Kur?\u00a0Ikea\u00a0Kada?\u00a0Nuo 12:00 val.<\/p>\n<p><a style=\"font-weight:bold;\" href=\"https:\/\/madeinvilnius.lt\/tema\/kariai\/\" target=\"_blank\" rel=\"nofollow noopener\">Kariai<\/a> saugojo Viduram\u017ei\u0173 Vilni\u0173 nuo u\u017epuolik\u0173 ir steng\u0117si miestel\u0117nams u\u017etikrinti saug\u0173 gyvenim\u0105. Kunigaik\u0161\u010di\u0173 ir jo dvaro poreikiams reik\u0117jo amatinink\u0173, pirkli\u0173, kep\u0117j\u0173, kurie k\u016br\u0117si Vilniaus \u0161irdyje. Miestel\u0117nai kasdien maist\u0105 ruo\u0161\u0117 ant ugnies katiluose, puodyn\u0117se, o ant didik\u0173 stalo vir\u0117jai r\u016bpinosi tiekti prabangius patiekalus, skanintus i\u0161 kit\u0173 \u0161ali\u0173 atve\u017etais produktais. \u0160is 700 met\u0173 senumo gyvosios istorijos paveikslas vienai dienai kasmet atgyja Bast\u0117joje.<\/p>\n<p>Kvie\u010diame tai patirti kartu, nes spalio 11 d. nuo 12 iki 18 val.\u00a0LNM Vilniaus gynybin\u0117s sienos bast\u0117joje atgims senov\u0117 ir viduram\u017eiai!<\/p>\n<p>Vilniaus mechanizmai<\/p>\n<p>Kur?\u00a0\u012evairios vietos\u00a0Kada?\u00a0Vis\u0105 dien\u0105<\/p>\n<p><a style=\"font-weight:bold;\" href=\"https:\/\/madeinvilnius.lt\/tema\/vilniaus-miesto-savivaldybe\/\" target=\"_blank\" rel=\"nofollow noopener\">Vilniaus miesto savivaldyb\u0117s<\/a> ir \u201eNeakivaizdinio Vilniaus\u201c jau penkt\u0105 kart\u0105 organizuojamo festivalio programoje \u2013 netik\u0117tos ekskursijos, audioprojekcijos industrin\u0117se lokacijose, tokiose kaip troleibus\u0173 parkas, termofikacin\u0117s elektrin\u0117s, ir orientacinis \u017eaidimas.<\/p>\n<p>Miestie\u010diams ir miesto sve\u010diams \u012fmon\u0117s atvers duris ir nemokam\u0173 ekskursij\u0173 metu atskleis, kaip \u012f namus atkeliauja \u0161iluma, vanduo, dujos, elektra, kaip kei\u010diasi miesto transportas ir \u0161iuk\u0161li\u0173 r\u016b\u0161iavimas. Prie festivalio prisijung\u0117 \u201eGijos\u201d, \u201eVilniaus vandenys\u201d, \u201e<a style=\"font-weight:bold;\" href=\"https:\/\/madeinvilnius.lt\/tema\/grinda\/\" target=\"_blank\" rel=\"nofollow noopener\">Grinda<\/a>\u201d, Vilniaus prie\u0161gaisrin\u0117s gelb\u0117jimo valdybos 2-oji komanda, Vilniaus \u010ciurlionio oro uostas, \u201eEcoservice\u201d, JUDU, <a style=\"font-weight:bold;\" href=\"https:\/\/madeinvilnius.lt\/tema\/energetikos-ir-technikos-muziejus\/\" target=\"_blank\" rel=\"nofollow noopener\">Energetikos ir technikos muziejus<\/a> ir kt.<\/p>\n<p>B\u016bsto mug\u0117<\/p>\n<p>Kur?\u00a0<a style=\"font-weight:bold;\" href=\"https:\/\/madeinvilnius.lt\/tema\/panorama\/\" target=\"_blank\" rel=\"nofollow noopener\">Panorama<\/a>\u00a0Kada?\u00a0Nuo 10:00 val.<\/p>\n<p>Ie\u0161kote savo svajoni\u0173 nam\u0173, o gal dar tik svarstote apie b\u016bsto pirkim\u0105?\u00a0Su\u017einokite apie naujausius projektus i\u0161 pirm\u0173 l\u016bp\u0173 ir atraskite i\u0161skirtinius pasi\u016blymus B\u016bsto mug\u0117je #Panoramoje!<\/p>\n<p>Vystytojai i\u0161 visos Lietuvos, projekt\u0173 pristatymai ir bank\u0173 konsultacijos bei patarimai, kaip lengviau priimti sprendimus \u2013 viskas vienoje vietoje jau spalio 10-11 d.!<\/p>\n<p>Helovynas Vilniaus kaln\u0173 parke<\/p>\n<p>Kur?\u00a0<a style=\"font-weight:bold;\" href=\"https:\/\/madeinvilnius.lt\/tema\/kalnu-parkas\/\" target=\"_blank\" rel=\"nofollow noopener\">Kaln\u0173 parkas<\/a>\u00a0Kada?\u00a0Nuo 15:00 val.<\/p>\n<p>Jau antrus metus Vilniaus kaln\u0173 park\u0105 apgaubs tamsa, paslaptys ir magi\u0161kos \u0161viesos \u2013 \u010dia susirinks tikrieji Nakties valdovai! Ateik, jei dr\u012fsti, ir patirk nakt\u012f, kurioje susipina baim\u0117, juokas ir Helovyno stebuklai.<\/p>\n<p>\u0160iemet laukia dar \u012fsp\u016bdingesn\u0117 patirtis, nes paruo\u0161\u0117me net keturias unikalias zonas, kuriose kiekvienas atras savo siaubo ar linksmybi\u0173 doz\u0119.<\/p>\n<p>Pratybos \u201eVy\u010dio skliautas 2025\u201c<\/p>\n<p>Kur?\u00a0Gedimino pr. 9, Mindaugo g. 11\u00a0Kada?\u00a0Nuo 11:00 val.<\/p>\n<p>\u0160e\u0161tadien\u012f, spalio 11 d., nuo 11:00 iki 15:00 val. Vilniuje prie PC G9 esan\u010dios \u201e<a style=\"font-weight:bold;\" href=\"https:\/\/madeinvilnius.lt\/tema\/lidl\/\" target=\"_blank\" rel=\"nofollow noopener\">Lidl<\/a>\u201c parduotuv\u0117s (Gedimino pr. 9) ir \u201eMaximos\u201c (Mindaugo g. 11) t\u0119sis nacionalin\u0117s mobilizacin\u0117s pratybos \u201eVy\u010dio skliautas 2025\u201c. J\u0173 metu Lietuvos \u0161auli\u0173 s\u0105jungos nariai treniruosis u\u017etikrinti \u0161i\u0173 atramini\u0173 parduotuvi\u0173 apsaug\u0105.<\/p>\n<p>Parduotuv\u0117s dirbs \u012fprastu re\u017eimu, tod\u0117l gyventojams nereikia imtis joki\u0173 papildom\u0173 veiksm\u0173 \u2013 tai suplanuotos pratybos, skirtos valstyb\u0117s pasirengimui ekstremalioms situacijoms ir kriz\u0117ms gerinti.<\/p>\n<p>Festivalis \u201eLituanicon\u201c<\/p>\n<p>Kur?\u00a0SMK\u00a0Kada?\u00a0Nuo 11:00 val.<\/p>\n<p>Sostin\u0117j\u0117 \u0161e\u0161tadien\u012f prasideda jau 36-t\u0105 kart\u0105 organizuojamas fantastikos meg\u0117j\u0173 festivalis \u201eLituanicon\u201c.<\/p>\n<p>Kaip prane\u0161\u0117 organizatoriai, lankytoj\u0173 lauks mokslinink\u0173, mokslo populiarintoj\u0173 ir kit\u0173 fantastikos m\u0117g\u0117j\u0173 prane\u0161imai, k\u016brybin\u0117s dirbtuv\u0117s, stalo ir vaizdo \u017eaidimai.<\/p>\n<p>\u0160v. Jok\u016bbo festivalis | Mi\u0161rus choras \u201eMASKA\u201c<\/p>\n<p>Kur?\u00a0\u0160v. Kazimiero ba\u017eny\u010dia\u00a0Kada?\u00a0Nuo 17:00 val.<\/p>\n<p>Mi\u0161rus choras \u201eMASKA\u201c \u012fkurtas 2000 m. dirigento ir meno vadovo J\u0101nio Ozolso iniciatyva. Tai vienas geriausi\u0173 mi\u0161ri\u0173 chor\u0173 <a style=\"font-weight:bold;\" href=\"https:\/\/madeinvilnius.lt\/tema\/latvija\/\" target=\"_blank\" rel=\"nofollow noopener\">Latvijoje<\/a>, aktyviai veikiantis tiek \u0161alies, tiek tarptautin\u0117je chorin\u0117s muzikos scenoje. Choras i\u0161siskiria geb\u0117jimu ne tik atlikti klasikin\u0119 muzik\u0105, bet ir dr\u0105siai \u012fgyvendinti k\u016brybines inovacijas. 2019 m. rugpj\u016bt\u012f \u201eMaska\u201c atstovavo Latvijai tarptautiniame konkurse \u201eEurovision Choir 2019\u201c Geteborge, \u0160vedijoje.<\/p>\n<p>VECERA | FLUX \u00f8 Muzikos ruduo 2025<\/p>\n<p>Kur?\u00a0Liepkalnio vandens saugykla\u00a0Kada?\u00a0Nuo 18:00 val.<\/p>\n<p>Spalio 11 d., 18 val., festivalis MUZIKOS RUDUO keliasi \u012f retai renginiams duris atverian\u010di\u0105 ypating\u0105 erdv\u0119 \u2013 sostin\u0117s Liepkalnio vandens saugykl\u0105, kur pristatys jaunosios kartos kompozitoriaus, muzikos prodiuserio ir tarpdiscilipininio meno k\u016br\u0117jo Pauliaus Ve\u010deros performans\u0105 VECERA | FLUX.<\/p>\n<p>Balti\u0161ka misterija \u201eDievai ir \u017emon\u0117s\u201c<\/p>\n<p>Kur?\u00a0Koncert\u0173 sal\u0117 \u201eCompensa\u201c\u00a0Kada?\u00a0Nuo 19:00 val.<\/p>\n<p>\u012e scen\u0105 gr\u012f\u017eta \u017ei\u016brov\u0173 pamiltas, vienas \u012fsp\u016bdingiausi\u0173 ansamblio \u201eLietuva\u201c muzikini\u0173 spektakli\u0173 \u2013 misterija \u201eDievai ir \u017emon\u0117s\u201c.\u00a0<\/p>\n<p>Tai \u0161iuolaiki\u0161ka Balt\u0173 kult\u016bros interpretacija, kurioje dera senosios giesm\u0117s ir elektronin\u0117 muzika, modernus ir klasikinis \u0161okis, ritualin\u0117s apeigos. Matysime papildyt\u0105, novatori\u0161k\u0105 spektaklio scenografij\u0105 \u2013 daugiasluoksnes projekcijas, sukurian\u010dias trima\u010dio vaizdo \u012fsp\u016bd\u012f, kuriose atgis Mikalojaus Konstantino \u010ciurlionio paveiksl\u0173 kolia\u017eai.<\/p>\n<p>Prezidento r\u016bmai | Nemokamos ekskursijos<\/p>\n<p>Kur?\u00a0Lietuvos Respublikos Prezidento kanceliarija\u00a0Kada?\u00a0Nuo 10:00 val.<\/p>\n<p>Prezidento r\u016bmai kasdieniame gyvenime da\u017enai yra vadinami Lietuvos Respublikos Prezident\u016bra, sutrumpintai \u2013 Prezident\u016bra. Prezidento r\u016bmai pastatyti Simono Daukanto aik\u0161t\u0117je, kuri \u0161\u012f pavadinim\u0105 gavo Simono Daukanto \u2013 <a style=\"font-weight:bold;\" href=\"https:\/\/madeinvilnius.lt\/tema\/vilniaus-universitetas\/\" target=\"_blank\" rel=\"nofollow noopener\">Vilniaus universiteto<\/a> aukl\u0117tinio, XIX am\u017eiuje para\u0161iusio pirm\u0105j\u0105 Lietuvos istorij\u0105 lietuvi\u0173 kalba, \u2013 garbei.<\/p>\n<p>I\u0161 kurios pus\u0117s beateitum\u0117te \u012f Daukanto aik\u0161t\u0119, siaura gatvel\u0117 staiga prasiple\u010dia ir \u012fsilieja \u012f aik\u0161t\u0119, kurioje dominuoja klasicistiniai XVIII a. pabaigos \u2013 XIX a. prad\u017eios statiniai: buv\u0119 didik\u0173 namai ir dabartiniai Prezidento r\u016bmai. Aik\u0161t\u0117s didingum\u0105 \u201esu\u0161ildo\u201c barokiniai bok\u0161teliai vir\u0161 pastat\u0173 stog\u0173.<\/p>\n<p>Poltergst Live<\/p>\n<p>Kur?\u00a0Men\u0173 fabrikas \u201eLoftas\u201c\u00a0Kada?\u00a0Nuo 19:30 val.<\/p>\n<p>\u201ePoltergst Live | Rave\u201c \u2013 du intensyv\u016bs DJ setai Lietuvoje: \u0160iauliuose (10.10) ir Vilniuje (10.11)<\/p>\n<p>Spalio prad\u017eioje Lietuvos elektronin\u0117s muzikos scena taps dar kar\u0161tesn\u0117 \u2013 pirm\u0105 kart\u0105 m\u016bs\u0173 \u0161alyje pasirodys \u017einomas hard techno ir rave DJ Poltergst, surengsiantis du \u012fsp\u016bdingus setus unikaliose vietose.<\/p>\n<p>Poliarizuoti Stiklai<\/p>\n<p>Kur?\u00a0Muzikos klubas \u201eTamsta\u201c\u00a0Kada?\u00a0Nuo 20:00 val.<\/p>\n<p>Smagu, kai praeitis ne tik neapsitraukia pel\u0117siais, bet ir garsiai diktuoja \u0161iandienos rokenrolo tendencijas. Grup\u0117 \u2018Poliarizuoti Stiklai\u2019 \u2013 viena t\u0173 nedaugelio, kuri \u0161iandien vis dar orginalioje sud\u0117tyje ir, kaip prie\u0161 trisde\u0161imt met\u0173, \u0161okdina jaun\u0105 ir vyresn\u012f.<\/p>\n<p>Tuo \u012fsitikinti galite spalio 11-\u0105j\u0105 dien\u0105 muzikos klube \u2018Tamsta\u2019. Skaniu humoru, \u017eaismingomis dainomis \u2018Poliarizuoti Stiklai\u2019 papirko dar 1986-aisiais. \u2018Poliarizuoti Stiklai\u2019 dovanos sen\u0105 ger\u0105 rok\u0105 ir d\u017eiugi\u0105 nuotaik\u0105. Pa\u017e\u012fstamas \u0160ar\u016bno Ma\u010diulio balsas primins tikr\u0105j\u012f \u2018stikl\u0173\u2019 \u017eod\u017ei\u0173 spindes\u012f. Rokenrolas su trupu\u010diu kantri muzikos, \u0161maik\u0161\u010dios lyrikos ir net \u0161iek tiek \u2018Br\u0117men\u0173 muzikant\u0173\u2019 dvasios u\u017etikrins linksmybes.<\/p>\n<p>Hal\u0117 elektro jam | House of Negroni<\/p>\n<p>Kur?\u00a0Hal\u0117s Turgus Kada?\u00a0Nuo 19:30 val.<\/p>\n<p>Atsine\u0161k savo pasitik\u0117jimo instrumentus, prijunk savo sintezatori\u0173 ir lipk ant scenos, kad gal\u0117tum i\u0161sakyti savo elektro ritmus! Atidarykite erdv\u0119 Lietuvos underground muzikai \u2013 laikas j\u0105 pasidalinti su visais.<\/p>\n<p>Susitinkame labiausiai\u00a0\u201eBerlyn\u0105 primenan\u010dioje\u201c\u00a0vietoje Vilniuje \u2013 Hal\u0117s turgus.<br \/>Spalio m\u0117nes\u012f, kiekvien\u0105\u00a0\u0161e\u0161tadien\u012f vakare, nuo 19:30 val. kvie\u010diame klausytis ir atlikti alt\/pop\/electrogroove sintez\u0119.<\/p>\n","protected":false},"excerpt":{"rendered":"\u0160iandien, spalio 11 d., Vilniuje nusimato nema\u017eai \u012fdomi\u0173 rengini\u0173. MadeinVilnius.lt portalas pristato \u012fdomiausius ir did\u017eiausius renginius Vilniaus mieste.&hellip;\n","protected":false},"author":2,"featured_media":5043,"comment_status":"","ping_status":"","sticky":false,"template":"","format":"standard","meta":{"footnotes":""},"categories":[21],"tags":[113,37,39,36,38,40,65,114,2135],"class_list":{"0":"post-15297","1":"post","2":"type-post","3":"status-publish","4":"format-standard","5":"has-post-thumbnail","7":"category-pramogos","8":"tag-entertainment","9":"tag-lietuva","10":"tag-lietuviu","11":"tag-lithuania","12":"tag-lithuanian","13":"tag-lt","14":"tag-naujiena","15":"tag-pramogos","16":"tag-savaitgalis"},"share_on_mastodon":{"url":"","error":""},"_links":{"self":[{"href":"https:\/\/www.europesays.com\/lt\/wp-json\/wp\/v2\/posts\/15297","targetHints":{"allow":["GET"]}}],"collection":[{"href":"https:\/\/www.europesays.com\/lt\/wp-json\/wp\/v2\/posts"}],"about":[{"href":"https:\/\/www.europesays.com\/lt\/wp-json\/wp\/v2\/types\/post"}],"author":[{"embeddable":true,"href":"https:\/\/www.europesays.com\/lt\/wp-json\/wp\/v2\/users\/2"}],"replies":[{"embeddable":true,"href":"https:\/\/www.europesays.com\/lt\/wp-json\/wp\/v2\/comments?post=15297"}],"version-history":[{"count":0,"href":"https:\/\/www.europesays.com\/lt\/wp-json\/wp\/v2\/posts\/15297\/revisions"}],"wp:featuredmedia":[{"embeddable":true,"href":"https:\/\/www.europesays.com\/lt\/wp-json\/wp\/v2\/media\/5043"}],"wp:attachment":[{"href":"https:\/\/www.europesays.com\/lt\/wp-json\/wp\/v2\/media?parent=15297"}],"wp:term":[{"taxonomy":"category","embeddable":true,"href":"https:\/\/www.europesays.com\/lt\/wp-json\/wp\/v2\/categories?post=15297"},{"taxonomy":"post_tag","embeddable":true,"href":"https:\/\/www.europesays.com\/lt\/wp-json\/wp\/v2\/tags?post=15297"}],"curies":[{"name":"wp","href":"https:\/\/api.w.org\/{rel}","templated":true}]}}