{"id":153168,"date":"2026-04-14T14:10:56","date_gmt":"2026-04-14T14:10:56","guid":{"rendered":"https:\/\/www.europesays.com\/lt\/153168\/"},"modified":"2026-04-14T14:10:56","modified_gmt":"2026-04-14T14:10:56","slug":"jav-prezidento-uzsipultas-popiezius-trumpo-administracijos-nebijau-respublika-lt","status":"publish","type":"post","link":"https:\/\/www.europesays.com\/lt\/153168\/","title":{"rendered":"JAV prezidento u\u017esipultas popie\u017eius: Trumpo administracijos nebijau &#8211; Respublika.lt"},"content":{"rendered":"\n<p style=\"text-align: left;\">Po to, kai JAV prezidentas Donaldas Trumpas i\u0161 Amerikos kilus\u012f pontifik\u0105, i\u0161dr\u012fsus\u012f kritikuoti Jungtini\u0173 Valstij\u0173 ir Izraelio kar\u0105 su Iranu, pavadino \u201esilpnu\u201c, popie\u017eius Leonas XIV pirmadien\u012f parei\u0161k\u0117, kad jam d\u0117l to nebaisu.<\/p>\n<p style=\"text-align: justify;\" class=\"desktop_banner\">\u00a0<\/p>\n<p style=\"text-align: left;\">\u00a0<\/p>\n<p style=\"text-align: left;\">\u201eA\u0161 nebijau Trumpo administracijos\u201c, \u2013 popie\u017eiaus l\u0117ktuve \u017eurnalistams sak\u0117 Leonas.<\/p>\n<p style=\"text-align: left;\">Popie\u017eius su \u017einiasklaidos atstovais kalb\u0117jo skrisdamas i\u0161 Romos \u012f Al\u017eyr\u0105, kur prasid\u0117s 10 dien\u0173 trukm\u0117s pontifiko vizitas Afrikoje, kurio metu jis aplankys Al\u017eyr\u0105, Kamer\u016bn\u0105, Angol\u0105 ir Pusiaujo Gvin\u0117j\u0105.<\/p>\n<p style=\"text-align: left;\">\u201eA\u0161 skelbiu Evangelij\u0105, tod\u0117l ir toliau garsiai pasisakysiu prie\u0161 kar\u0105.\u201c<\/p>\n<p style=\"text-align: left;\">\u201eNesiruo\u0161iu su juo gin\u010dytis, \u2013 prid\u016br\u0117 jis, omenyje tur\u0117damas D. Trump\u0105. \u2013 Nesu politikas. A\u0161 skelbiu Evangelij\u0105, o joje sakoma, kad turime kurti taik\u0105. U\u017eteks kariauti.\u201c<\/p>\n<p style=\"text-align: left;\">Leonas pabr\u0117\u017e\u0117 \u201edialogo\u201c ir \u201edaugia\u0161ali\u0173 santyki\u0173 tarp valstybi\u0173\u201c svarb\u0105 siekiant rasti teisingus problem\u0173 sprendimus.<\/p>\n<p style=\"text-align: left;\">\u201ePernelyg daug \u017emoni\u0173 ken\u010dia, pernelyg daug nekalt\u0173 \u017emoni\u0173 buvo nu\u017eudyta, ir manau, kad ka\u017ekas turi atsistoti ir pasakyti, jog yra geresnis b\u016bdas\u201c, \u2013 sak\u0117 jis.<\/p>\n<p style=\"text-align: left;\">Sekmadien\u012f savo platformoje \u201eTruth Social\u201c D. Trumpas parei\u0161k\u0117, kad jam nereikia \u201epopie\u017eiaus, kuris mano, jog Iranui tur\u0117ti branduolin\u012f ginkl\u0105 yra normalu. Popie\u017eius Leonas yra silpnas kovojant su nusikalstamumu ir siaubingas u\u017esienio politikos srityje\u201c, \u2013 ai\u0161kino jis.<\/p>\n<p style=\"text-align: left;\">D. Trumpas prid\u016br\u0117, kad, jo nuomone, Leonas buvo i\u0161rinktas Katalik\u0173 Ba\u017eny\u010dios vadovu tik tod\u0117l, \u201ekad jis yra amerikietis, ir jie man\u0117, kad tai bus geriausias b\u016bdas susitvarkyti su prezidentu Donaldu J. Trumpu\u201c.<\/p>\n<p style=\"text-align: left;\">\u201eJei man\u0119s neb\u016bt\u0173 Baltuosiuose r\u016bmuose, Leono neb\u016bt\u0173 Vatikane\u201c, \u2013 t\u0119s\u0117 jis.<\/p>\n","protected":false},"excerpt":{"rendered":"Po to, kai JAV prezidentas Donaldas Trumpas i\u0161 Amerikos kilus\u012f pontifik\u0105, i\u0161dr\u012fsus\u012f kritikuoti Jungtini\u0173 Valstij\u0173 ir Izraelio kar\u0105&hellip;\n","protected":false},"author":2,"featured_media":153169,"comment_status":"","ping_status":"","sticky":false,"template":"","format":"standard","meta":{"footnotes":"","_share_on_mastodon":"0"},"categories":[6],"tags":[25,30,31,6809,34,35,24,223,32,33,37,39,36,38,40,23,22,28,29,26,27,4428],"class_list":["post-153168","post","type-post","status-publish","format-standard","has-post-thumbnail","category-antrastes","tag-antrastes","tag-breaking-news","tag-breakingnews","tag-diplomatija","tag-featured-news","tag-featurednews","tag-headlines","tag-jav","tag-latest-news","tag-latestnews","tag-lietuva","tag-lietuviu","tag-lithuania","tag-lithuanian","tag-lt","tag-naujienos","tag-news","tag-populiariausios-naujienos","tag-populiariausiosnaujienos","tag-top-stories","tag-topstories","tag-vatikanas"],"share_on_mastodon":{"url":"https:\/\/pubeurope.com\/@lt\/116403469171177258","error":""},"_links":{"self":[{"href":"https:\/\/www.europesays.com\/lt\/wp-json\/wp\/v2\/posts\/153168","targetHints":{"allow":["GET"]}}],"collection":[{"href":"https:\/\/www.europesays.com\/lt\/wp-json\/wp\/v2\/posts"}],"about":[{"href":"https:\/\/www.europesays.com\/lt\/wp-json\/wp\/v2\/types\/post"}],"author":[{"embeddable":true,"href":"https:\/\/www.europesays.com\/lt\/wp-json\/wp\/v2\/users\/2"}],"replies":[{"embeddable":true,"href":"https:\/\/www.europesays.com\/lt\/wp-json\/wp\/v2\/comments?post=153168"}],"version-history":[{"count":0,"href":"https:\/\/www.europesays.com\/lt\/wp-json\/wp\/v2\/posts\/153168\/revisions"}],"wp:featuredmedia":[{"embeddable":true,"href":"https:\/\/www.europesays.com\/lt\/wp-json\/wp\/v2\/media\/153169"}],"wp:attachment":[{"href":"https:\/\/www.europesays.com\/lt\/wp-json\/wp\/v2\/media?parent=153168"}],"wp:term":[{"taxonomy":"category","embeddable":true,"href":"https:\/\/www.europesays.com\/lt\/wp-json\/wp\/v2\/categories?post=153168"},{"taxonomy":"post_tag","embeddable":true,"href":"https:\/\/www.europesays.com\/lt\/wp-json\/wp\/v2\/tags?post=153168"}],"curies":[{"name":"wp","href":"https:\/\/api.w.org\/{rel}","templated":true}]}}