{"id":15354,"date":"2025-10-11T13:53:13","date_gmt":"2025-10-11T13:53:13","guid":{"rendered":"https:\/\/www.europesays.com\/lt\/15354\/"},"modified":"2025-10-11T13:53:13","modified_gmt":"2025-10-11T13:53:13","slug":"zmones-su-negalia-paremti-norejes-vyras-pateko-i-sukciu-spastus","status":"publish","type":"post","link":"https:\/\/www.europesays.com\/lt\/15354\/","title":{"rendered":"\u017dmones su negalia paremti nor\u0117j\u0119s vyras pateko \u012f suk\u010di\u0173 sp\u0105stus"},"content":{"rendered":"<p>Utenos vyriausiasis policijos komisariatas prane\u0161a, kad spalio 10 d. apie 17.50 val. Zarasuose, Vytauto g., prekybos centre, prie vyro (gim. 1976 m.) pri\u0117jusi moteris papra\u0161\u0117 paaukoti 20 eur\u0173 kur\u010dnebyli\u0173 organizacijai. <\/p>\n<p>Vyras, nor\u0117damas paaukoti 20 eur\u0173, prid\u0117jo prie moters telefono savo banko kortel\u0119. Po akimirkos jis gavo prane\u0161im\u0105 i\u0161 banko, kad i\u0161 jo s\u0105skaitos nuskaityta 1000 eur\u0173. <\/p>\n<p>Policija prad\u0117jo ikiteismin\u012f tyrim\u0105.<\/p>\n<p>ELTA prane\u0161a, kad pra\u0117jusi\u0105 par\u0105 Vilniaus apskrities vyriausiojo policijos komisariato pareig\u016bnai sulauk\u0117 gyventoj\u0173 prane\u0161im\u0173, i\u0161 kuri\u0173 <a rel=\"noopener nofollow\" target=\"_blank\" href=\"https:\/\/www.delfi.lt\/temos\/sukciai\" tag-id=\"45753507\">suk\u010diai<\/a> apgaul\u0117s b\u016bdu i\u0161 viso i\u0161viliojo per 28 t\u016bkst. eur\u0173.<\/p>\n<p>Penktadien\u012f, spalio 10 d., \u012f Vilniaus apskrities vyriausi\u0105j\u012f policijos komisariat\u0105 kreip\u0117si 1965 m. gimusi moteris. Ji teig\u0117, kad t\u0105 pa\u010di\u0105 dien\u0105, apie 9.05 val., b\u016bnant namuose sulauk\u0117 skambu\u010dio. Nepa\u017e\u012fstami rusakalbiai asmenys, prisistat\u0119 telekomunikacij\u0173 \u012fmon\u0117s ir banko darbuotojais, apgaule i\u0161 moters i\u0161viliojo 15,2 t\u016bkst. eur\u0173.<\/p>\n<p>T\u0105 pa\u010di\u0105 dien\u0105 \u012f sostin\u0117s pareig\u016bnus kreip\u0117si kita 1965 m. gimusi moteris, kuri prane\u0161\u0117, kad rugs\u0117jo m\u0117nes\u012f nepa\u017e\u012fstami asmenys, pasi\u016bl\u0119 investuoti per investavimo platforma, i\u0161viliojo 5,7 t\u016bkst. eur\u0173.<\/p>\n<p>Penktadien\u012f taip pat gautas prane\u0161imas, kad spalio 8 d., apie 12.50 val., Vilniuje, i\u0161 1949 m. gimusio vyro nepa\u017e\u012fstami asmenys apgaule i\u0161viliojo 4 t\u016bkst. eur\u0173.<\/p>\n<p>D\u0117l vis\u0173 atvej\u0173 prad\u0117ti ikiteisminiai tyrimai d\u0117l suk\u010diavimo.<\/p>\n<p>Be to, spalio 10 d., gautas dar vienas prane\u0161imas \u2013 1950 m. gim\u0119s vyras nurod\u0117, kad spalio 6\u20137 dienomis nepa\u017e\u012fstamas asmuo i\u0161 jo apgaule i\u0161viliojo dvi banko mok\u0117jimo korteles. I\u0161 vyro s\u0105skait\u0173 buvo pasisavinta 3,31 t\u016bkst. eur\u0173.<\/p>\n<p>D\u0117l \u0161io atvejo prad\u0117tas ikiteisminis tyrimas d\u0117l neteis\u0117to elektronin\u0117s mok\u0117jimo priemon\u0117s ar jos duomen\u0173 panaudojimo.<\/p>\n","protected":false},"excerpt":{"rendered":"Utenos vyriausiasis policijos komisariatas prane\u0161a, kad spalio 10 d. apie 17.50 val. Zarasuose, Vytauto g., prekybos centre, prie&hellip;\n","protected":false},"author":2,"featured_media":15355,"comment_status":"","ping_status":"","sticky":false,"template":"","format":"standard","meta":{"footnotes":""},"categories":[13],"tags":[25,30,31,34,35,24,32,33,37,39,36,38,40,23,22,28,29,2682,26,27],"class_list":{"0":"post-15354","1":"post","2":"type-post","3":"status-publish","4":"format-standard","5":"has-post-thumbnail","7":"category-lietuva","8":"tag-antrastes","9":"tag-breaking-news","10":"tag-breakingnews","11":"tag-featured-news","12":"tag-featurednews","13":"tag-headlines","14":"tag-latest-news","15":"tag-latestnews","16":"tag-lietuva","17":"tag-lietuviu","18":"tag-lithuania","19":"tag-lithuanian","20":"tag-lt","21":"tag-naujienos","22":"tag-news","23":"tag-populiariausios-naujienos","24":"tag-populiariausiosnaujienos","25":"tag-sukciai","26":"tag-top-stories","27":"tag-topstories"},"share_on_mastodon":{"url":"","error":""},"_links":{"self":[{"href":"https:\/\/www.europesays.com\/lt\/wp-json\/wp\/v2\/posts\/15354","targetHints":{"allow":["GET"]}}],"collection":[{"href":"https:\/\/www.europesays.com\/lt\/wp-json\/wp\/v2\/posts"}],"about":[{"href":"https:\/\/www.europesays.com\/lt\/wp-json\/wp\/v2\/types\/post"}],"author":[{"embeddable":true,"href":"https:\/\/www.europesays.com\/lt\/wp-json\/wp\/v2\/users\/2"}],"replies":[{"embeddable":true,"href":"https:\/\/www.europesays.com\/lt\/wp-json\/wp\/v2\/comments?post=15354"}],"version-history":[{"count":0,"href":"https:\/\/www.europesays.com\/lt\/wp-json\/wp\/v2\/posts\/15354\/revisions"}],"wp:featuredmedia":[{"embeddable":true,"href":"https:\/\/www.europesays.com\/lt\/wp-json\/wp\/v2\/media\/15355"}],"wp:attachment":[{"href":"https:\/\/www.europesays.com\/lt\/wp-json\/wp\/v2\/media?parent=15354"}],"wp:term":[{"taxonomy":"category","embeddable":true,"href":"https:\/\/www.europesays.com\/lt\/wp-json\/wp\/v2\/categories?post=15354"},{"taxonomy":"post_tag","embeddable":true,"href":"https:\/\/www.europesays.com\/lt\/wp-json\/wp\/v2\/tags?post=15354"}],"curies":[{"name":"wp","href":"https:\/\/api.w.org\/{rel}","templated":true}]}}