{"id":15356,"date":"2025-10-11T13:58:08","date_gmt":"2025-10-11T13:58:08","guid":{"rendered":"https:\/\/www.europesays.com\/lt\/15356\/"},"modified":"2025-10-11T13:58:08","modified_gmt":"2025-10-11T13:58:08","slug":"vokietijos-oro-liniju-bendroves-praso-leisti-numusineti-dronus-virs-oro-uostu","status":"publish","type":"post","link":"https:\/\/www.europesays.com\/lt\/15356\/","title":{"rendered":"Vokietijos oro linij\u0173 bendrov\u0117s pra\u0161o leisti numu\u0161in\u0117ti dronus vir\u0161 oro uost\u0173"},"content":{"rendered":"<p>Leidimas numu\u0161in\u0117ti dronus<\/p>\n<p class=\"MsoNormal\">Bepilo\u010diai orlaiviai pridar\u0117 nema\u017e\u0173 problem\u0173 Europos S\u0105jungos (ES) valstybi\u0173 nari\u0173, \u012fskaitant Vokietij\u0105, <a rel=\"noopener nofollow\" target=\"_blank\" href=\"https:\/\/www.delfi.lt\/temos\/europos-oro-uostai\" tag-id=\"85593349\">oro uostams<\/a>. \u0160alies Federalin\u0117 oro linij\u0173 bendrovi\u0173 asociacija paragino politikus imtis priemoni\u0173.<\/p>\n<p class=\"MsoNormal\">\u201eEsant gr\u0117sm\u0119 kelian\u010diai situacijai, turi b\u016bti leid\u017eiama numu\u0161in\u0117ti dronus\u201c, \u2013 parei\u0161k\u0117 Federalin\u0117s oro linij\u0173 bendrovi\u0173 asociacijos prezidentas Peteris Gerberis. Jo teigimu, b\u016btina skubiai i\u0161siai\u0161kinti, kas prisiima atsakomyb\u0119 gr\u0117smingoje situacijoje.<\/p>\n<p class=\"MsoNormal\">P. Gerberis taip pat parei\u0161k\u0117, kad civiliniuose oro uostuose federalinei policijai turi b\u016bti suteikti \u012fgaliojimai kovoti su dronais ir, jeigu reikia, juos numu\u0161in\u0117ti.<\/p>\n<p class=\"MsoNormal\">\u201eOro linij\u0173 bendrov\u0117ms dron\u0173 problema spar\u010diai tampa brangia. Valanda sutrikdyto darbo visada rei\u0161kia milijoninius nuostolius\u201c, \u2013 pabr\u0117\u017e\u0117 jis.<\/p>\n<p class=\"MsoNormal\">Paklaustas apie biliet\u0173 kain\u0173 poky\u010dius, P. Gerberis atsak\u0117, kad bilietai tikrai neatpigs.<\/p>\n<p class=\"MsoNormal\">Priminsime, kad pastar\u0105j\u012f m\u0117nes\u012f daugelio ES \u0161ali\u0173 oro erdv\u0117je pasteb\u0117ta neatpa\u017eint\u0173 bepilo\u010di\u0173. Vokietija \u0161iais metais prane\u0161\u0117 apie ne vien\u0105 bepilo\u010di\u0173 skryd\u017ei\u0173 vir\u0161 karini\u0173 bazi\u0173, pramon\u0117s statini\u0173 ir kit\u0173 ypatingos svarbos infrastrukt\u016bros objekt\u0173 atvej\u012f.<\/p>\n","protected":false},"excerpt":{"rendered":"Leidimas numu\u0161in\u0117ti dronus Bepilo\u010diai orlaiviai pridar\u0117 nema\u017e\u0173 problem\u0173 Europos S\u0105jungos (ES) valstybi\u0173 nari\u0173, \u012fskaitant Vokietij\u0105, oro uostams. \u0160alies&hellip;\n","protected":false},"author":2,"featured_media":15357,"comment_status":"","ping_status":"","sticky":false,"template":"","format":"standard","meta":{"footnotes":""},"categories":[15],"tags":[25,30,31,267,386,34,35,24,32,33,37,39,36,38,40,23,22,44,28,29,26,27,320,74,75,76],"class_list":{"0":"post-15356","1":"post","2":"type-post","3":"status-publish","4":"format-standard","5":"has-post-thumbnail","7":"category-pasaulis","8":"tag-antrastes","9":"tag-breaking-news","10":"tag-breakingnews","11":"tag-dronai","12":"tag-europos-oro-uostai","13":"tag-featured-news","14":"tag-featurednews","15":"tag-headlines","16":"tag-latest-news","17":"tag-latestnews","18":"tag-lietuva","19":"tag-lietuviu","20":"tag-lithuania","21":"tag-lithuanian","22":"tag-lt","23":"tag-naujienos","24":"tag-news","25":"tag-pasaulis","26":"tag-populiariausios-naujienos","27":"tag-populiariausiosnaujienos","28":"tag-top-stories","29":"tag-topstories","30":"tag-vokietija","31":"tag-world","32":"tag-world-news","33":"tag-worldnews"},"share_on_mastodon":{"url":"","error":""},"_links":{"self":[{"href":"https:\/\/www.europesays.com\/lt\/wp-json\/wp\/v2\/posts\/15356","targetHints":{"allow":["GET"]}}],"collection":[{"href":"https:\/\/www.europesays.com\/lt\/wp-json\/wp\/v2\/posts"}],"about":[{"href":"https:\/\/www.europesays.com\/lt\/wp-json\/wp\/v2\/types\/post"}],"author":[{"embeddable":true,"href":"https:\/\/www.europesays.com\/lt\/wp-json\/wp\/v2\/users\/2"}],"replies":[{"embeddable":true,"href":"https:\/\/www.europesays.com\/lt\/wp-json\/wp\/v2\/comments?post=15356"}],"version-history":[{"count":0,"href":"https:\/\/www.europesays.com\/lt\/wp-json\/wp\/v2\/posts\/15356\/revisions"}],"wp:featuredmedia":[{"embeddable":true,"href":"https:\/\/www.europesays.com\/lt\/wp-json\/wp\/v2\/media\/15357"}],"wp:attachment":[{"href":"https:\/\/www.europesays.com\/lt\/wp-json\/wp\/v2\/media?parent=15356"}],"wp:term":[{"taxonomy":"category","embeddable":true,"href":"https:\/\/www.europesays.com\/lt\/wp-json\/wp\/v2\/categories?post=15356"},{"taxonomy":"post_tag","embeddable":true,"href":"https:\/\/www.europesays.com\/lt\/wp-json\/wp\/v2\/tags?post=15356"}],"curies":[{"name":"wp","href":"https:\/\/api.w.org\/{rel}","templated":true}]}}