{"id":15358,"date":"2025-10-11T13:59:17","date_gmt":"2025-10-11T13:59:17","guid":{"rendered":"https:\/\/www.europesays.com\/lt\/15358\/"},"modified":"2025-10-11T13:59:17","modified_gmt":"2025-10-11T13:59:17","slug":"ministerija-ukrainos-veliavos-buvo-patrauktos-ignoto-adomaviciaus-nurodymu","status":"publish","type":"post","link":"https:\/\/www.europesays.com\/lt\/15358\/","title":{"rendered":"Ministerija: Ukrainos v\u0117liavos buvo patrauktos Ignoto Adomavi\u010diaus nurodymu"},"content":{"rendered":"<p>Pra\u0117jusi\u0105 savait\u0119 Kult\u016bros ministerijoje dingus Ukrainos v\u0117liavoms, penktadien\u012f ministerija LRT portalui prane\u0161\u0117, kad tai buvo padaryta vykdant tuometinio ministro Ignoto Adomavi\u010diaus nurodymus.<\/p>\n<p>\u201eVykdant tuometinio ministro Ignoto Adomavi\u010diaus \u017eodin\u012f pavedim\u0105 Ukrainos v\u0117liavos buvo patrauktos, o v\u0117liau gr\u0105\u017eintos atgal \u012f \u012fprastas stov\u0117jimo vietas, tikslaus v\u0117liav\u0173 patraukimo laiko ministerijos specialistai nefiksavo, v\u0117liav\u0173 patraukimo prie\u017eastys i\u0161komunikuotos I. Adomavi\u010diaus \u017eodiniu nurodymu. Apie v\u0117liav\u0173 i\u0161d\u0117stymo poky\u010dius ministro kabinete ministerijos specialistai nebuvo informuoti\u201c, \u2013 teigiama portalui atsi\u0173stame ministerijos komentare.<\/p>\n<p>Pasak portalo, pra\u0117jusi\u0105 savait\u0119 \u201eLRT Klasikos\u201c \u017eurnalistas Marius Eidukonis prane\u0161\u0117, jog <a style=\"font-weight:bold;\" href=\"https:\/\/madeinvilnius.lt\/tema\/kulturos-ministerija\/\" target=\"_blank\" rel=\"nofollow noopener\">Kult\u016bros ministerijos<\/a> spaudos kambaryje nebeliko Ukrainos v\u0117liavos. Tai patvirtino ir vietoje apsilank\u0119s LRT portalo fotografas. Po keli\u0173 valand\u0173 v\u0117liava buvo gr\u0105\u017einta \u012f viet\u0105.\u00a0<\/p>\n<p>V\u0117liau ministerija \u017einiasklaidai prane\u0161\u0117, kad v\u0117liava buvo i\u0161ne\u0161ta tik kelioms valandoms, prireikus j\u0105 i\u0161valyti.<\/p>\n<p>BNS ra\u0161\u0117, kad nepatik\u0117j\u0119 kult\u016bros ministro Igno Adomavi\u010diaus \u017eod\u017eiais apie ministerijoje tik trumpam nukabint\u0105 Ukrainos v\u0117liav\u0105, keli aktyvistai sureng\u0117 protest\u0105 prie institucijos.<\/p>\n","protected":false},"excerpt":{"rendered":"Pra\u0117jusi\u0105 savait\u0119 Kult\u016bros ministerijoje dingus Ukrainos v\u0117liavoms, penktadien\u012f ministerija LRT portalui prane\u0161\u0117, kad tai buvo padaryta vykdant tuometinio&hellip;\n","protected":false},"author":2,"featured_media":15359,"comment_status":"","ping_status":"","sticky":false,"template":"","format":"standard","meta":{"footnotes":""},"categories":[13],"tags":[25,30,31,34,35,24,32,33,37,39,36,38,40,23,22,28,29,26,27,360],"class_list":{"0":"post-15358","1":"post","2":"type-post","3":"status-publish","4":"format-standard","5":"has-post-thumbnail","7":"category-lietuva","8":"tag-antrastes","9":"tag-breaking-news","10":"tag-breakingnews","11":"tag-featured-news","12":"tag-featurednews","13":"tag-headlines","14":"tag-latest-news","15":"tag-latestnews","16":"tag-lietuva","17":"tag-lietuviu","18":"tag-lithuania","19":"tag-lithuanian","20":"tag-lt","21":"tag-naujienos","22":"tag-news","23":"tag-populiariausios-naujienos","24":"tag-populiariausiosnaujienos","25":"tag-top-stories","26":"tag-topstories","27":"tag-ukraina"},"share_on_mastodon":{"url":"","error":""},"_links":{"self":[{"href":"https:\/\/www.europesays.com\/lt\/wp-json\/wp\/v2\/posts\/15358","targetHints":{"allow":["GET"]}}],"collection":[{"href":"https:\/\/www.europesays.com\/lt\/wp-json\/wp\/v2\/posts"}],"about":[{"href":"https:\/\/www.europesays.com\/lt\/wp-json\/wp\/v2\/types\/post"}],"author":[{"embeddable":true,"href":"https:\/\/www.europesays.com\/lt\/wp-json\/wp\/v2\/users\/2"}],"replies":[{"embeddable":true,"href":"https:\/\/www.europesays.com\/lt\/wp-json\/wp\/v2\/comments?post=15358"}],"version-history":[{"count":0,"href":"https:\/\/www.europesays.com\/lt\/wp-json\/wp\/v2\/posts\/15358\/revisions"}],"wp:featuredmedia":[{"embeddable":true,"href":"https:\/\/www.europesays.com\/lt\/wp-json\/wp\/v2\/media\/15359"}],"wp:attachment":[{"href":"https:\/\/www.europesays.com\/lt\/wp-json\/wp\/v2\/media?parent=15358"}],"wp:term":[{"taxonomy":"category","embeddable":true,"href":"https:\/\/www.europesays.com\/lt\/wp-json\/wp\/v2\/categories?post=15358"},{"taxonomy":"post_tag","embeddable":true,"href":"https:\/\/www.europesays.com\/lt\/wp-json\/wp\/v2\/tags?post=15358"}],"curies":[{"name":"wp","href":"https:\/\/api.w.org\/{rel}","templated":true}]}}