{"id":15362,"date":"2025-10-11T14:04:07","date_gmt":"2025-10-11T14:04:07","guid":{"rendered":"https:\/\/www.europesays.com\/lt\/15362\/"},"modified":"2025-10-11T14:04:07","modified_gmt":"2025-10-11T14:04:07","slug":"vilniuje-izraelio-veiksmus-gazoje-smerkianciu-organizaciju-protesto-eitynes","status":"publish","type":"post","link":"https:\/\/www.europesays.com\/lt\/15362\/","title":{"rendered":"Vilniuje \u2013 Izraelio veiksmus Gazoje smerkian\u010di\u0173 organizacij\u0173 protesto eityn\u0117s"},"content":{"rendered":"<p>Protesto organizatoriai taip pat reikalauja \u012fvesti Izraeliui tikslines sankcijas bei d\u0117ti pastangas, siekiant u\u017ekirsti keli\u0105 tolimesniam genocido vykdymui. Taip pat reikalaujama siekti, kad Izraelis b\u016bt\u0173 baud\u017eiamas u\u017e \u012fvykdytus nusikaltimus vadovaujantis tarptautine teise.<\/p>\n<p>\u201eLietuva genocido akivaizdoje vis dar tyli. Tylus prie\u0161taravimas niekuo neprisideda prie to, kad Izraelio vykdomas genocidas b\u016bt\u0173 sustabdytas, Izraelis b\u016bt\u0173 nubaustas, o palestinie\u010diai gal\u0117t\u0173 gyventi saugiai, oriai ir laisvai nuo okupacijos. Esame tikri, kad did\u017eioji dalis \u017emoni\u0173 Lietuvoje nepalaiko Izraelio vykdom\u0173 \u017eiaurum\u0173 okupuotoje Palestinoje. T\u0105 protestu ir norime parodyti, to reikalaujame ir i\u0161 valstyb\u0117s institucij\u0173\u201c, \u2013 prane\u0161ime teig\u0117 vienas i\u0161 renginio organizatori\u0173, \u017emogaus teisi\u0173 aktyvistas Ajus Jurgaitis.<\/p>\n<p>\u0160e\u0161tadien\u012f rengiama protesto akcija prasid\u0117s eisena \u2013 Palestinai solidarum\u0105 rei\u0161kiantys aktyvistai rinksis Europos aik\u0161t\u0117je, i\u0161 kurios pajud\u0117s link\u00a0Vinco Kudirkos aik\u0161t\u0117s.\u00a0<\/p>\n<p>Protest\u0105 organizuoja a\u0161tuonios Palestin\u0105 palaikan\u010dios organizacijos ir bendruomen\u0117s: \u201ePoppies Palestine Action Vilnius\u201c,\u00a0\u201eDemonstruokim\u0117s\u201c, Vilniaus dail\u0117s akademijos bendruomen\u0117 u\u017e Palestin\u0105, Vilniaus universiteto studentai u\u017e Palestin\u0105, Gegu\u017e\u0117s 1-osios profesin\u0117 s\u0105junga, klimato jud\u0117jimas\u00a0\u201eFridays For Future Lietuva\u201c, b\u016bgn\u0173 kolektyvas\u00a0\u201eRoR Vilnius\u201c bei \u017eydi\u0161kas jud\u0117jimas\u00a0\u201eVilne Bund\u201c.<\/p>\n<p>ELTA primena, kad \u0161i\u0105 savait\u0119 Izraelis ir \u201eHamas\u201c susitar\u0117 d\u0117l paliaub\u0173 pagal JAV prezidento Donaldo Trumpo pasi\u016blyt\u0105 ugnies nutraukimo ir \u012fkait\u0173 i\u0161laisvinimo plan\u0105. Mainais \u012f \u012fkaitus Izraelis paleis apie 2 t\u016bkst. palestinie\u010di\u0173 kalini\u0173.<\/p>\n<p>D. Trumpo 20 punkt\u0173 planas Gazos Ruo\u017eui numato paliaubas, vis\u0173 Gazos Ruo\u017ee laikom\u0173 \u012fkait\u0173 paleidim\u0105, \u201eHamas\u201c nusiginklavim\u0105 ir laipsni\u0161k\u0105 Izraelio pasitraukim\u0105 i\u0161 \u0161ios teritorijos.<\/p>\n","protected":false},"excerpt":{"rendered":"Protesto organizatoriai taip pat reikalauja \u012fvesti Izraeliui tikslines sankcijas bei d\u0117ti pastangas, siekiant u\u017ekirsti keli\u0105 tolimesniam genocido vykdymui.&hellip;\n","protected":false},"author":2,"featured_media":15363,"comment_status":"","ping_status":"","sticky":false,"template":"","format":"standard","meta":{"footnotes":""},"categories":[15],"tags":[25,30,31,34,35,702,24,553,32,33,37,39,36,38,40,23,22,44,28,29,26,27,74,75,76],"class_list":{"0":"post-15362","1":"post","2":"type-post","3":"status-publish","4":"format-standard","5":"has-post-thumbnail","7":"category-pasaulis","8":"tag-antrastes","9":"tag-breaking-news","10":"tag-breakingnews","11":"tag-featured-news","12":"tag-featurednews","13":"tag-gazos-ruozas","14":"tag-headlines","15":"tag-izraelis","16":"tag-latest-news","17":"tag-latestnews","18":"tag-lietuva","19":"tag-lietuviu","20":"tag-lithuania","21":"tag-lithuanian","22":"tag-lt","23":"tag-naujienos","24":"tag-news","25":"tag-pasaulis","26":"tag-populiariausios-naujienos","27":"tag-populiariausiosnaujienos","28":"tag-top-stories","29":"tag-topstories","30":"tag-world","31":"tag-world-news","32":"tag-worldnews"},"share_on_mastodon":{"url":"","error":""},"_links":{"self":[{"href":"https:\/\/www.europesays.com\/lt\/wp-json\/wp\/v2\/posts\/15362","targetHints":{"allow":["GET"]}}],"collection":[{"href":"https:\/\/www.europesays.com\/lt\/wp-json\/wp\/v2\/posts"}],"about":[{"href":"https:\/\/www.europesays.com\/lt\/wp-json\/wp\/v2\/types\/post"}],"author":[{"embeddable":true,"href":"https:\/\/www.europesays.com\/lt\/wp-json\/wp\/v2\/users\/2"}],"replies":[{"embeddable":true,"href":"https:\/\/www.europesays.com\/lt\/wp-json\/wp\/v2\/comments?post=15362"}],"version-history":[{"count":0,"href":"https:\/\/www.europesays.com\/lt\/wp-json\/wp\/v2\/posts\/15362\/revisions"}],"wp:featuredmedia":[{"embeddable":true,"href":"https:\/\/www.europesays.com\/lt\/wp-json\/wp\/v2\/media\/15363"}],"wp:attachment":[{"href":"https:\/\/www.europesays.com\/lt\/wp-json\/wp\/v2\/media?parent=15362"}],"wp:term":[{"taxonomy":"category","embeddable":true,"href":"https:\/\/www.europesays.com\/lt\/wp-json\/wp\/v2\/categories?post=15362"},{"taxonomy":"post_tag","embeddable":true,"href":"https:\/\/www.europesays.com\/lt\/wp-json\/wp\/v2\/tags?post=15362"}],"curies":[{"name":"wp","href":"https:\/\/api.w.org\/{rel}","templated":true}]}}