{"id":15383,"date":"2025-10-11T14:32:19","date_gmt":"2025-10-11T14:32:19","guid":{"rendered":"https:\/\/www.europesays.com\/lt\/15383\/"},"modified":"2025-10-11T14:32:19","modified_gmt":"2025-10-11T14:32:19","slug":"jaunuju-plaukiku-is-rokiskio-tevai-del-ju-kiekviena-menesi-nuvaziuoja-2000-km-viskas-del-svarbaus-tikslo","status":"publish","type":"post","link":"https:\/\/www.europesays.com\/lt\/15383\/","title":{"rendered":"Jaun\u0173j\u0173 plaukik\u0173 i\u0161 Roki\u0161kio t\u0117vai d\u0117l j\u0173 kiekvien\u0105 m\u0117nes\u012f nuva\u017eiuoja 2000 km: viskas d\u0117l svarbaus tikslo"},"content":{"rendered":"<p>Prizines vietas pelno ne tik Lietuvoje<\/p>\n<p>Adomas yra Lietuvos vaik\u0173 <a rel=\"noopener nofollow\" target=\"_blank\" href=\"https:\/\/www.delfi.lt\/temos\/plaukimas\" tag-id=\"54185503\">plaukimo<\/a> daugkartinis \u010dempionas ir jaunu\u010di\u0173 \u010dempionat\u0173 bei tarptautini\u0173 var\u017eyb\u0173 prizininkas. Kiti vaikai \u2013 taip pat savo am\u017eiuje prizines vietas laimintys plaukikai, su\u017eib\u0117j\u0119 ne tik Lietuvoje, bet ir u\u017esienyje. <\/p>\n<p>J\u0173 talentus pasteb\u0117jusio pirmojo trenerio K\u0119stu\u010dio Buinicko, deja, \u0161iandien jau neb\u0117ra tarp m\u016bs\u0173, o su juo i\u0161\u0117jo ir viltis treniruotis Roki\u0161kio mieste, nes artimiausias tokios kvalifikacijos trenerius samdantis baseinas yra Panev\u0117\u017eyje. <\/p>\n<p>Jaun\u0173j\u0173 plaukik\u0173 t\u0117vai sako jau\u010diantys didel\u0119 prasm\u0119, matydami, kaip puikiai sekasi j\u0173 vaikams, tod\u0117l kasdien \u012fveikti nema\u017e\u0105 atstum\u0105 n\u0117ra taip ir sunku. <\/p>\n<p>\u201ePuikiai sekasi, tod\u0117l ir \u017einome, d\u0117l ko keliaujame. D\u0117l vaik\u0173 ateities, ka\u017ekoki\u0173 tiksl\u0173. Tas labai prisideda prie s\u0117kmingo keliavimo kiekvien\u0105 dien\u0105\u201c, \u2013 sak\u0117 dviej\u0173 plaukiki\u0173 t\u0117tis Ernestas Bardi\u0161evi\u010dius. <\/p>\n<p>Jaun\u0173j\u0173 plaukik\u0173 t\u0117vai paklausti, kaip sekasi suderinti buit\u012f, darbus ir kitas veiklas su vaik\u0173 noru treniruotis baseine, sak\u0117, kad ve\u017eiojim\u0105 tenka dalintis pagal galimybes. <\/p>\n<p>\u201eDa\u017eniausiai ve\u017eiojimo darbus atlieka m\u016bs\u0173 mamos didvyr\u0117s. \u010cia jau j\u0173 nuopelnai\u201c, \u2013 pabr\u0117\u017e\u0117 plaukik\u0173 t\u0117tis Albertas Staskonis. <\/p>\n<p>Anot vienos i\u0161 mam\u0173 Renatos, vaik\u0173 pasiekimai ger\u0117ja ir jie patys tobul\u0117ja. <\/p>\n<p>\u201eD\u0117l to labai d\u017eiugu ir d\u017eiaugiam\u0117s, kad ne veltui ve\u017eiojame bei stengiam\u0117s, jog vaikai tikrai turi tiksl\u0105 ir jo siekia. Kelion\u0117s i\u0161 ties\u0173 u\u017eima nema\u017e\u0105 dienos laiko dal\u012f. Taip pat \u2013 ilgos treniruot\u0117s, v\u0117lyvas gr\u012f\u017eimas, pamok\u0173 ruo\u0161imas. I\u0161 tikr\u0173j\u0173 didelis d\u0117kingumas vaikams yra vien d\u0117l to, kad jie stengiasi, patys susiplanuoja savo veiklas. Ai\u0161ku, d\u017eiugina ir vaik\u0173 rezultatai \u010dempionatuose. Visi vaikai yra svarbiausi\u0173 Lietuvoje var\u017eyb\u0173 prizininkai\u201c, \u2013 kalb\u0117jo R.  Staskonien\u0117. <\/p>\n<p>Jaunieji plaukikai taip pat dalyvauja u\u017esienyje organizuojamose var\u017eybose. <\/p>\n<p>\u201eM\u016bs\u0173 vaikai u\u017esienyje taip pat yra pakankamai konkurencingi ir stipr\u016bs\u201c, \u2013 akcentavo A. Staskonis.<\/p>\n<p>Vienas i\u0161 jaun\u0173j\u0173 plaukik\u0173 paklaustas, kas lemia s\u0117km\u0119 var\u017eybose, sak\u0117, kad \u012ftakos viskam turi nusiteikimas ir pasiruo\u0161imas. <\/p>\n<p>    <img decoding=\"async\" src=\"https:\/\/www.europesays.com\/lt\/wp-content\/uploads\/2025\/10\/a4686451-946d-4e20-96af-6ab19d529407.jpg\" loading=\"lazy\" alt=\"Baseinas\"\/>      <\/p>\n<p>Treneris d\u017eiaugiasi vaik\u0173 atsidavimu<\/p>\n<p>T\u0117tis Ernestas paklaustas, kaip dukroms pavyksta suderinti mokslus su plaukimu, tikino, kad su dideliu noru viskas pavyksta. <\/p>\n<p>\u201eJos turi tikslus, ateit\u012f sieja su plaukimu ir labai nori visk\u0105 suderinti. Jau \u012fprato, kad gr\u012f\u017eta gan\u0117tinai v\u0117lai, o po pamok\u0173 likus\u012f laik\u0105, kur\u012f kiti leid\u017eia prie kompiuterio ar dar kitaip, turi skirti pareig\u0173 vykdymui. Reikia atlikti nam\u0173 darbus, pasiruo\u0161ti tai pa\u010diai treniruotei, o gr\u012f\u017eta jau tiesiai \u012f lov\u0105\u201c, \u2013 pasakojo vyras.<\/p>\n<p>Treneris Justinas taip pat pastebi vaik\u0173 entuziazm\u0105 ir labai d\u017eiaugiasi visos kompanijos atsidavimui plaukimo sportui.<\/p>\n<p>\u201eLabai motyvuoti vaikai, akys didel\u0117s, klauso, girdi, k\u0105 sakau, motyvuoti tikslo siekimui. Taigi labai malonu su jais dirbti. Tikim\u0117s, kad ir to darbo rezultatus po ka\u017ekiek laiko pasimatys. Tai pasidaro ne per dien\u0105 ar dvi, bet tikrai pasidarys\u201c, \u2013 kalb\u0117jo vaik\u0173 treneris Justinas Achramavi\u010dius. <\/p>\n<p>    <img decoding=\"async\" src=\"https:\/\/www.europesays.com\/lt\/wp-content\/uploads\/2025\/10\/8ab293bd-35ad-4600-82c9-9b2c5719964c.jpg\" loading=\"lazy\" alt=\"Baseinas\"\/>      <\/p>\n<p>Tam, kad b\u016bt\u0173 pasiekti rezultatai, svarbu nuosekliai treniruotis, o tai rei\u0161kia, kad ir toliau kasdien vykti i\u0161 Roki\u0161kio \u012f Panev\u0117\u017e\u012f. Tod\u0117l Adomo ir Elenos mama, visai atsitiktinai aptikusi iniciatyv\u0105 \u201eNorfai r\u016bpi\u201c, pasinaudojo paramos galimybe, kuri pad\u0117s abiems \u0161eimoms suma\u017einti ka\u0161tus kuro s\u0105naudoms.<\/p>\n<p>\u201eKadangi vaikai tikrai yra talentingi ir n\u0117ra eiliniai, kurie va\u017ein\u0117ja \u0161e\u0161is kartus per savait\u0119 po 100 km \u012f vien\u0105 pus\u0119, tai sugalvojau u\u017epildyti anket\u0105. Nustebau, kai labai greitai atsiliep\u0117 ir prane\u0161\u0117, kad buvome atrinkti\u201c, \u2013 kalb\u0117jo mama Renata. Jos vyras prid\u016br\u0117, kad i\u0161 ties\u0173 kelioni\u0173 ka\u0161tai \u012f Panev\u0117\u017e\u012f n\u0117ra ma\u017ei. Per m\u0117nes\u012f vienai \u0161eimai, kurios vaik\u0173 ve\u017eiojimus dalinasi, tenka \u012fveikti apie 2000 kilometr\u0173.<\/p>\n<p>Jaun\u0173j\u0173 plaukik\u0173 t\u0117vai savo at\u017ealoms palink\u0117jo pa\u010di\u0173 auk\u0161\u010diausi\u0173 pasiekim\u0173 bei kada nors sudalyvauti olimpiadoje, taip pat \u2013 neprarasti tik\u0117jimo plaukimu ir toliau daug dirbti d\u0117l savo tiksl\u0173 bei svajoni\u0173.<\/p>\n<p>Projekt\u0105 inicijuoja ir param\u0105 teikia \u201eNorfa\u201c.<\/p>\n<p>Vis\u0105 pokalb\u012f galite i\u0161girsti auk\u0161\u010diau esan\u010diame vaizdo \u012fra\u0161e.<\/p>\n","protected":false},"excerpt":{"rendered":"Prizines vietas pelno ne tik Lietuvoje Adomas yra Lietuvos vaik\u0173 plaukimo daugkartinis \u010dempionas ir jaunu\u010di\u0173 \u010dempionat\u0173 bei tarptautini\u0173&hellip;\n","protected":false},"author":2,"featured_media":12833,"comment_status":"","ping_status":"","sticky":false,"template":"","format":"standard","meta":{"footnotes":""},"categories":[19],"tags":[4650,37,39,36,38,40,600,5167,4649,47,104],"class_list":{"0":"post-15383","1":"post","2":"type-post","3":"status-publish","4":"format-standard","5":"has-post-thumbnail","7":"category-sportas","8":"tag-baseinas","9":"tag-lietuva","10":"tag-lietuviu","11":"tag-lithuania","12":"tag-lithuanian","13":"tag-lt","14":"tag-panevezys","15":"tag-plaukimas","16":"tag-rokiskis","17":"tag-sportas","18":"tag-sports"},"share_on_mastodon":{"url":"","error":""},"_links":{"self":[{"href":"https:\/\/www.europesays.com\/lt\/wp-json\/wp\/v2\/posts\/15383","targetHints":{"allow":["GET"]}}],"collection":[{"href":"https:\/\/www.europesays.com\/lt\/wp-json\/wp\/v2\/posts"}],"about":[{"href":"https:\/\/www.europesays.com\/lt\/wp-json\/wp\/v2\/types\/post"}],"author":[{"embeddable":true,"href":"https:\/\/www.europesays.com\/lt\/wp-json\/wp\/v2\/users\/2"}],"replies":[{"embeddable":true,"href":"https:\/\/www.europesays.com\/lt\/wp-json\/wp\/v2\/comments?post=15383"}],"version-history":[{"count":0,"href":"https:\/\/www.europesays.com\/lt\/wp-json\/wp\/v2\/posts\/15383\/revisions"}],"wp:featuredmedia":[{"embeddable":true,"href":"https:\/\/www.europesays.com\/lt\/wp-json\/wp\/v2\/media\/12833"}],"wp:attachment":[{"href":"https:\/\/www.europesays.com\/lt\/wp-json\/wp\/v2\/media?parent=15383"}],"wp:term":[{"taxonomy":"category","embeddable":true,"href":"https:\/\/www.europesays.com\/lt\/wp-json\/wp\/v2\/categories?post=15383"},{"taxonomy":"post_tag","embeddable":true,"href":"https:\/\/www.europesays.com\/lt\/wp-json\/wp\/v2\/tags?post=15383"}],"curies":[{"name":"wp","href":"https:\/\/api.w.org\/{rel}","templated":true}]}}