{"id":153842,"date":"2026-04-15T10:06:07","date_gmt":"2026-04-15T10:06:07","guid":{"rendered":"https:\/\/www.europesays.com\/lt\/153842\/"},"modified":"2026-04-15T10:06:07","modified_gmt":"2026-04-15T10:06:07","slug":"ltg-vadovui-lazauskui-ismoketa-87-tukst-eur-iseitine","status":"publish","type":"post","link":"https:\/\/www.europesays.com\/lt\/153842\/","title":{"rendered":"LTG vadovui Lazauskui i\u0161mok\u0117ta 87 t\u016bkst. Eur i\u0161eitin\u0117"},"content":{"rendered":"<p>Portalui lrt.lt nurodyta, kad pagal darbo sutart\u012f E. Lazauskui priklaus\u0117 6 m\u0117nesi\u0173 i\u0161eitin\u0117 kompensacija.<\/p>\n<p>Ltg.lt puslapyje skelbiama, kad 2025 m. generalinio direktoriaus m\u0117nesinis atlyginimas, neatskai\u010dius mokes\u010di\u0173, siek\u0117 14 650 eur\u0173. <\/p>\n<p>\u201eDelfi\u201c primena, kad baland\u017eio 10 prane\u0161ta, jog abiej\u0173 \u0161ali\u0173 susitarimu<a rel=\"noopener follow nofollow\" target=\"_blank\" href=\"https:\/\/www.delfi.lt\/verslas\/naujienos\/ltg-generalinis-direktorius-lazauskas-palieka-pareigas-120235514\" data-rel-date-range=\"[]\"> pareigas palieka bendrov\u0117s generalinis direktorius Egidijus Lazauskas<\/a>. Teigta, kad organizacija \u017eengia \u012f nauj\u0105 pl\u0117tros etap\u0105. Prane\u0161ime ai\u0161kinama, kad reikia stiprinti LTG vaidmen\u012f atsparumo ir gynybos srityje ir nuosekliai pl\u0117sti veikl\u0105 ten, kur kuriama ilgalaik\u0117 vert\u0117 valstybei ir visuomenei.<\/p>\n<p>Pasirod\u017eius \u017einiai, kad valstyb\u0117s valdom\u0173 \u201eLietuvos gele\u017einkeli\u0173\u201c generalinis direktorius \u0161ali\u0173 sutarimu palieka post\u0105, Seimo konservatori\u0173 frakcijos narys Mindaugas Ling\u0117 tai vadino valymu. Pla\u010diau <a rel=\"noopener follow nofollow\" target=\"_blank\" href=\"https:\/\/www.delfi.lt\/verslas\/naujienos\/po-zinios-apie-ltg-vadovo-atleidima-kandi-linges-reakcija-zinoma-tik-atsitiktinumas-120235610\" data-rel-date-range=\"[]\">galite skaityti \u010dia<\/a>.<\/p>\n<p>\u201eDelfi\u201c primena, kad tai ne pirmieji poky\u010diai Susisiekimo ministerijai pavald\u017eiose \u012fmon\u0117se. Kovo 13 dien\u0105 prane\u0161ta, kad Simonas Bartkus palieka Lietuvos oro uost\u0173 vadovo pareigas abiej\u0173 \u0161ali\u0173 susitarimu. \u017diniasklaidai i\u0161platintame prane\u0161ime taip pat buvo ai\u0161kinama apie \u201ekit\u0105 bendrov\u0117s strategijos \u012fgyvendinimo etap\u0105\u201c.<\/p>\n<p>Kovo 27 dien\u0105 prane\u0161ta, kad Susisiekimo ministerija atleid\u017eia ir vis\u0105 Lietuvos oro uost\u0173 valdyb\u0105, dar nesibaigus \u0161ios \u012fgaliojimams.<\/p>\n<p>\u201eDelfi\u201c ra\u0161\u0117, kad \u0161ie poky\u010diai kelia klausim\u0173 apie socialdemokratams pavald\u017eios Susisiekimo ministerijos politinius motyvus. Pati ministerija tai neig\u0117. <\/p>\n<p>\u201eSprendim\u0105 l\u0117m\u0117 kompleksin\u0117s prie\u017eastys, susijusios su augan\u010diais strateginiais i\u0161\u0161\u016bkiais Lietuvos oro uostams bei did\u0117jan\u010diais poreikiais tvariai aviacijos ir skryd\u017ei\u0173 pl\u0117trai\u201c, \u2013 komentare \u201eDelfi\u201c tuomet ai\u0161kino ministerija. <\/p>\n<p>\u201eDelfi\u201c primena, kad dar anks\u010diau, 2025 met\u0173 vasario 7 dien\u0105, pasirod\u0117 \u017einia, kad i\u0161 kitos Susisiekimo ministerijai pavald\u017eios \u012fmon\u0117s, \u201eVia Lietuva\u201c, atleistas vadovas Marius \u0160vaikauskas.<\/p>\n<p>Socialdemokratai Seimo rinkimus laim\u0117jo 2024 met\u0173 spal\u012f. Gruod\u012f pristatyta Gintauto Palucko Vyriausyb\u0117, o Susisiekimo ministerijos portfelis atiteko socialdemokrat\u0173 deleguotam kandidatui.<\/p>\n","protected":false},"excerpt":{"rendered":"Portalui lrt.lt nurodyta, kad pagal darbo sutart\u012f E. Lazauskui priklaus\u0117 6 m\u0117nesi\u0173 i\u0161eitin\u0117 kompensacija. Ltg.lt puslapyje skelbiama, kad&hellip;\n","protected":false},"author":2,"featured_media":153843,"comment_status":"","ping_status":"","sticky":false,"template":"","format":"standard","meta":{"footnotes":"","_share_on_mastodon":"0"},"categories":[6],"tags":[25,30,31,25337,34,35,24,25859,32,33,37,39,36,38,40,5931,23,22,28,29,5751,26,27],"class_list":["post-153842","post","type-post","status-publish","format-standard","has-post-thumbnail","category-antrastes","tag-antrastes","tag-breaking-news","tag-breakingnews","tag-egidijus-lazauskas","tag-featured-news","tag-featurednews","tag-headlines","tag-iseitine-ismoka","tag-latest-news","tag-latestnews","tag-lietuva","tag-lietuviu","tag-lithuania","tag-lithuanian","tag-lt","tag-ltg","tag-naujienos","tag-news","tag-populiariausios-naujienos","tag-populiariausiosnaujienos","tag-susisiekimo-ministerija","tag-top-stories","tag-topstories"],"share_on_mastodon":{"url":"https:\/\/pubeurope.com\/@lt\/116408168180465561","error":""},"_links":{"self":[{"href":"https:\/\/www.europesays.com\/lt\/wp-json\/wp\/v2\/posts\/153842","targetHints":{"allow":["GET"]}}],"collection":[{"href":"https:\/\/www.europesays.com\/lt\/wp-json\/wp\/v2\/posts"}],"about":[{"href":"https:\/\/www.europesays.com\/lt\/wp-json\/wp\/v2\/types\/post"}],"author":[{"embeddable":true,"href":"https:\/\/www.europesays.com\/lt\/wp-json\/wp\/v2\/users\/2"}],"replies":[{"embeddable":true,"href":"https:\/\/www.europesays.com\/lt\/wp-json\/wp\/v2\/comments?post=153842"}],"version-history":[{"count":0,"href":"https:\/\/www.europesays.com\/lt\/wp-json\/wp\/v2\/posts\/153842\/revisions"}],"wp:featuredmedia":[{"embeddable":true,"href":"https:\/\/www.europesays.com\/lt\/wp-json\/wp\/v2\/media\/153843"}],"wp:attachment":[{"href":"https:\/\/www.europesays.com\/lt\/wp-json\/wp\/v2\/media?parent=153842"}],"wp:term":[{"taxonomy":"category","embeddable":true,"href":"https:\/\/www.europesays.com\/lt\/wp-json\/wp\/v2\/categories?post=153842"},{"taxonomy":"post_tag","embeddable":true,"href":"https:\/\/www.europesays.com\/lt\/wp-json\/wp\/v2\/tags?post=153842"}],"curies":[{"name":"wp","href":"https:\/\/api.w.org\/{rel}","templated":true}]}}