{"id":154133,"date":"2026-04-15T15:50:09","date_gmt":"2026-04-15T15:50:09","guid":{"rendered":"https:\/\/www.europesays.com\/lt\/154133\/"},"modified":"2026-04-15T15:50:09","modified_gmt":"2026-04-15T15:50:09","slug":"penki-ekspertai-prisijunge-prie-cftc-kriptovaliutu-darbo-grupes-siekia-aiskesniu-taisykliu","status":"publish","type":"post","link":"https:\/\/www.europesays.com\/lt\/154133\/","title":{"rendered":"Penki ekspertai prisijung\u0117 prie CFTC kriptovaliut\u0173 darbo grup\u0117s \u2013 siekia ai\u0161kesni\u0173 taisykli\u0173"},"content":{"rendered":"<p><a data-autolink-id=\"9\" target=\"_blank\" href=\"https:\/\/ekonomika.lt\/temos\/jav\/\" title=\"JAV\" rel=\"nofollow noopener\">JAV<\/a> \u017daliav\u0173 ateities sandori\u0173 prekybos komisija \u201eCFTC\u201c pristat\u0117 pirmuosius naujos Inovacij\u0173 darbo grup\u0117s narius. \u0160is \u017eingsnis \u2013 dar viena agent\u016bros iniciatyva, kuria siekiama suteikti daugiau ai\u0161kumo kriptovaliut\u0173 rinkai ir skaitmeninio turto reguliavimui.<\/p>\n<p>Inovacij\u0173 darbo grup\u0119 kovo 24 d. inicijavo \u201eCFTC\u201c pirmininkas Mike Selig. Jis paskyr\u0117 Michael\u012f Passalacqua vadovauti \u0161iai komandai. M. Passalacqua \u0161iuo metu yra M. Selig vyresnysis patar\u0117jas \u201eCFTC\u201c.<\/p>\n<p>Penktadien\u012f paskelbta, kad prie M. Passalacqua prisijungs penki pirmieji darbo grup\u0117s nariai: Hankas Balabanas, buv\u0119s kriptovaliut\u0173 teis\u0117s specialistas i\u0161 \u201eLatham &amp; Watkins\u201c, Samas Canavos, anks\u010diau konsultav\u0119s kriptovaliut\u0173 ir prognozi\u0173 rink\u0173 klausimais \u201ePatomak\u201c, Markas Fajfaras, ilgametis \u201eCFTC\u201c teis\u0117s srities specialistas, Eugene\u2019as Gonzalez IV, buv\u0119s blok\u0173 grandin\u0117s teis\u0117s ekspertas i\u0161 \u201eSidley\u201c, bei Dina Moussa, \u201eCFTC\u201c Rinkos dalyvi\u0173 skyriaus specialioji teisinink\u0117.<\/p>\n<p>\u201eInovacij\u0173 darbo grup\u0117 suburia stipri\u0105 komand\u0105, turin\u010di\u0105 gili\u0105 kompetencij\u0105 ir entuziazm\u0105 sukurti ai\u0161kias taisykles Amerikos inovatoriams\u201c, \u2013 teig\u0117 M. Selig.<\/p>\n<p>\u0160i iniciatyva siejama su platesn\u0117mis pastangomis, kurias vykdo tiek \u201eCFTC\u201c, tiek Vertybini\u0173 popieri\u0173 ir bir\u017e\u0173 komisija \u201eSEC\u201c, siekdamos didesnio reguliacinio ai\u0161kumo skaitmeninio turto sektoriuje. Prane\u0161ime pa\u017eymima, kad \u0161ios krypties stiprinimas vyksta Donald Trump administracijos kontekste.<\/p>\n<p>Ai\u0161kumo siekis \u2013 \u012fstatymui vis dar stringant<\/p>\n<p>T\u0105 pa\u010di\u0105 dien\u0105 M. Selig taip pat pristat\u0117 \u201eCFTC\u201c \u201einovacij\u0173 sekikl\u012f\u201c \u2013 priemon\u0119, kurioje ap\u017evelgiami darbai, atlikti jo vadovavimo laikotarpiu, siekiant \u201eskatinti reguliacin\u012f ai\u0161kum\u0105, rinkos integralum\u0105 ir atsaking\u0105 technologin\u0119 pa\u017eang\u0105\u201c.\n                    <\/p>\n<p>Skelbiama, kad agent\u016bra daugiausia d\u0117mesio telkia \u012f tris pagrindines inovacij\u0173 kryptis: kriptovaliutas ir blok\u0173 grandin\u0119, dirbtin\u012f intelekt\u0105 ir autonomines sistemas, taip pat sutartis bei prognozi\u0173 rinkas.<\/p>\n<p>\u201eCFTC\u201c gal\u0117t\u0173 tapti vienu pagrindini\u0173 \u0161ios industrijos pri\u017ei\u016br\u0117toj\u0173, ypa\u010d turint omenyje, kad \u201eSEC\u201c kovo viduryje pasi\u016bl\u0117 vertinim\u0105, jog did\u017eioji dalis kriptoturto nepatenka \u012f jos jurisdikcij\u0105 kaip vertybiniai popieriai.<\/p>\n<p>Vis d\u0117lto abiej\u0173 institucij\u0173 vaidmen\u0173 apibr\u0117\u017etumas nema\u017ea dalimi priklauso nuo to, ar vadinamasis \u201eCLARITY\u201c aktas bus priimtas auk\u0161tesniuose vald\u017eios lygmenyse ir \u012ftvirtintas kaip \u012fstatymas. \u201eSEC\u201c pirmininkas Paulas Atkinsas \u0161i\u0105 savait\u0119 vie\u0161ai ragino jud\u0117ti pirmyn su \u0161iuo teis\u0117s aktu.<\/p>\n<p>\u201e\u201eSEC\u201c ir \u201eCFTC\u201c yra pasirengusios \u012fgyvendinti \u201eCLARITY\u201c akt\u0105. Kongresui laikas u\u017etikrinti ateities atsparum\u0105 prie\u0161 neatsakingus reguliuotojus ir pateikti i\u0161sami\u0105 rinkos strukt\u016bros teis\u0117k\u016bros iniciatyv\u0105 prezidento Trump stalui\u201c, \u2013 teig\u0117 P. Atkinsas.<\/p>\n<p>\n\t\t\t\tKaip vertinate \u0161\u012f \u012fra\u0161\u0105?\n\t\t\t<\/p>\n","protected":false},"excerpt":{"rendered":"JAV \u017daliav\u0173 ateities sandori\u0173 prekybos komisija \u201eCFTC\u201c pristat\u0117 pirmuosius naujos Inovacij\u0173 darbo grup\u0117s narius. \u0160is \u017eingsnis \u2013 dar&hellip;\n","protected":false},"author":2,"featured_media":154134,"comment_status":"","ping_status":"","sticky":false,"template":"","format":"standard","meta":{"footnotes":"","_share_on_mastodon":"0"},"categories":[17],"tags":[81,25900,25901,25902,37,39,36,38,40,25903,22678,46],"class_list":["post-154133","post","type-post","status-publish","format-standard","has-post-thumbnail","category-verslas","tag-business","tag-cftc-reguliavimas","tag-clarity-aktas","tag-kriptovaliutu-taisykles","tag-lietuva","tag-lietuviu","tag-lithuania","tag-lithuanian","tag-lt","tag-mike-selig","tag-skaitmeninis-turtas","tag-verslas"],"share_on_mastodon":{"url":"https:\/\/pubeurope.com\/@lt\/116409520782290071","error":""},"_links":{"self":[{"href":"https:\/\/www.europesays.com\/lt\/wp-json\/wp\/v2\/posts\/154133","targetHints":{"allow":["GET"]}}],"collection":[{"href":"https:\/\/www.europesays.com\/lt\/wp-json\/wp\/v2\/posts"}],"about":[{"href":"https:\/\/www.europesays.com\/lt\/wp-json\/wp\/v2\/types\/post"}],"author":[{"embeddable":true,"href":"https:\/\/www.europesays.com\/lt\/wp-json\/wp\/v2\/users\/2"}],"replies":[{"embeddable":true,"href":"https:\/\/www.europesays.com\/lt\/wp-json\/wp\/v2\/comments?post=154133"}],"version-history":[{"count":0,"href":"https:\/\/www.europesays.com\/lt\/wp-json\/wp\/v2\/posts\/154133\/revisions"}],"wp:featuredmedia":[{"embeddable":true,"href":"https:\/\/www.europesays.com\/lt\/wp-json\/wp\/v2\/media\/154134"}],"wp:attachment":[{"href":"https:\/\/www.europesays.com\/lt\/wp-json\/wp\/v2\/media?parent=154133"}],"wp:term":[{"taxonomy":"category","embeddable":true,"href":"https:\/\/www.europesays.com\/lt\/wp-json\/wp\/v2\/categories?post=154133"},{"taxonomy":"post_tag","embeddable":true,"href":"https:\/\/www.europesays.com\/lt\/wp-json\/wp\/v2\/tags?post=154133"}],"curies":[{"name":"wp","href":"https:\/\/api.w.org\/{rel}","templated":true}]}}