{"id":154179,"date":"2026-04-15T17:39:10","date_gmt":"2026-04-15T17:39:10","guid":{"rendered":"https:\/\/www.europesays.com\/lt\/154179\/"},"modified":"2026-04-15T17:39:10","modified_gmt":"2026-04-15T17:39:10","slug":"iki-vilniaus-autobusu-stotyje-uzdaryta-rekonstrukcijai","status":"publish","type":"post","link":"https:\/\/www.europesays.com\/lt\/154179\/","title":{"rendered":"Iki Vilniaus autobus\u0173 stotyje u\u017edaryta rekonstrukcijai"},"content":{"rendered":"<p>Pirmasis \u0161i\u0105 \u017eini\u0105 tre\u010diadien\u012f prane\u0161\u0117 portalas tv3.lt. <\/p>\n<p>Kaip \u201eDelfi\u201c nurod\u0117 \u201e<a rel=\"noopener nofollow\" target=\"_blank\" href=\"https:\/\/www.delfi.lt\/temos\/iki-3\" tag-id=\"96616729\">Iki<\/a>\u201c atstov\u0117 Gintar\u0117 Kitov\u0117, <a rel=\"noopener nofollow\" target=\"_blank\" href=\"https:\/\/www.delfi.lt\/temos\/parduotuve\" tag-id=\"61609013\">parduotuv\u0117<\/a> u\u017edaryta \u0161i\u0105 savait\u0119 d\u0117l planuotos rekonstrukcijos.<\/p>\n<p>\u201eGreta <a rel=\"noopener nofollow\" target=\"_blank\" href=\"https:\/\/www.delfi.lt\/temos\/vilniaus-autobusu-stotis\" tag-id=\"63071978\">Vilniaus autobus\u0173 stoties<\/a> \u012fsik\u016brusi \u201eIki\u201c parduotuv\u0117 yra itin gausiai lankoma tiek vilnie\u010di\u0173, tiek miesto sve\u010di\u0173, tod\u0117l buvo nuspr\u0119sta j\u0105 rekonstruoti ir atnaujinti pagal naujausi\u0105 m\u016bs\u0173 parduotuvi\u0173 koncept\u0105\u201c, \u2013 sak\u0117 G. Kitov\u0117.<\/p>\n<p>Parduotuv\u0119 planuojama atidaryti vasaros prad\u017eioje.<\/p>\n<p>\u201eKol vyks rekonstrukcija, pirk\u0117jai apsipirkti gali visai netoliese \u2013 gele\u017einkelio stotyje veikian\u010dioje \u201eIki Express\u201c parduotuv\u0117je\u201c, \u2013 teig\u0117 atstov\u0117.<\/p>\n<p>Pernai \u201eIki\u201c atnaujino 23 prekybos vietas visoje Lietuvoje, o 2026\u2013aisiais modernizavimo darb\u0173 sulauks dar kelios de\u0161imtys parduotuvi\u0173, prid\u016br\u0117 G. Kitov\u0117. <\/p>\n","protected":false},"excerpt":{"rendered":"Pirmasis \u0161i\u0105 \u017eini\u0105 tre\u010diadien\u012f prane\u0161\u0117 portalas tv3.lt. Kaip \u201eDelfi\u201c nurod\u0117 \u201eIki\u201c atstov\u0117 Gintar\u0117 Kitov\u0117, parduotuv\u0117 u\u017edaryta \u0161i\u0105 savait\u0119&hellip;\n","protected":false},"author":2,"featured_media":154180,"comment_status":"","ping_status":"","sticky":false,"template":"","format":"standard","meta":{"footnotes":"","_share_on_mastodon":"0"},"categories":[13],"tags":[25,30,31,34,35,24,2742,32,33,37,39,36,38,40,23,22,10322,28,29,26,27,25911],"class_list":["post-154179","post","type-post","status-publish","format-standard","has-post-thumbnail","category-lietuva","tag-antrastes","tag-breaking-news","tag-breakingnews","tag-featured-news","tag-featurednews","tag-headlines","tag-iki","tag-latest-news","tag-latestnews","tag-lietuva","tag-lietuviu","tag-lithuania","tag-lithuanian","tag-lt","tag-naujienos","tag-news","tag-parduotuve","tag-populiariausios-naujienos","tag-populiariausiosnaujienos","tag-top-stories","tag-topstories","tag-vilniaus-autobusu-stotis"],"share_on_mastodon":{"url":"https:\/\/pubeurope.com\/@lt\/116409949526686723","error":""},"_links":{"self":[{"href":"https:\/\/www.europesays.com\/lt\/wp-json\/wp\/v2\/posts\/154179","targetHints":{"allow":["GET"]}}],"collection":[{"href":"https:\/\/www.europesays.com\/lt\/wp-json\/wp\/v2\/posts"}],"about":[{"href":"https:\/\/www.europesays.com\/lt\/wp-json\/wp\/v2\/types\/post"}],"author":[{"embeddable":true,"href":"https:\/\/www.europesays.com\/lt\/wp-json\/wp\/v2\/users\/2"}],"replies":[{"embeddable":true,"href":"https:\/\/www.europesays.com\/lt\/wp-json\/wp\/v2\/comments?post=154179"}],"version-history":[{"count":0,"href":"https:\/\/www.europesays.com\/lt\/wp-json\/wp\/v2\/posts\/154179\/revisions"}],"wp:featuredmedia":[{"embeddable":true,"href":"https:\/\/www.europesays.com\/lt\/wp-json\/wp\/v2\/media\/154180"}],"wp:attachment":[{"href":"https:\/\/www.europesays.com\/lt\/wp-json\/wp\/v2\/media?parent=154179"}],"wp:term":[{"taxonomy":"category","embeddable":true,"href":"https:\/\/www.europesays.com\/lt\/wp-json\/wp\/v2\/categories?post=154179"},{"taxonomy":"post_tag","embeddable":true,"href":"https:\/\/www.europesays.com\/lt\/wp-json\/wp\/v2\/tags?post=154179"}],"curies":[{"name":"wp","href":"https:\/\/api.w.org\/{rel}","templated":true}]}}