{"id":15471,"date":"2025-10-11T17:06:15","date_gmt":"2025-10-11T17:06:15","guid":{"rendered":"https:\/\/www.europesays.com\/lt\/15471\/"},"modified":"2025-10-11T17:06:15","modified_gmt":"2025-10-11T17:06:15","slug":"policija-adomaviciaus-pareiskimas-del-galimo-smeizto-yra-nagrinejamas-renkama-medziaga-respublika-lt","status":"publish","type":"post","link":"https:\/\/www.europesays.com\/lt\/15471\/","title":{"rendered":"Policija: Adomavi\u010diaus parei\u0161kimas d\u0117l galimo \u0161mei\u017eto yra nagrin\u0117jamas, renkama med\u017eiaga &#8211; Respublika.lt"},"content":{"rendered":"<p><img loading=\"lazy\" decoding=\"async\" src=\"https:\/\/www.respublika.lt\/lt\/naujienos\/lietuva\/kitos-lietuvos-zinios\/policija-adomaviciaus-pareiskimas-del-galimo-smeizto-yra-nagrinejamas-renkama-medziaga\/images\/ico_camera_white.gif\" class=\"camera\" width=\"22\" height=\"15\" alt=\"nuotr.\" style=\"position:relative; top:-2px; right:2px;\"\/> 1 nuotr.<\/p>\n<p>Ignotas Adomavi\u010dius. Eltos nuotr.<\/p>\n<p style=\"text-align: left;\">Vilniaus policija renka med\u017eiag\u0105 ir tikslina aplinkybes d\u0117l buvusio kult\u016bros ministro, \u201eau\u0161rie\u010dio\u201c Ignoto Adomavi\u010diaus parei\u0161kime i\u0161d\u0117styt\u0173 aplinkybi\u0173 apie paskelbtus visuomenininko Andriaus Tapino teiginius.<\/p>\n<p style=\"text-align: justify;\" class=\"desktop_banner\">\u00a0<\/p>\n<p style=\"text-align: left;\">\u00a0<\/p>\n<p style=\"text-align: left;\">\u201eRenkama med\u017eiaga pagal Baud\u017eiamojo kodekso straipsnius 228 (piktnaud\u017eiavimas) ir 154 (\u0161mei\u017eimas), ikiteisminis tyrimas neprad\u0117tas\u201c, \u2013 Elt\u0105 informavo Vilniaus apskrities vyriausiojo policijos komisariato atstov\u0117 Julija Samorokovskaja.\u00a0<\/p>\n<p style=\"text-align: left;\">ELTA primena, kad antradien\u012f \u201eau\u0161rietis\u201c I. Adomavi\u010dius kreip\u0117si \u012f policij\u0105 d\u0117l visuomenininko A. Tapino teigini\u0173.<\/p>\n<p style=\"text-align: left;\">Savait\u0119 kult\u016bros ministru dirb\u0119s I. Adomavi\u010dius \u0161mei\u017etu vadina vie\u0161ai paskelbtus \u012ftarimus, es\u0105 jis, lydimas ne\u017einom\u0173 asmen\u0173, galimai rinko informacij\u0105 i\u0161 \u012fstaigos darbuotoj\u0173 kompiuteri\u0173.\u00a0<\/p>\n<p style=\"text-align: left;\">Visuomenininkas A. Tapinas socialiniame tinkle \u201eFacebook\u201c prane\u0161\u0117 sulauk\u0119s anonimu nor\u0117jusio i\u0161likti Kult\u016bros ministerijos darbuotojo liudijimo, kuriame teigiama, jog dien\u0105 prie\u0161 I. Adomavi\u010diaus atsistatydinim\u0105 po \u012fstaigos kabinetus vaik\u0161\u010diojo ne\u017einomi vyrai.<\/p>\n<p style=\"text-align: left;\">Pasak anonimo, paties I. Adomavi\u010diaus lydimi asmenys i\u0161 darbuotoj\u0173 kompiuteri\u0173 persik\u0117l\u0117 informacij\u0105.<\/p>\n<p style=\"text-align: left;\">Teigiama, kad kai kuri\u0173 ministerijos darbuotoj\u0173 buvo papra\u0161yta perkelti informacij\u0105 patiems \u2013 pasak anonimo, niekas tam neprie\u0161taravo, nes atitinkam\u0105 nurodym\u0105 dav\u0117 pats I. Adomavi\u010dius.<\/p>\n<p style=\"text-align: left;\">Seimo opozicin\u0117s partijos d\u0117l pavie\u0161intos informacijos aplinkybi\u0173 kreip\u0117si \u012f prokurat\u016br\u0105 ir Valstyb\u0117s saugumo departament\u0105 (VSD).<\/p>\n<p style=\"text-align: left;\">Po min\u0117tos informacijos pasirodymo, generalin\u0117 prokuror\u0117 Nida Grunkien\u0117 kreip\u0117si \u012f policij\u0105, nurodydama atlikti aplinkybi\u0173 patikslinim\u0105.<\/p>\n","protected":false},"excerpt":{"rendered":"1 nuotr. Ignotas Adomavi\u010dius. Eltos nuotr. Vilniaus policija renka med\u017eiag\u0105 ir tikslina aplinkybes d\u0117l buvusio kult\u016bros ministro, \u201eau\u0161rie\u010dio\u201c&hellip;\n","protected":false},"author":2,"featured_media":15472,"comment_status":"","ping_status":"","sticky":false,"template":"","format":"standard","meta":{"footnotes":""},"categories":[6],"tags":[1434,25,30,31,34,35,24,32,33,37,39,36,38,40,23,22,3934,601,28,29,3933,4575,26,27],"class_list":{"0":"post-15471","1":"post","2":"type-post","3":"status-publish","4":"format-standard","5":"has-post-thumbnail","7":"category-antrastes","8":"tag-adomavicius","9":"tag-antrastes","10":"tag-breaking-news","11":"tag-breakingnews","12":"tag-featured-news","13":"tag-featurednews","14":"tag-headlines","15":"tag-latest-news","16":"tag-latestnews","17":"tag-lietuva","18":"tag-lietuviu","19":"tag-lithuania","20":"tag-lithuanian","21":"tag-lt","22":"tag-naujienos","23":"tag-news","24":"tag-pareiskimas","25":"tag-policija","26":"tag-populiariausios-naujienos","27":"tag-populiariausiosnaujienos","28":"tag-smeiztas","29":"tag-tapinas","30":"tag-top-stories","31":"tag-topstories"},"share_on_mastodon":{"url":"","error":""},"_links":{"self":[{"href":"https:\/\/www.europesays.com\/lt\/wp-json\/wp\/v2\/posts\/15471","targetHints":{"allow":["GET"]}}],"collection":[{"href":"https:\/\/www.europesays.com\/lt\/wp-json\/wp\/v2\/posts"}],"about":[{"href":"https:\/\/www.europesays.com\/lt\/wp-json\/wp\/v2\/types\/post"}],"author":[{"embeddable":true,"href":"https:\/\/www.europesays.com\/lt\/wp-json\/wp\/v2\/users\/2"}],"replies":[{"embeddable":true,"href":"https:\/\/www.europesays.com\/lt\/wp-json\/wp\/v2\/comments?post=15471"}],"version-history":[{"count":0,"href":"https:\/\/www.europesays.com\/lt\/wp-json\/wp\/v2\/posts\/15471\/revisions"}],"wp:featuredmedia":[{"embeddable":true,"href":"https:\/\/www.europesays.com\/lt\/wp-json\/wp\/v2\/media\/15472"}],"wp:attachment":[{"href":"https:\/\/www.europesays.com\/lt\/wp-json\/wp\/v2\/media?parent=15471"}],"wp:term":[{"taxonomy":"category","embeddable":true,"href":"https:\/\/www.europesays.com\/lt\/wp-json\/wp\/v2\/categories?post=15471"},{"taxonomy":"post_tag","embeddable":true,"href":"https:\/\/www.europesays.com\/lt\/wp-json\/wp\/v2\/tags?post=15471"}],"curies":[{"name":"wp","href":"https:\/\/api.w.org\/{rel}","templated":true}]}}