{"id":15479,"date":"2025-10-11T17:11:25","date_gmt":"2025-10-11T17:11:25","guid":{"rendered":"https:\/\/www.europesays.com\/lt\/15479\/"},"modified":"2025-10-11T17:11:25","modified_gmt":"2025-10-11T17:11:25","slug":"premjere-nesureiksmina-muziejaus-sprendimo-susigrazinti-kurinius-galerija-skaito-mano-mintis-respublika-lt","status":"publish","type":"post","link":"https:\/\/www.europesays.com\/lt\/15479\/","title":{"rendered":"Premjer\u0117 nesureik\u0161mina muziejaus sprendimo susigr\u0105\u017einti k\u016brinius: galerija skaito mano mintis &#8211; Respublika.lt"},"content":{"rendered":"<p><img loading=\"lazy\" decoding=\"async\" src=\"https:\/\/www.respublika.lt\/lt\/naujienos\/lietuva\/kitos-lietuvos-zinios\/premjere-nesureiksmina-muziejaus-sprendimo-susigrazinti-kurinius-galerija-skaito-mano-mintis\/images\/ico_camera_white.gif\" class=\"camera\" width=\"22\" height=\"15\" alt=\"nuotr.\" style=\"position:relative; top:-2px; right:2px;\"\/> 1 nuotr.<\/p>\n<p>Ar\u016bnas Gel\u016bnas. Eltos nuotr.<\/p>\n<p style=\"text-align: justify;\" class=\"desktop_banner\">\u00a0<\/p>\n<p style=\"text-align: left;\">\u00a0<\/p>\n<p style=\"text-align: left;\">\u201eApmaudus pra\u0161ymas, bet galiu pasakyti, kad rezidencijoje paveikslai jau buvo nuimti gerokai anks\u010diau ir jie jau atve\u017eti \u012f Vyriausyb\u0119, tai rezidencijoje sienos tu\u0161\u010dios. Jau prie\u0161 kur\u012f laik\u0105 planavau pasikeisti\u201c, \u2014 LRT radijui penktadien\u012f komentavo premjer\u0117.\u00a0<\/p>\n<p style=\"text-align: left;\">Ministr\u0117 pirminink\u0117 sako, kad gr\u0105\u017einti paveikslus atgal \u012f LNDM nebus kli\u016btis. Es\u0105 Vyriausyb\u0117je gal\u0117t\u0173 b\u016bti eksponuojami \u0161alies meno mokykl\u0173 vaik\u0173 k\u016briniai.\u00a0<\/p>\n<p style=\"text-align: left;\">\u201eGalerija, i\u0161 tikr\u0173j\u0173, skaito mano mintis, nes at\u0117jusi dirbti \u010dia, \u012f Vyriausyb\u0119, planavau atlaisvinti koridorius, nes turiu id\u0117j\u0105 atidaryti juos meno mokykl\u0173 parodoms\u201c, \u2013 sak\u0117 premjer\u0117.\u00a0<\/p>\n<p style=\"text-align: left;\">I\u0161 Vyriausyb\u0117s r\u016bm\u0173 bus atsiimti 57 tapybos darbai, i\u0161 premjer\u0117s rezidencijos \u2013 31. Anot LNDM vadovo Ar\u016bno Gel\u016bno, sprendim\u0105 neprat\u0119sti meno darb\u0173 skolinimo sutarties l\u0117m\u0117 ir \u012ftampos kult\u016bros bendruomen\u0117je. \u00a0<\/p>\n<p style=\"text-align: left;\">\u201eBaig\u0117si sutarties laikas ir \u0161iuo metu tikrai tvyro daugyb\u0117 geopolitini\u0173 gr\u0117smi\u0173 (\u2026) perdavus kult\u016bros ministerij\u0105 \u201eNemuno au\u0161rai\u201c, atsirado ir kitoki\u0173, vidini\u0173 gr\u0117smi\u0173, \u012ftamp\u0173\u201c, \u2013 ketvirtadien\u012f Eltai komentavo A. Gel\u016bnas.<\/p>\n<p style=\"text-align: left;\">\u201eVald\u017eios nenoras \u012fsiklausyti \u012f kult\u016bros bendruomen\u0117s argumentus, ai\u0161ku, daro \u012ftak\u0105 sprendimui taip pat. Ir ta neteisyb\u0117 skleid\u017eiama, melaginga informacija, kad Vilnius u\u017esidar\u0119s tik savo teritorijoje, ignoruoja regionus, tai manau, kad savo veiklos suintensyv\u0117jimu regionuose, dal\u012f j\u0173 (k\u016brini\u0173 \u2013 ELTA) ve\u017eiojant, manau paneigsime ir \u0161it\u0105 dezinformacij\u0105\u201c, \u2013 prid\u016br\u0117 LNDM direktorius.<\/p>\n<p style=\"text-align: left;\">ELTA primena, kad Lietuvos nacionalinis dail\u0117s muziejus antradien\u012f Vyriausyb\u0117s kanceliarij\u0105 informavo norintis atsiimti visus Vyriausyb\u0117s r\u016bmuose ir premjer\u0117s rezidencijoje nuo 2018 m.\u00a0eksponuojamus k\u016brinius. Dal\u012f k\u016brini\u0173 LNDM \u017eada atsiimti ir i\u0161 Prezident\u016bros \u2013 pra\u0161ymas bus i\u0161si\u0173stas artimiausiu metu.\u00a0<\/p>\n<p style=\"text-align: left;\">Sekmadien\u012f \u012fvairiuose Lietuvos miestuose bei miesteliuose vyko \u012fsp\u0117jamoji streiko akcija \u201eTai gali b\u016bti paskutinis kartas\u201c \u2013 meninink\u0173, muzikant\u0173, muziejinink\u0173, aktori\u0173, atlik\u0117j\u0173, dailinink\u0173 bendruomen\u0117s atstovai reikalauja, kad Kult\u016bros ministerija b\u016bt\u0173 atribota nuo R. \u017demaitai\u010dio vedamos \u201eNemuno au\u0161ros\u201c.<\/p>\n<p style=\"text-align: left;\">D\u0117l sprendimo Kult\u016bros ministerij\u0105 perduoti \u201eNemuno au\u0161rai\u201c, nuo Prezident\u016bros, Kult\u016bros ministerijos bei Vyriausyb\u0117s atsiribojo bei nutrauk\u0117 bendradarbiavim\u0105 ne viena kult\u016bros \u012fstaiga ir iniciatyva.<\/p>\n","protected":false},"excerpt":{"rendered":"1 nuotr. Ar\u016bnas Gel\u016bnas. Eltos nuotr. \u00a0 \u00a0 \u201eApmaudus pra\u0161ymas, bet galiu pasakyti, kad rezidencijoje paveikslai jau buvo&hellip;\n","protected":false},"author":2,"featured_media":15480,"comment_status":"","ping_status":"","sticky":false,"template":"","format":"standard","meta":{"footnotes":""},"categories":[13],"tags":[25,30,31,34,35,5208,24,49,32,33,37,39,36,38,5370,40,23,22,28,29,412,26,27],"class_list":{"0":"post-15479","1":"post","2":"type-post","3":"status-publish","4":"format-standard","5":"has-post-thumbnail","7":"category-lietuva","8":"tag-antrastes","9":"tag-breaking-news","10":"tag-breakingnews","11":"tag-featured-news","12":"tag-featurednews","13":"tag-gelunas","14":"tag-headlines","15":"tag-kultura","16":"tag-latest-news","17":"tag-latestnews","18":"tag-lietuva","19":"tag-lietuviu","20":"tag-lithuania","21":"tag-lithuanian","22":"tag-lndm","23":"tag-lt","24":"tag-naujienos","25":"tag-news","26":"tag-populiariausios-naujienos","27":"tag-populiariausiosnaujienos","28":"tag-ruginiene","29":"tag-top-stories","30":"tag-topstories"},"share_on_mastodon":{"url":"","error":""},"_links":{"self":[{"href":"https:\/\/www.europesays.com\/lt\/wp-json\/wp\/v2\/posts\/15479","targetHints":{"allow":["GET"]}}],"collection":[{"href":"https:\/\/www.europesays.com\/lt\/wp-json\/wp\/v2\/posts"}],"about":[{"href":"https:\/\/www.europesays.com\/lt\/wp-json\/wp\/v2\/types\/post"}],"author":[{"embeddable":true,"href":"https:\/\/www.europesays.com\/lt\/wp-json\/wp\/v2\/users\/2"}],"replies":[{"embeddable":true,"href":"https:\/\/www.europesays.com\/lt\/wp-json\/wp\/v2\/comments?post=15479"}],"version-history":[{"count":0,"href":"https:\/\/www.europesays.com\/lt\/wp-json\/wp\/v2\/posts\/15479\/revisions"}],"wp:featuredmedia":[{"embeddable":true,"href":"https:\/\/www.europesays.com\/lt\/wp-json\/wp\/v2\/media\/15480"}],"wp:attachment":[{"href":"https:\/\/www.europesays.com\/lt\/wp-json\/wp\/v2\/media?parent=15479"}],"wp:term":[{"taxonomy":"category","embeddable":true,"href":"https:\/\/www.europesays.com\/lt\/wp-json\/wp\/v2\/categories?post=15479"},{"taxonomy":"post_tag","embeddable":true,"href":"https:\/\/www.europesays.com\/lt\/wp-json\/wp\/v2\/tags?post=15479"}],"curies":[{"name":"wp","href":"https:\/\/api.w.org\/{rel}","templated":true}]}}