{"id":15483,"date":"2025-10-11T17:21:07","date_gmt":"2025-10-11T17:21:07","guid":{"rendered":"https:\/\/www.europesays.com\/lt\/15483\/"},"modified":"2025-10-11T17:21:07","modified_gmt":"2025-10-11T17:21:07","slug":"apple-skverbiasi-i-sveikatos-sektoriu-ar-tai-bus-jusu-asmeninis-gydytojas-ar-dar-viena-prenumerata","status":"publish","type":"post","link":"https:\/\/www.europesays.com\/lt\/15483\/","title":{"rendered":"\u201eApple\u201c skverbiasi \u012f sveikatos sektori\u0173, ar tai bus j\u016bs\u0173 asmeninis gydytojas, ar dar viena prenumerata?"},"content":{"rendered":"<p>Technologij\u0173 mil\u017ein\u0117 \u201eApple\u201c ruo\u0161iasi \u017eengti \u012f nauj\u0105 srit\u012f, tai sveikatos prie\u017ei\u016bros prenumerat\u0173 pasaul\u012f. Kaip prane\u0161a agent\u016bra \u201eBloomberg\u201c, jau kitais metais bendrov\u0117 planuoja pristatyti nauj\u0105 paslaug\u0105, pavadint\u0105 \u201eApple Health+\u201c, kuri taps reik\u0161mingiausia \u201eApple\u201c sveikatos ekosistemos pl\u0117tra iki \u0161iol.\u00a0<\/p>\n<p>Tai ai\u0161kus \u017eenklas, kad \u012fmon\u0117 siekia komercializuoti sveikatos paslaugas taip, kaip anks\u010diau padar\u0117 su \u201eApple TV+\u201c, \u201eApple Music\u201c ir \u201eApple Fitness+\u201c. Iki \u0161iol \u201eApple\u201c program\u0117l\u0117 \u201eSveikata\u201c buvo duomen\u0173 saugykla, kurioje kaupta informacija i\u0161 i\u0161mani\u0173j\u0173 laikrod\u017ei\u0173 \u201eApple Watch\u201c, telefon\u0173, \u201eBluetooth\u201c \u012frengini\u0173 ir vartotojo ranka \u012fvest\u0173 duomen\u0173.\u00a0<\/p>\n<p>Naujoji versija \u0161i\u0105 koncepcij\u0105 pakeis i\u0161 esm\u0117s, tai program\u0117l\u0117 taps pilnaver\u010diu sveikatos asistentu, galin\u010diu analizuoti, rekomenduoti ir mokyti. Joje bus \u012fdiegtas dirbtiniu intelektu pagr\u012fstas gydytojo asistentas, vaizdo \u012fra\u0161\u0173 pamokos apie sveikatingum\u0105, kalorij\u0173 apskaitos sistema bei glaudi integracija su \u201eApple Intelligence\u201c.<\/p>\n<p><img loading=\"lazy\" decoding=\"async\" style=\"aspect-ratio:632\/331;\" src=\"https:\/\/bilis.lt\/assets\/nuotraukos\/_tekstuose\/29503\/Apple.avif\" width=\"632\" height=\"331\" alt=\"\"\/><\/p>\n<p>Duomen\u0173 saugumas, tai pagrindinis prana\u0161umas<\/p>\n<p>Vienas svarbiausi\u0173 \u201eApple Health+\u201c element\u0173 bus privatumo apsauga. Duomenys bus apdorojami vietoje, naudojant \u201eApple Intelligence\u201c technologij\u0105, tod\u0117l vartotojui nereik\u0117s j\u0173 perduoti tre\u010di\u0173j\u0173 \u0161ali\u0173 program\u0117l\u0117ms ar debes\u0173 paslaugoms. Tai ypa\u010d aktualu laikotarpiu, kai vis daugiau kalbama apie asmens duomen\u0173 saugum\u0105 ir j\u0173 pardavim\u0105 reklamos tikslais.<\/p>\n<p>Tokiu b\u016bdu vartotojai gal\u0117s valdyti vis\u0105 savo sveikatos informacij\u0105 patys, i\u0161laikydami piln\u0105 kontrol\u0119. \u201eApple\u201c siekia \u012frodyti, kad technologijos ir privatumas gali eiti i\u0161vien, tai gali tapti svarbiu konkurenciniu prana\u0161umu prie\u0161 kitus sveikatos duomen\u0173 rink\u0117jus.<\/p>\n<p>Integracija su \u201eApple\u201c ekosistema<\/p>\n<p><img loading=\"lazy\" decoding=\"async\" style=\"aspect-ratio:632\/356;\" src=\"https:\/\/bilis.lt\/assets\/nuotraukos\/_tekstuose\/549211\/Apple-virusas.avif?transformId=435910\" width=\"632\" height=\"356\" alt=\"\"\/><\/p>\n<p>Naujoji prenumerata grei\u010diausiai bus \u012ftraukta \u012f paslaug\u0173 paket\u0105 \u201eApple One\u201c, tod\u0117l j\u0105 bus galima gauti kartu su kitomis bendrov\u0117s prenumeratomis pigiau. \u201eApple Health+\u201c \u017eada naujos kartos dirbtinio intelekto funkcijas, tai nuo individualizuot\u0173 sveikatingumo rekomendacij\u0173 iki automatini\u0173 sveikatos rodikli\u0173 analiz\u0117s. Tai gali i\u0161 esm\u0117s pakeisti kasdien\u012f r\u016bpinim\u0105si savijauta.<\/p>\n<p>Be to, \u012fmon\u0117 dar labiau stiprina integracij\u0105 su fiziniais priedais yra i\u0161maniaisiais laikrod\u017eiais, svarstykl\u0117mis ir kraujosp\u016bd\u017eio matuokliais. Visi \u0161ie \u012frenginiai bus tiesiogiai susieti su sveikatos duomen\u0173 sistema, o sinchronizavimas taps greitesnis ir paprastesnis nei bet kada anks\u010diau.<\/p>\n<p>Kas laim\u0117s ir kas pralaim\u0117s?<\/p>\n<p><img loading=\"lazy\" decoding=\"async\" style=\"aspect-ratio:632\/316;\" src=\"https:\/\/bilis.lt\/assets\/nuotraukos\/_tekstuose\/32167\/apple-november-event.avif?transformId=435911\" width=\"632\" height=\"316\" alt=\"\"\/><\/p>\n<p>Nors vartotojams naujoji paslauga leis patogiai steb\u0117ti sveikat\u0105 i\u0161 vienos program\u0117l\u0117s, ji gali tapti i\u0161\u0161\u016bkiu nepriklausomiems k\u016br\u0117jams, kurie si\u016blo savo sveikatos steb\u0117jimo program\u0117les.\u00a0<\/p>\n<p>Sistemin\u0117s funkcijos taps tokios pa\u017eangios, kad daugelis i\u0161orini\u0173 program\u0173 gali prarasti aktualum\u0105. Vis d\u0117lto \u201eApple Health+\u201c suteikia galimyb\u0119 sukurti viening\u0105, saugi\u0105 ir i\u0161mani\u0105 sveikatos steb\u0117jimo platform\u0105.\u00a0<\/p>\n<p>Vienintelis tr\u016bkumas yra dar didesnis vartotoj\u0173 priklausymas nuo \u201eApple\u201c ekosistemos, vadinamosios \u201eauksin\u0117s narvelio\u201c strategijos. Ta\u010diau technologij\u0173 pasaulyje, kuriame vis daugiau d\u0117mesio skiriama dirbtiniam intelektui ir duomen\u0173 apsaugai, \u0161i naujov\u0117 gali tapti svarbiu \u017eingsniu \u012f ateities medicin\u0105 skaitmeniniame pasaulyje.<\/p>\n","protected":false},"excerpt":{"rendered":"Technologij\u0173 mil\u017ein\u0117 \u201eApple\u201c ruo\u0161iasi \u017eengti \u012f nauj\u0105 srit\u012f, tai sveikatos prie\u017ei\u016bros prenumerat\u0173 pasaul\u012f. Kaip prane\u0161a agent\u016bra \u201eBloomberg\u201c, jau&hellip;\n","protected":false},"author":2,"featured_media":6732,"comment_status":"","ping_status":"","sticky":false,"template":"","format":"standard","meta":{"footnotes":""},"categories":[17],"tags":[1857,5378,81,3923,207,37,39,36,38,40,5379,5377,3545,5376,46,1243],"class_list":{"0":"post-15483","1":"post","2":"type-post","3":"status-publish","4":"format-standard","5":"has-post-thumbnail","7":"category-verslas","8":"tag-apple","9":"tag-asmeninis","10":"tag-business","11":"tag-gydytojas","12":"tag-jusu","13":"tag-lietuva","14":"tag-lietuviu","15":"tag-lithuania","16":"tag-lithuanian","17":"tag-lt","18":"tag-prenumerata","19":"tag-sektoriu","20":"tag-skverbiasi","21":"tag-sveikatos","22":"tag-verslas","23":"tag-viena"},"share_on_mastodon":{"url":"","error":""},"_links":{"self":[{"href":"https:\/\/www.europesays.com\/lt\/wp-json\/wp\/v2\/posts\/15483","targetHints":{"allow":["GET"]}}],"collection":[{"href":"https:\/\/www.europesays.com\/lt\/wp-json\/wp\/v2\/posts"}],"about":[{"href":"https:\/\/www.europesays.com\/lt\/wp-json\/wp\/v2\/types\/post"}],"author":[{"embeddable":true,"href":"https:\/\/www.europesays.com\/lt\/wp-json\/wp\/v2\/users\/2"}],"replies":[{"embeddable":true,"href":"https:\/\/www.europesays.com\/lt\/wp-json\/wp\/v2\/comments?post=15483"}],"version-history":[{"count":0,"href":"https:\/\/www.europesays.com\/lt\/wp-json\/wp\/v2\/posts\/15483\/revisions"}],"wp:featuredmedia":[{"embeddable":true,"href":"https:\/\/www.europesays.com\/lt\/wp-json\/wp\/v2\/media\/6732"}],"wp:attachment":[{"href":"https:\/\/www.europesays.com\/lt\/wp-json\/wp\/v2\/media?parent=15483"}],"wp:term":[{"taxonomy":"category","embeddable":true,"href":"https:\/\/www.europesays.com\/lt\/wp-json\/wp\/v2\/categories?post=15483"},{"taxonomy":"post_tag","embeddable":true,"href":"https:\/\/www.europesays.com\/lt\/wp-json\/wp\/v2\/tags?post=15483"}],"curies":[{"name":"wp","href":"https:\/\/api.w.org\/{rel}","templated":true}]}}