{"id":15492,"date":"2025-10-11T17:34:10","date_gmt":"2025-10-11T17:34:10","guid":{"rendered":"https:\/\/www.europesays.com\/lt\/15492\/"},"modified":"2025-10-11T17:34:10","modified_gmt":"2025-10-11T17:34:10","slug":"per-rsf-smugius-pabegeliu-stovyklai-sudane-zuvo-60-zmoniu","status":"publish","type":"post","link":"https:\/\/www.europesays.com\/lt\/15492\/","title":{"rendered":"Per RSF sm\u016bgius pab\u0117g\u0117li\u0173 stovyklai Sudane \u017euvo 60 \u017emoni\u0173"},"content":{"rendered":"<p>\u201ePo griuv\u0117siais vis dar yra k\u016bn\u0173, \u2013 \u0161e\u0161tadien\u012f prane\u0161\u0117 Fa\u0161iro pasiprie\u0161inimo komitetas. \u2013 Kiti buvo gyvi sudeginti gyvenamuosiuose vagon\u0117liuose, vaikai, moterys ir senoliai \u0161altakrauji\u0161kai nu\u017eudyti\u201c.<\/p>\n<p>\u012e pab\u0117g\u0117li\u0173 stovykl\u0105 du kartus smogta dronais ir a\u0161tuonis kartus artilerijos sviediniais. Paskutinioji RSF kovotoj\u0173 ataka surengta nakt\u012f \u012f \u0161e\u0161tadien\u012f.<\/p>\n<p>Pasiprie\u0161inimo komiteto duomenimis, per atakas iki \u0161iol \u017euvo \u0161imtai civili\u0173. Fa\u0161iro miest\u0105 Darf\u016bro krizi\u0173 regione yra apgulusios RSF paj\u0117gos.<\/p>\n<p>Jos m\u0117gina \u012f savo kontrol\u0119 perimti paskutin\u012f kariuomen\u0117s bastion\u0105 Darf\u016bre. D\u0117l apsiausties mieste plinta badas ir ligos. RSF vis atakuoja civilinius taikinius dronais ir i\u0161 artilerijos.<\/p>\n<p>Kariuomen\u0117 ir RSF kovotojai 2021 m. bendradarbiavo per pu\u010d\u0105, kuris sutrikd\u0117 per\u0117jim\u0105 prie demokratijos po ilgame\u010dio autokrato Omaro al Bashiro nuvertimo 2019 m. Kova d\u0117l vald\u017eios tarp abiej\u0173 pusi\u0173 2023 m. baland\u012f peraugo \u012f pilietin\u012f kar\u0105, kuris nuo tada nuo\u017emiai t\u0119siasi.<\/p>\n","protected":false},"excerpt":{"rendered":"\u201ePo griuv\u0117siais vis dar yra k\u016bn\u0173, \u2013 \u0161e\u0161tadien\u012f prane\u0161\u0117 Fa\u0161iro pasiprie\u0161inimo komitetas. \u2013 Kiti buvo gyvi sudeginti gyvenamuosiuose&hellip;\n","protected":false},"author":2,"featured_media":15493,"comment_status":"","ping_status":"","sticky":false,"template":"","format":"standard","meta":{"footnotes":""},"categories":[15],"tags":[25,30,31,3346,34,35,24,32,33,37,39,36,38,40,23,22,44,28,29,5383,26,27,74,75,76],"class_list":{"0":"post-15492","1":"post","2":"type-post","3":"status-publish","4":"format-standard","5":"has-post-thumbnail","7":"category-pasaulis","8":"tag-antrastes","9":"tag-breaking-news","10":"tag-breakingnews","11":"tag-elta-uzsienio-naujiena","12":"tag-featured-news","13":"tag-featurednews","14":"tag-headlines","15":"tag-latest-news","16":"tag-latestnews","17":"tag-lietuva","18":"tag-lietuviu","19":"tag-lithuania","20":"tag-lithuanian","21":"tag-lt","22":"tag-naujienos","23":"tag-news","24":"tag-pasaulis","25":"tag-populiariausios-naujienos","26":"tag-populiariausiosnaujienos","27":"tag-sudanas","28":"tag-top-stories","29":"tag-topstories","30":"tag-world","31":"tag-world-news","32":"tag-worldnews"},"share_on_mastodon":{"url":"","error":""},"_links":{"self":[{"href":"https:\/\/www.europesays.com\/lt\/wp-json\/wp\/v2\/posts\/15492","targetHints":{"allow":["GET"]}}],"collection":[{"href":"https:\/\/www.europesays.com\/lt\/wp-json\/wp\/v2\/posts"}],"about":[{"href":"https:\/\/www.europesays.com\/lt\/wp-json\/wp\/v2\/types\/post"}],"author":[{"embeddable":true,"href":"https:\/\/www.europesays.com\/lt\/wp-json\/wp\/v2\/users\/2"}],"replies":[{"embeddable":true,"href":"https:\/\/www.europesays.com\/lt\/wp-json\/wp\/v2\/comments?post=15492"}],"version-history":[{"count":0,"href":"https:\/\/www.europesays.com\/lt\/wp-json\/wp\/v2\/posts\/15492\/revisions"}],"wp:featuredmedia":[{"embeddable":true,"href":"https:\/\/www.europesays.com\/lt\/wp-json\/wp\/v2\/media\/15493"}],"wp:attachment":[{"href":"https:\/\/www.europesays.com\/lt\/wp-json\/wp\/v2\/media?parent=15492"}],"wp:term":[{"taxonomy":"category","embeddable":true,"href":"https:\/\/www.europesays.com\/lt\/wp-json\/wp\/v2\/categories?post=15492"},{"taxonomy":"post_tag","embeddable":true,"href":"https:\/\/www.europesays.com\/lt\/wp-json\/wp\/v2\/tags?post=15492"}],"curies":[{"name":"wp","href":"https:\/\/api.w.org\/{rel}","templated":true}]}}