{"id":15506,"date":"2025-10-11T18:05:09","date_gmt":"2025-10-11T18:05:09","guid":{"rendered":"https:\/\/www.europesays.com\/lt\/15506\/"},"modified":"2025-10-11T18:05:09","modified_gmt":"2025-10-11T18:05:09","slug":"vitkauskas-ivertino-sia-savaite-lietuvoje-vykusiu-pratybu-vycio-skliautas-2025-rezultata","status":"publish","type":"post","link":"https:\/\/www.europesays.com\/lt\/15506\/","title":{"rendered":"Vitkauskas \u012fvertino \u0161i\u0105 savait\u0119 Lietuvoje vykusi\u0173 pratyb\u0173 \u201eVy\u010dio skliautas 2025\u201c rezultat\u0105"},"content":{"rendered":"<p>\u201ePraeitais metais pratybos buvo daug ma\u017eesn\u0117s, \u017emoni\u0173 ir institucij\u0173 ma\u017eesnis kiekis buvo \u012fsitrauk\u0119s, tai tikrai progresas yra. M\u016bs\u0173 civilin\u0117s gynybos kult\u016bra yra kitame lygyje\u201c, \u2013 \u0161e\u0161tadien\u012f teig\u0117 NKVC vadovas.<\/p>\n<p>V. Vitkausko teigimu, pirminis \u0161i\u0173 met\u0173 mobilizacini\u0173 pratyb\u0173 vertinimas yra labai neblogas, valstyb\u0117s institucijos ir organizacijos s\u0117kmingai veik\u0117 kartu.\u00a0<\/p>\n<p>\u201eKai kalbame apie civilin\u0119 gynyb\u0105 ir saug\u0105 \u2013 tai yra orkestras. Turi b\u016bti visi komponentai, kurie veikia vienu metu. (&#8230;) Ai\u0161ku, yra dominuojantys dalykai, kaip ir orkestre smuikai, tai \u0161ioje vietoje \u2013 logistika, apr\u016bpinimas transporto priemon\u0117mis, kaip b\u016bt\u0173 galima u\u017etikrinti susisiekim\u0105. Tai \u010dia buvo did\u017eiausias stresas Susisiekimo ministerijai, bet ir visos kitos ministerijos, ir institucijos buvo labai aktyviai \u012fsitraukusios\u201c, \u2013 kalb\u0117jo jis.<\/p>\n<p>I\u0161 viso, pasak NKVC vadovo, pratybose dalyvavo 155 institucij\u0173, taip pat \u0161e\u0161tadien\u012f prie pratyb\u0173 prisijung\u0117 ir prekybos centrai.<\/p>\n<p>\u201eTestuojame, kaip veikt\u0173 prekybos sistema, kaip b\u016bt\u0173 u\u017etikrinta galimyb\u0117 gyventojams \u012fsigyti maisto, kaip b\u016bt\u0173 u\u017etikrintas vie\u0161asis <a rel=\"noopener nofollow\" target=\"_blank\" href=\"https:\/\/www.delfi.lt\/temos\/saugumas\" tag-id=\"46020453\">saugumas<\/a>, u\u017e tai esame d\u0117kingi Lietuvos \u0160auli\u0173 s\u0105jungai, nes jie labai aktyviai \u012fsijung\u0117, u\u017etikrina vie\u0161\u0105j\u0105 tvark\u0105 aplink prekybos centrus\u201c, \u2013 sak\u0117 V. Vitkauskas.<\/p>\n<p>ELTA primena, kad \u0161i\u0105 savait\u0119 Lietuvoje vyko beveik did\u017eiausios Nacionalin\u0117s mobilizacin\u0117s sistemos patikrinimo pratybos \u201eVy\u010dio skliautas\u201c.<\/p>\n<p>Antrus metus vykusias pratybas koordinavo\u00a0NKVC bei Mobilizacijos ir pilietinio pasiprie\u0161inimo departamentas. J\u0173 metu buvo tikrinama, kaip valstyb\u0117s institucijos yra pasiruo\u0161usios veikti mobilizacijos metu.<\/p>\n<p>Pratybose dalyvavo apie 1,2 t\u016bkst. valstyb\u0117s tarnautoj\u0173, pareig\u016bn\u0173, savivaldybi\u0173 atstov\u0173 bei apie 1 t\u016bkst. savanori\u0173.<\/p>\n","protected":false},"excerpt":{"rendered":"\u201ePraeitais metais pratybos buvo daug ma\u017eesn\u0117s, \u017emoni\u0173 ir institucij\u0173 ma\u017eesnis kiekis buvo \u012fsitrauk\u0119s, tai tikrai progresas yra. M\u016bs\u0173&hellip;\n","protected":false},"author":2,"featured_media":15507,"comment_status":"","ping_status":"","sticky":false,"template":"","format":"standard","meta":{"footnotes":""},"categories":[13],"tags":[25,30,31,34,35,24,32,33,37,39,36,38,40,23,22,28,29,4447,318,5393,26,27,4590],"class_list":{"0":"post-15506","1":"post","2":"type-post","3":"status-publish","4":"format-standard","5":"has-post-thumbnail","7":"category-lietuva","8":"tag-antrastes","9":"tag-breaking-news","10":"tag-breakingnews","11":"tag-featured-news","12":"tag-featurednews","13":"tag-headlines","14":"tag-latest-news","15":"tag-latestnews","16":"tag-lietuva","17":"tag-lietuviu","18":"tag-lithuania","19":"tag-lithuanian","20":"tag-lt","21":"tag-naujienos","22":"tag-news","23":"tag-populiariausios-naujienos","24":"tag-populiariausiosnaujienos","25":"tag-pratybos","26":"tag-saugu","27":"tag-saugumas","28":"tag-top-stories","29":"tag-topstories","30":"tag-vycio-skliautas"},"share_on_mastodon":{"url":"","error":""},"_links":{"self":[{"href":"https:\/\/www.europesays.com\/lt\/wp-json\/wp\/v2\/posts\/15506","targetHints":{"allow":["GET"]}}],"collection":[{"href":"https:\/\/www.europesays.com\/lt\/wp-json\/wp\/v2\/posts"}],"about":[{"href":"https:\/\/www.europesays.com\/lt\/wp-json\/wp\/v2\/types\/post"}],"author":[{"embeddable":true,"href":"https:\/\/www.europesays.com\/lt\/wp-json\/wp\/v2\/users\/2"}],"replies":[{"embeddable":true,"href":"https:\/\/www.europesays.com\/lt\/wp-json\/wp\/v2\/comments?post=15506"}],"version-history":[{"count":0,"href":"https:\/\/www.europesays.com\/lt\/wp-json\/wp\/v2\/posts\/15506\/revisions"}],"wp:featuredmedia":[{"embeddable":true,"href":"https:\/\/www.europesays.com\/lt\/wp-json\/wp\/v2\/media\/15507"}],"wp:attachment":[{"href":"https:\/\/www.europesays.com\/lt\/wp-json\/wp\/v2\/media?parent=15506"}],"wp:term":[{"taxonomy":"category","embeddable":true,"href":"https:\/\/www.europesays.com\/lt\/wp-json\/wp\/v2\/categories?post=15506"},{"taxonomy":"post_tag","embeddable":true,"href":"https:\/\/www.europesays.com\/lt\/wp-json\/wp\/v2\/tags?post=15506"}],"curies":[{"name":"wp","href":"https:\/\/api.w.org\/{rel}","templated":true}]}}