{"id":15556,"date":"2025-10-11T19:40:09","date_gmt":"2025-10-11T19:40:09","guid":{"rendered":"https:\/\/www.europesays.com\/lt\/15556\/"},"modified":"2025-10-11T19:40:09","modified_gmt":"2025-10-11T19:40:09","slug":"rusai-neturi-aiskaus-plano-ukraina-bando-susigrazinti-iniciatyva-fronte","status":"publish","type":"post","link":"https:\/\/www.europesays.com\/lt\/15556\/","title":{"rendered":"Rusai neturi ai\u0161kaus plano: Ukraina bando susigr\u0105\u017einti iniciatyv\u0105 fronte"},"content":{"rendered":"<p>Kad sustabdyt\u0173 rus\u0173 ver\u017eimasi, Ukrainos ginkluot\u0173j\u0173 paj\u0117g\u0173 vadovyb\u0117 nusiunt\u0117 b\u016bri\u0173 ir tank\u0173 dalini\u0173 u\u017eimtiems kaimams atsikovoti, pavyzd\u017eiui, Gruzk\u0117s ir Vesel\u0117s. Gruzk\u0117je operacija pra\u0117jo skland\u017eiai, ta\u010diau Vesel\u0117je u\u017evir\u0117 \u012fnirtingesnis m\u016b\u0161is: per susir\u0117mimus gatv\u0117se, nam\u0173 valymus ir dron\u0173 atakas i\u0161 viso buvo likviduota apie 10 rus\u0173, nepraradus n\u0117 vieno ukrainie\u010dio, prane\u0161a UNIAN.<\/p>\n<p class=\"MsoNormal\">\u201ePo to mes \u012f\u017eeng\u0117me \u012f kaim\u0105 ir prad\u0117jome valyti teritorij\u0105. Kiekvien\u0105 nam\u0105, kr\u016bm\u0105 ir r\u016bs\u012f\u201c, \u2013 pasakojo dalinio vadas \u0161aukiniu \u201eTarantino\u201c.<\/p>\n<p class=\"MsoNormal\">Jo brolis, majoras Jevgenijus Ligerka, tarnaujantis 93-iojoje brigadoje \u201eCholodny Jar\u201c, pabr\u0117\u017e\u0117: \u201eJie pasiek\u0117 \u0161ioki\u0173 toki\u0173 vietin\u0117ms reik\u0161m\u0117s laim\u0117jim\u0173, bet tai prakti\u0161kai nekei\u010dia bendros situacijos. Rusai neturi ai\u0161kaus plano \u2013 jie veikia i\u0161 inercijos.\u201c<\/p>\n<p>\u012erodymas, kad Ukraina nepralaimi<\/p>\n<p class=\"MsoNormal\">Anot ginkluot\u0173j\u0173 paj\u0117g\u0173 vado Oleksandro Syrskio, nuo operacij\u0173 prad\u017eios Ukrainos paj\u0117gos i\u0161laisvino apie 330 kv. km, i\u0161 kuri\u0173 daugiau nei 170 kv. km jau patikimai apsaugoti nuo prie\u0161o kontratak\u0173. Remiantis vado vertinimu, \u0161i\u0173 operacij\u0173 metu Rusija prarado apie 3 520 \u017emoni\u0173, beveik 1 988 \u017euvo; kai kurios prie\u0161o paj\u0117gos buvo apsuptos, operacijos prie\u0161 jas t\u0119siasi.<\/p>\n<p class=\"MsoNormal\">Rus\u0173 taktika pasikeit\u0117: vietoje ilg\u0173 \u0161arvuotosios technikos kolon\u0173 jie vis da\u017eniau naudoja nedideles (4\u20136 \u017emoni\u0173) \u0161turmo grupes, kurios greitai manevruoja ir bando prasiskverbti giliau. Ukrainos kariai atsako p\u0117stinink\u0173, \u0161arvuot\u0173j\u0173 transporto priemoni\u0173, dron\u0173 ir artilerijos deriniu, kad \u201emaksimaliai padidint\u0173 j\u0173 nuostolius\u201c, kaip nurod\u0117 vyresnysis ser\u017eantas Vitalijus Piaseckis. Jis prid\u016br\u0117, kad d\u0117l sm\u016bgi\u0173 ir degal\u0173 tr\u016bkumo rusai naudoja ma\u017eiau \u0161arvuotosios technikos.<\/p>\n<p class=\"MsoNormal\">Kontratakos taip pat turi strategin\u0119 reik\u0161m\u0119 tarptautiniam <a rel=\"noopener nofollow\" target=\"_blank\" href=\"https:\/\/www.delfi.lt\/temos\/karas-ukrainoje\" tag-id=\"73240966\">konflikto<\/a> suvokimui: jos \u012frodo, kad vietiniai prie\u0161o prover\u017eiai n\u0117ra sistemingi, o Ukraina gali ne tik gintis, bet ir atkovoti prarastas pozicijas. Ukrainos prezidentas Volodymyras Zelenskis Gruzk\u0117s ir Vesel\u0117s i\u0161vadavim\u0105 pavadino \u201ene didele pergal\u0119, bet \u012frodymu, kad mes nepralaimime\u201c.<\/p>\n<p class=\"MsoNormal\">Nepaisant lokali\u0173 laim\u0117jim\u0173, kariai \u012fsp\u0117ja, kad kova i\u0161lieka sunki. \u201eNenoriu galvoti apie pabaig\u0105, \u2013 parei\u0161k\u0117 vienas i\u0161 vad\u0173. \u2013 M\u016bs\u0173 u\u017eduotis \u2013 maksimaliai padidinti j\u0173 nuostolius.\u201c<\/p>\n","protected":false},"excerpt":{"rendered":"Kad sustabdyt\u0173 rus\u0173 ver\u017eimasi, Ukrainos ginkluot\u0173j\u0173 paj\u0117g\u0173 vadovyb\u0117 nusiunt\u0117 b\u016bri\u0173 ir tank\u0173 dalini\u0173 u\u017eimtiems kaimams atsikovoti, pavyzd\u017eiui, Gruzk\u0117s&hellip;\n","protected":false},"author":2,"featured_media":15557,"comment_status":"","ping_status":"","sticky":false,"template":"","format":"standard","meta":{"footnotes":""},"categories":[15],"tags":[25,30,31,34,35,24,121,32,33,37,39,36,38,40,23,22,44,28,29,2366,26,27,360,74,75,76],"class_list":{"0":"post-15556","1":"post","2":"type-post","3":"status-publish","4":"format-standard","5":"has-post-thumbnail","7":"category-pasaulis","8":"tag-antrastes","9":"tag-breaking-news","10":"tag-breakingnews","11":"tag-featured-news","12":"tag-featurednews","13":"tag-headlines","14":"tag-karas-ukrainoje","15":"tag-latest-news","16":"tag-latestnews","17":"tag-lietuva","18":"tag-lietuviu","19":"tag-lithuania","20":"tag-lithuanian","21":"tag-lt","22":"tag-naujienos","23":"tag-news","24":"tag-pasaulis","25":"tag-populiariausios-naujienos","26":"tag-populiariausiosnaujienos","27":"tag-rusijos-opozicija","28":"tag-top-stories","29":"tag-topstories","30":"tag-ukraina","31":"tag-world","32":"tag-world-news","33":"tag-worldnews"},"share_on_mastodon":{"url":"","error":""},"_links":{"self":[{"href":"https:\/\/www.europesays.com\/lt\/wp-json\/wp\/v2\/posts\/15556","targetHints":{"allow":["GET"]}}],"collection":[{"href":"https:\/\/www.europesays.com\/lt\/wp-json\/wp\/v2\/posts"}],"about":[{"href":"https:\/\/www.europesays.com\/lt\/wp-json\/wp\/v2\/types\/post"}],"author":[{"embeddable":true,"href":"https:\/\/www.europesays.com\/lt\/wp-json\/wp\/v2\/users\/2"}],"replies":[{"embeddable":true,"href":"https:\/\/www.europesays.com\/lt\/wp-json\/wp\/v2\/comments?post=15556"}],"version-history":[{"count":0,"href":"https:\/\/www.europesays.com\/lt\/wp-json\/wp\/v2\/posts\/15556\/revisions"}],"wp:featuredmedia":[{"embeddable":true,"href":"https:\/\/www.europesays.com\/lt\/wp-json\/wp\/v2\/media\/15557"}],"wp:attachment":[{"href":"https:\/\/www.europesays.com\/lt\/wp-json\/wp\/v2\/media?parent=15556"}],"wp:term":[{"taxonomy":"category","embeddable":true,"href":"https:\/\/www.europesays.com\/lt\/wp-json\/wp\/v2\/categories?post=15556"},{"taxonomy":"post_tag","embeddable":true,"href":"https:\/\/www.europesays.com\/lt\/wp-json\/wp\/v2\/tags?post=15556"}],"curies":[{"name":"wp","href":"https:\/\/api.w.org\/{rel}","templated":true}]}}