{"id":15572,"date":"2025-10-11T20:02:10","date_gmt":"2025-10-11T20:02:10","guid":{"rendered":"https:\/\/www.europesays.com\/lt\/15572\/"},"modified":"2025-10-11T20:02:10","modified_gmt":"2025-10-11T20:02:10","slug":"jankauskas-tikiu-kad-nuo-sekmingesnio-rezultato-mus-skiria-detales","status":"publish","type":"post","link":"https:\/\/www.europesays.com\/lt\/15572\/","title":{"rendered":"Jankauskas: tikiu, kad nuo s\u0117kmingesnio rezultato mus skiria detal\u0117s"},"content":{"rendered":"<p>Lietuviai \u0161\u012f ma\u010d\u0105 pasitinka i\u0161vykoje 1:2 nusileid\u0119 Suomijos komandai, Lenkija, tuo tarpu, kontrolin\u0117se rungtyn\u0117se namuose 1:0 \u012fveik\u0117 Naujosios Zelandijos komand\u0105.<\/p>\n<p>Dvikovos i\u0161vakar\u0117se spaudos konferencijoje kalb\u0117j\u0119s Lietuvos rinktin\u0117s treneris <a rel=\"noopener nofollow\" target=\"_blank\" href=\"https:\/\/www.delfi.lt\/temos\/edgaras-jankauskas\" tag-id=\"49714378\">Edgaras Jankauskas<\/a> akcentavo, jog, nepaisant to, kad lietuviai oficialiai prarado galimyb\u0119 prasimu\u0161ti \u012f pasaulio pirmenybes, tam tikras spaudimas komandai vis tiek i\u0161lieka.<\/p>\n<p>    <img decoding=\"async\" src=\"https:\/\/www.europesays.com\/lt\/wp-content\/uploads\/2025\/10\/89f2b477-cc59-4358-aa99-610accc81deb.jpg\" loading=\"lazy\" alt=\"Edgaras Jankauskas\"\/>    <\/p>\n<p>\u201e\u017dinoma, kad yra tas spaudimas galvoje i\u0161lieka, ai\u0161ku, kad mes norime pergali\u0173, bet mes daug d\u0117mesio skiriame turiniui, kas vyko tose rungtyn\u0117se, kod\u0117l galb\u016bt n\u0117ra t\u0173 pergali\u0173.<\/p>\n<p>\u017di\u016brint \u012f \u0161it\u0105 cikl\u0105 \u2013 visos iki \u0161iol vykusios rungtyn\u0117s buvo pralaim\u0117tos minimaliu rezultatu ir visose jose rezultatas tikrai gal\u0117jo b\u016bti kitoks.<\/p>\n<p>Manau, kad b\u016btent tai \u017eaid\u0117jus ir stumia \u012f priek\u012f \u2013 mes negalime sustoti, nors galb\u016bt bendras komandos meistri\u0161kumas ar balansas kol kas mums dar neleid\u017eia laim\u0117ti rungtyni\u0173, bet mes tikrai esame \u0161alia\u201c, \u2013 sak\u0117 E. Jankauskas.<\/p>\n<p>Lenkijos rinktin\u0117 neseniai pakeit\u0117 ir trener\u012f, kai prie vairo stojo vietinis specialistas Janas Urbanas. E. Jankausko teigimu, \u0161iek tiek keit\u0117si ir rinktin\u0117s brai\u017eas.<\/p>\n<p>\u201eBe abejo, su naujuoju treneriu matosi tam tikros naujos id\u0117jos, atsiranda nauja \u017eaid\u0117j\u0173 motyvacija, galb\u016bt \u017eaid\u0117jai randa savyje j\u0117g\u0173 i\u0161 naujo, kad pademonstruot\u0173 savo geriausias savybes. Tas s\u0117kmingas trenerio startas komandai irgi dav\u0117 dar daugiau pasitik\u0117jimo, tod\u0117l laukiame stipraus var\u017eovo geroje formoje\u201c, \u2013 kalb\u0117jo strategas.<\/p>\n<p>Nors Lenkija ir Suomija grup\u0117s var\u017eybose \u0161iuo metu turi po lygiai ta\u0161k\u0173, E. Jankausko teigimu, lenkai i\u0161siskiria savo individualiu meistri\u0161kumu.<\/p>\n<p>\u201eSaky\u010diau, kad Lenkijos rinktin\u0117 yra kiek stipresn\u0117 individualiais \u017eaid\u0117jais \u2013 daugiau futbolinink\u0173 \u017eaid\u017eia elitin\u0117se lygose, bet kalbant apie atletin\u0119 pus\u0119, fizin\u012f nor\u0105, spaudimo k\u016brim\u0105, tai Suomijos yra \u0161iek tiek, manau, kitokio brai\u017eo.<\/p>\n<p>Jie daugiau spaud\u017eia, ie\u0161ko fizinio kontakto, o Lenkijos futbolininkai, kadangi yra auk\u0161\u010diausio meistri\u0161kumo, jie labiau nori \u017eaisti intensyv\u0173 futbol\u0105, yra individualiai stipr\u016bs. Viename komponente Lenkijos rinktin\u0117 yra stipresn\u0117, bet kalbant apie t\u0105 atletin\u0119 dal\u012f, tai Suomijos futbolininkai, manau, tikrai lenkia Lenkij\u0105 ir to \u012frodymas buvo suomi\u0173 pergal\u0117 namuose prie\u0161 lenkus\u201c, \u2013 mintimis dalinosi treneris.<\/p>\n<p>Rungtynes d\u0117l korteli\u0173 praleis Art\u016bras Dol\u017enikovas, ta\u010diau, kaip pasakojo E. Jankauskas, rinktin\u0117 jau sp\u0117jo priprasti \u017eaisti turint netek\u010di\u0173.<\/p>\n<p>\u201eMes jau Suomijoje tur\u0117jome \u0161e\u0161is \u017eaid\u0117jus su kortel\u0117mis, kurie, kortel\u0117s atveju, b\u016bt\u0173 praleid\u0119 rytojaus rungtynes, bet prie netek\u010di\u0173 mes jau esame \u012fprat\u0119 paskutiniuose cikluose.<\/p>\n<p>O pasiruo\u0161imas \u0161iai akistatai buvo profesionalus. Ai\u0161ku, labai apmaudu, kad rungtyn\u0117s Suomijoje baig\u0117si taip, kaip baig\u0117si, nes a\u0161 vis dar tikiu, kad mus skiria labai nedidel\u0117s detal\u0117s nuo s\u0117kmingesnio rezultato. Bet, v\u0117lgi, mes turime i\u0161mesti tas negatyvias emocijas i\u0161 galvos ir b\u016bti maksimaliai pasiruo\u0161\u0119 rytojaus rungtyn\u0117ms\u201c, \u2013 kalb\u0117jo treneris.<\/p>\n","protected":false},"excerpt":{"rendered":"Lietuviai \u0161\u012f ma\u010d\u0105 pasitinka i\u0161vykoje 1:2 nusileid\u0119 Suomijos komandai, Lenkija, tuo tarpu, kontrolin\u0117se rungtyn\u0117se namuose 1:0 \u012fveik\u0117 Naujosios&hellip;\n","protected":false},"author":2,"featured_media":15573,"comment_status":"","ping_status":"","sticky":false,"template":"","format":"standard","meta":{"footnotes":""},"categories":[19],"tags":[5406,3696,140,37,39,3419,36,38,40,47,104],"class_list":{"0":"post-15572","1":"post","2":"type-post","3":"status-publish","4":"format-standard","5":"has-post-thumbnail","7":"category-sportas","8":"tag-dariaus-ir-gireno-stadionas","9":"tag-edgaras-jankauskas","10":"tag-lenkija","11":"tag-lietuva","12":"tag-lietuviu","13":"tag-lietuvos-vyru-futbolo-rinktine","14":"tag-lithuania","15":"tag-lithuanian","16":"tag-lt","17":"tag-sportas","18":"tag-sports"},"share_on_mastodon":{"url":"","error":""},"_links":{"self":[{"href":"https:\/\/www.europesays.com\/lt\/wp-json\/wp\/v2\/posts\/15572","targetHints":{"allow":["GET"]}}],"collection":[{"href":"https:\/\/www.europesays.com\/lt\/wp-json\/wp\/v2\/posts"}],"about":[{"href":"https:\/\/www.europesays.com\/lt\/wp-json\/wp\/v2\/types\/post"}],"author":[{"embeddable":true,"href":"https:\/\/www.europesays.com\/lt\/wp-json\/wp\/v2\/users\/2"}],"replies":[{"embeddable":true,"href":"https:\/\/www.europesays.com\/lt\/wp-json\/wp\/v2\/comments?post=15572"}],"version-history":[{"count":0,"href":"https:\/\/www.europesays.com\/lt\/wp-json\/wp\/v2\/posts\/15572\/revisions"}],"wp:featuredmedia":[{"embeddable":true,"href":"https:\/\/www.europesays.com\/lt\/wp-json\/wp\/v2\/media\/15573"}],"wp:attachment":[{"href":"https:\/\/www.europesays.com\/lt\/wp-json\/wp\/v2\/media?parent=15572"}],"wp:term":[{"taxonomy":"category","embeddable":true,"href":"https:\/\/www.europesays.com\/lt\/wp-json\/wp\/v2\/categories?post=15572"},{"taxonomy":"post_tag","embeddable":true,"href":"https:\/\/www.europesays.com\/lt\/wp-json\/wp\/v2\/tags?post=15572"}],"curies":[{"name":"wp","href":"https:\/\/api.w.org\/{rel}","templated":true}]}}