{"id":15574,"date":"2025-10-11T20:04:06","date_gmt":"2025-10-11T20:04:06","guid":{"rendered":"https:\/\/www.europesays.com\/lt\/15574\/"},"modified":"2025-10-11T20:04:06","modified_gmt":"2025-10-11T20:04:06","slug":"vilniuje-surengtos-izraelio-veiksmus-gazoje-smerkianciu-organizaciju-protesto-eitynes","status":"publish","type":"post","link":"https:\/\/www.europesays.com\/lt\/15574\/","title":{"rendered":"Vilniuje surengtos Izraelio veiksmus Gazoje smerkian\u010di\u0173 organizacij\u0173 protesto eityn\u0117s"},"content":{"rendered":"<p>Protesto organizatoriai ir dalyviai reikalauja institucij\u0173 \u012fvesti Izraeliui tikslines sankcijas bei d\u0117ti pastangas, siekiant u\u017ekirsti keli\u0105, pasak j\u0173, tolimesniam genocido vykdymui. Taip pat reikalaujama siekti, kad Izraelis b\u016bt\u0173 baud\u017eiamas u\u017e \u012fvykdytus nusikaltimus vadovaujantis tarptautine teise.<\/p>\n<p>\u201eM\u016bs\u0173 partizanai rusams irgi buvo teroristai\u201c, \u201eKaro nusikalt\u0117liai \u2013 lauk\u201c, \u201eNuo kada Lietuva remia okupant\u0105?\u201c, \u201eNeb\u016bkite genocido pirkliai\u201c, \u201eNespauskit rank\u0173, sutept\u0173 krauju\u201c \u2013 tokiais u\u017era\u0161ais ant plakat\u0173 sostin\u0117s gatv\u0117mis keliavo aktyvistai.<\/p>\n<p>\u012e Europos aik\u0161t\u0119 taip pat atvyko grupel\u0117 vaikin\u0173 su Izraelio v\u0117liavomis, taip i\u0161reik\u0161dami palaikym\u0105 \u0161iai \u0161aliai ir prie\u0161taraudami vykstan\u010diam Palestinos palaikytoj\u0173 protestui.<\/p>\n<p>Protest\u0105 organizavo a\u0161tuonios Palestin\u0105 palaikan\u010dios organizacijos ir bendruomen\u0117s: \u201ePoppies Palestine Action Vilnius\u201c,\u00a0\u201eDemonstruokim\u0117s\u201c, Vilniaus dail\u0117s akademijos bendruomen\u0117 u\u017e Palestin\u0105, Vilniaus universiteto studentai u\u017e Palestin\u0105, Gegu\u017e\u0117s 1-osios profesin\u0117 s\u0105junga, klimato jud\u0117jimas\u00a0\u201eFridays For Future Lietuva\u201c, b\u016bgn\u0173 kolektyvas\u00a0\u201eRoR Vilnius\u201c bei \u017eydi\u0161kas jud\u0117jimas\u00a0\u201eVilne Bund\u201c.<\/p>\n<p>ELTA primena, kad \u0161i\u0105 savait\u0119 Izraelis ir \u201eHamas\u201c susitar\u0117 d\u0117l paliaub\u0173 pagal JAV prezidento Donaldo Trumpo pasi\u016blyt\u0105 ugnies nutraukimo ir \u012fkait\u0173 i\u0161laisvinimo plan\u0105. Mainais \u012f \u012fkaitus Izraelis paleis apie 2 t\u016bkst. palestinie\u010di\u0173 kalini\u0173.<\/p>\n<p>D. Trumpo 20 punkt\u0173 planas Gazos Ruo\u017eui numato paliaubas, vis\u0173 Gazos Ruo\u017ee laikom\u0173 \u012fkait\u0173 paleidim\u0105, \u201eHamas\u201c nusiginklavim\u0105 ir laipsni\u0161k\u0105 Izraelio pasitraukim\u0105 i\u0161 \u0161ios teritorijos.<\/p>\n","protected":false},"excerpt":{"rendered":"Protesto organizatoriai ir dalyviai reikalauja institucij\u0173 \u012fvesti Izraeliui tikslines sankcijas bei d\u0117ti pastangas, siekiant u\u017ekirsti keli\u0105, pasak j\u0173,&hellip;\n","protected":false},"author":2,"featured_media":15575,"comment_status":"","ping_status":"","sticky":false,"template":"","format":"standard","meta":{"footnotes":""},"categories":[15],"tags":[25,30,31,34,35,24,724,32,33,37,39,36,38,40,23,22,44,28,29,1719,26,27,74,75,76],"class_list":{"0":"post-15574","1":"post","2":"type-post","3":"status-publish","4":"format-standard","5":"has-post-thumbnail","7":"category-pasaulis","8":"tag-antrastes","9":"tag-breaking-news","10":"tag-breakingnews","11":"tag-featured-news","12":"tag-featurednews","13":"tag-headlines","14":"tag-izraelio-ir-palestinos-konfliktas","15":"tag-latest-news","16":"tag-latestnews","17":"tag-lietuva","18":"tag-lietuviu","19":"tag-lithuania","20":"tag-lithuanian","21":"tag-lt","22":"tag-naujienos","23":"tag-news","24":"tag-pasaulis","25":"tag-populiariausios-naujienos","26":"tag-populiariausiosnaujienos","27":"tag-protestas","28":"tag-top-stories","29":"tag-topstories","30":"tag-world","31":"tag-world-news","32":"tag-worldnews"},"share_on_mastodon":{"url":"","error":""},"_links":{"self":[{"href":"https:\/\/www.europesays.com\/lt\/wp-json\/wp\/v2\/posts\/15574","targetHints":{"allow":["GET"]}}],"collection":[{"href":"https:\/\/www.europesays.com\/lt\/wp-json\/wp\/v2\/posts"}],"about":[{"href":"https:\/\/www.europesays.com\/lt\/wp-json\/wp\/v2\/types\/post"}],"author":[{"embeddable":true,"href":"https:\/\/www.europesays.com\/lt\/wp-json\/wp\/v2\/users\/2"}],"replies":[{"embeddable":true,"href":"https:\/\/www.europesays.com\/lt\/wp-json\/wp\/v2\/comments?post=15574"}],"version-history":[{"count":0,"href":"https:\/\/www.europesays.com\/lt\/wp-json\/wp\/v2\/posts\/15574\/revisions"}],"wp:featuredmedia":[{"embeddable":true,"href":"https:\/\/www.europesays.com\/lt\/wp-json\/wp\/v2\/media\/15575"}],"wp:attachment":[{"href":"https:\/\/www.europesays.com\/lt\/wp-json\/wp\/v2\/media?parent=15574"}],"wp:term":[{"taxonomy":"category","embeddable":true,"href":"https:\/\/www.europesays.com\/lt\/wp-json\/wp\/v2\/categories?post=15574"},{"taxonomy":"post_tag","embeddable":true,"href":"https:\/\/www.europesays.com\/lt\/wp-json\/wp\/v2\/tags?post=15574"}],"curies":[{"name":"wp","href":"https:\/\/api.w.org\/{rel}","templated":true}]}}