{"id":15594,"date":"2025-10-11T21:16:08","date_gmt":"2025-10-11T21:16:08","guid":{"rendered":"https:\/\/www.europesays.com\/lt\/15594\/"},"modified":"2025-10-11T21:16:08","modified_gmt":"2025-10-11T21:16:08","slug":"estija-skelbia-penktadieni-uzdariusi-siena-su-rusija-del-neiprastos-veiklos","status":"publish","type":"post","link":"https:\/\/www.europesays.com\/lt\/15594\/","title":{"rendered":"Estija skelbia penktadien\u012f u\u017edariusi sien\u0105 su Rusija d\u0117l ne\u012fprastos veiklos"},"content":{"rendered":"<p>Saatse, pietry\u010di\u0173 Estijoje, yra nedidelis Rusijos teritorijos plotas, u\u017eimantis 115 hektar\u0173 (280 akr\u0173). Estai gali va\u017eiuoti per \u0161i\u0105 teritorij\u0105 be leidimo, bet negali sustoti.<\/p>\n<p>PPA dar penktadienio vakar\u0105 prane\u0161\u0117, kad u\u017edarymas buvo nuspr\u0119stas po to, kai pasienio apsaugos pareig\u016bnai pasteb\u0117jo ne\u012fprastai didel\u012f karin\u012f dalin\u012f, judant\u012f Rusijos pus\u0117je. \u0160e\u0161tadien\u012f agent\u016bra paskelb\u0117 vaizdo \u012fra\u0161\u0105. J\u012f rasite <a rel=\"noopener nofollow\" target=\"_blank\" href=\"https:\/\/www.err.ee\/1609827117\/piirivalve-juht-saatse-saapa-juures-liikusid-relvastatud-grupid\" data-rel-date-range=\"[]\">\u010cIA<\/a>. <\/p>\n<p>PPA teigimu, u\u017edarymas skirtas u\u017ekirsti keli\u0105 galimiems provokaciniams veiksmams ir incidentams bei u\u017etikrinti Estijos pilie\u010di\u0173 saugum\u0105.<\/p>\n<p>\u201ePenktadien\u012f m\u016bs\u0173 patruliai vis\u0105 dien\u0105 steb\u0117jo, kad Rusijos pus\u0117je, Saatse teritorijoje, veikla buvo \u017eymiai intensyvesn\u0117 nei \u012fprastai. Mat\u0117me \u012fvairias ginkluotas grupes, judan\u010dias palei sien\u0105 ir jos artimiausioje aplinkoje. Pagal j\u0173 uniformas buvo ai\u0161ku, kad tai tikrai nebuvo pasienio apsaugos pareig\u016bnai\u201c, \u2013 \u0161e\u0161tadienio Estijos vakaro naujien\u0173 laidoje \u201eAktuaalne kaamara\u201c sak\u0117 PPA Piet\u0173 prefekt\u016bros pasienio apsaugos biuro vadovas Meelis Saarepuu.<\/p>\n<p>Naujien\u0173 portalas <a rel=\"noopener nofollow\" href=\"http:\/\/Delfi.ee\" target=\"_blank\">Delfi.ee<\/a> skelbia, kad PPA jiems suteik\u0117 informacijos, jog vaizdo \u012fra\u0161e matomi Rusijos kariai, septyni stovintys kelyje, o Rusijos pus\u0117je juda daugiau nei de\u0161imties kari\u0173 b\u016brys. Visgi, Estijos pareig\u016bnai pa\u017eymi, kad min\u0117tas pasienis-per\u0117ja u\u017edaryta d\u0117l est\u0173, kurie nori kirsti sien\u0105 \u2013 \u0161iuo metu toks veiksmas kelia didesn\u012f pavoj\u0173.<\/p>\n<p>Rugs\u0117jo 19 d. trys Rusijos naikintuvai MiG-31 trumpam \u012fskrido \u012f Estijos oro erdv\u0119 ir ten i\u0161buvo 12 minu\u010di\u0173, kol juos sulaik\u0117 NATO paj\u0117gos.<\/p>\n<p>Rugs\u0117jo prad\u017eioje Lenkijos paj\u0117gos numu\u0161\u0117 kelis Rusijos dronus, kurie buvo \u012fskrid\u0119 \u012f j\u0173 oro erdv\u0119. Kelet\u0105 dien\u0173 v\u0117liau Rusijos dronas buvo aptiktas ir vir\u0161 Rumunijos teritorijos, ta\u010diau Bukare\u0161tas nusprend\u0117 jo nesunaikinti.<\/p>\n","protected":false},"excerpt":{"rendered":"Saatse, pietry\u010di\u0173 Estijoje, yra nedidelis Rusijos teritorijos plotas, u\u017eimantis 115 hektar\u0173 (280 akr\u0173). Estai gali va\u017eiuoti per \u0161i\u0105&hellip;\n","protected":false},"author":2,"featured_media":15595,"comment_status":"","ping_status":"","sticky":false,"template":"","format":"standard","meta":{"footnotes":""},"categories":[15],"tags":[25,30,31,138,34,35,24,32,33,37,39,36,38,40,23,22,44,4059,28,29,119,26,27,74,75,76],"class_list":{"0":"post-15594","1":"post","2":"type-post","3":"status-publish","4":"format-standard","5":"has-post-thumbnail","7":"category-pasaulis","8":"tag-antrastes","9":"tag-breaking-news","10":"tag-breakingnews","11":"tag-estija","12":"tag-featured-news","13":"tag-featurednews","14":"tag-headlines","15":"tag-latest-news","16":"tag-latestnews","17":"tag-lietuva","18":"tag-lietuviu","19":"tag-lithuania","20":"tag-lithuanian","21":"tag-lt","22":"tag-naujienos","23":"tag-news","24":"tag-pasaulis","25":"tag-pasienis","26":"tag-populiariausios-naujienos","27":"tag-populiariausiosnaujienos","28":"tag-rusija","29":"tag-top-stories","30":"tag-topstories","31":"tag-world","32":"tag-world-news","33":"tag-worldnews"},"share_on_mastodon":{"url":"","error":""},"_links":{"self":[{"href":"https:\/\/www.europesays.com\/lt\/wp-json\/wp\/v2\/posts\/15594","targetHints":{"allow":["GET"]}}],"collection":[{"href":"https:\/\/www.europesays.com\/lt\/wp-json\/wp\/v2\/posts"}],"about":[{"href":"https:\/\/www.europesays.com\/lt\/wp-json\/wp\/v2\/types\/post"}],"author":[{"embeddable":true,"href":"https:\/\/www.europesays.com\/lt\/wp-json\/wp\/v2\/users\/2"}],"replies":[{"embeddable":true,"href":"https:\/\/www.europesays.com\/lt\/wp-json\/wp\/v2\/comments?post=15594"}],"version-history":[{"count":0,"href":"https:\/\/www.europesays.com\/lt\/wp-json\/wp\/v2\/posts\/15594\/revisions"}],"wp:featuredmedia":[{"embeddable":true,"href":"https:\/\/www.europesays.com\/lt\/wp-json\/wp\/v2\/media\/15595"}],"wp:attachment":[{"href":"https:\/\/www.europesays.com\/lt\/wp-json\/wp\/v2\/media?parent=15594"}],"wp:term":[{"taxonomy":"category","embeddable":true,"href":"https:\/\/www.europesays.com\/lt\/wp-json\/wp\/v2\/categories?post=15594"},{"taxonomy":"post_tag","embeddable":true,"href":"https:\/\/www.europesays.com\/lt\/wp-json\/wp\/v2\/tags?post=15594"}],"curies":[{"name":"wp","href":"https:\/\/api.w.org\/{rel}","templated":true}]}}