{"id":156096,"date":"2026-04-17T22:38:30","date_gmt":"2026-04-17T22:38:30","guid":{"rendered":"https:\/\/www.europesays.com\/lt\/156096\/"},"modified":"2026-04-17T22:38:30","modified_gmt":"2026-04-17T22:38:30","slug":"paaiskejo-is-kur-sklinda-dainavos-gyventojus-erzinantis-garsas","status":"publish","type":"post","link":"https:\/\/www.europesays.com\/lt\/156096\/","title":{"rendered":"Paai\u0161k\u0117jo, i\u0161 kur sklinda Dainavos gyventojus erzinantis garsas"},"content":{"rendered":"<p>\u012esib\u0117g\u0117jus pavasariui, miestie\u010diai \u0117m\u0117 masi\u0161kai sk\u0173stis garsais, girdimais Dainavos mikrorajone. Kaunie\u010di\u0173 teigimu, pary\u010diais girdimas duslus garsas, primenantis sprogin\u0117jimus ar \u0161\u016bvius. Ai\u0161k\u0117ja, jog gyventoj\u0173 ramyb\u0119 drums\u010dia prekybos miestelio \u201eUrmas&#8221; teritorijoje naudojamos pauk\u0161\u010di\u0173 baidymo priemon\u0117s. Prekybos miestelis, savo ruo\u017etu, \u017eada atsi\u017evelgti \u012f miestie\u010di\u0173 skundus ir skleid\u017eiam\u0105 gars\u0105 kontroliuoti.<\/p>\n<p>Naujien\u0173 portalas \u201eKas vyksta Kaune\u201c jau kuris laikas sulaukia prane\u0161im\u0173 apie gyventoj\u0173 mieste girdimus keistus garsus. Apie tai kaunie\u010diai nepaliaujamai diskutuoja ir socialiniuose tinkluose.<\/p>\n<p>\u201eLaba diena, Kauno Dainavos rajono bendruomen\u0117s FB forumuose nuolat diskutuojama d\u0117l pary\u010diais (nuo 5 val. ryto) keliamo triuk\u0161mo &#8211; tarsi fejerverk\u0173 sprogin\u0117jimas po 3 \u0161\u016bvi\u0173 serijas. \u0160audoma jau apie m\u0117n\u0117s\u012f laiko, net savaitgaliais. Daug teigian\u010di\u0173, kad taip \u201eUrmas&#8221; g\u0105sdina pauk\u0161\u010dius. Gal galite pra\u0161au pasidom\u0117ti, kas i\u0161 ties\u0173 vyksta ir ar tai neprie\u0161tarauja triuk\u0161mo prevencijos taisykl\u0117ms\u201c, &#8211; ketvirtadien\u012f \u012f redakcij\u0105 kreip\u0117si skaitytojas.<\/p>\n<p>Kaunie\u010dio teiginiams pritaria ir daugyb\u0117 internetin\u0117je erdv\u0117je apie tai pasisakiusi\u0173 gyventoj\u0173. J\u0173 teigimu, gyventojus labiausiai alina pary\u010diais, net per u\u017edarus langus girdimi garsai.<\/p>\n<p>\u201eTaip, nuolat girdisi, ir darbo dien\u0105 nuo ankstaus ryto ir savaitgaliais pri\u017eadina\u201c, &#8211; skaitytojui antrino pasipiktinusi kauniet\u0117.<\/p>\n<p>\u201eKasdien tenka pabusti 5\u20136 val. ryto, nes sklindantys sprogimo \u201ebang\u0173\u201c garsai girdimi net pro u\u017edarytus langus. A\u0161 ne\u012fsivaizduoju, kaip tie su ma\u017eais vaikais ar gyv\u016bnais ramiai gyvena. Ir taip girdimas periodi\u0161kai vis\u0105 dien\u0105. Savaitgaliais irgi. Kod\u0117l anks\u010diau \u0161iltuoju metu to nebuvo? Ar \u010dia nepa\u017eeid\u017eiamos jokios taisykl\u0117s?\u201c &#8211; dom\u0117josi dar viena moteris.<\/p>\n<p><img decoding=\"async\" width=\"500\" height=\"280\" loading=\"lazy\" src=\"https:\/\/www.europesays.com\/lt\/wp-content\/uploads\/2026\/04\/rudagalvis-kiras.jpg@webp.webp\" class=\"w-auto h-auto\" alt=\"Kiras \/ LR Aplinkos ministerijos nuotr.\"\/><\/p>\n<p>Kiras \/ LR Aplinkos ministerijos nuotr.<\/p>\n<p>\u017dadama imtis priemoni\u0173<\/p>\n<p>\u201eKas vyksta Kaune\u201c apie tai pasiteiravus pa\u010dio prekybos miestelio \u201eUrmas&#8221;, \u0161io atstovai pripa\u017eino, jog garsai gali sklisti b\u016btent i\u0161 j\u0173 valdomos teritorijos.<\/p>\n<p>\u201eGarsai, apie kuriuos ra\u0161ote, gali kilti i\u0161 prekybos miestelio \u201eUrmas\u201e teritorijos ir yra susij\u0119 su pauk\u0161\u010di\u0173 baidymo priemon\u0117mis \u2013 akustini\u0173 oro patrank\u0173 naudojimu. \u0160ios priemon\u0117s skirtos atbaidyti kirus, kuri\u0173 gausa kelia reali\u0173 problem\u0173 tiek sveikatai, tiek kasdienei veiklai\u201c, &#8211; ra\u0161oma \u201eUrmas\u201c paai\u0161kinime.<\/p>\n<p>\u012emon\u0117s teigimu, gausesn\u0117 kir\u0173 populiacija miesto aplinkoje neva gali kelti \u012fvairi\u0173 nepatogum\u0173. Es\u0105 jie ter\u0161ia aplink\u0105, skleid\u017eia ils\u0117tis trukdan\u010dius garsus, o jaunikli\u0173 sezono metu gindami jauniklius, gali agresyviai pulti praeivius. Be to, kirai skriaud\u017eia kitus ma\u017eesnius pauk\u0161\u010dius \u2013 taigi pabr\u0117\u017eiama, jog j\u0173 gausa gali kenkti ne tik \u017emon\u0117ms, bet ir kitai miesto gyv\u016bnijai.<\/p>\n<p>\u201eKir\u0173 problematika m\u016bs\u0173 vietov\u0117je yra sistemin\u0117: <a href=\"https:\/\/kaunas.kasvyksta.lt\/pauksciai\" title=\"Pauk\u0161\u010diai\" rel=\"nofollow noopener\" target=\"_blank\">pauk\u0161\u010diai<\/a> ter\u0161ia klient\u0173 automobilius bei visas ant stog\u0173 esan\u010dias saul\u0117s baterijas; prine\u0161a \u0161iuk\u0161li\u0173 ant stog\u0173. Prekybos miestelio \u201eUrmas&#8221; stog\u0173 plotas siekia de\u0161imtis t\u016bkstan\u010di\u0173 kvadratini\u0173 metr\u0173, tad rankinis baidymas prakti\u0161kai ne\u012fmanomas, o kitos priemon\u0117s kir\u0173 neveikia\u201c, &#8211; ai\u0161kina prekybos miestelio atstovai.<\/p>\n<p>Kaip teigia \u201eUrmas&#8221;, akustin\u0117s oro patrankos \u2013 tai legaliai \u012fsigyjama sertifikuota ir naudojama priemon\u0117, kuri\u0105 gali taikyti ir kiti \u016bkio subjektai ar \u017eemdirbiai. Priduriama, jog tai vienas humani\u0161kiausi\u0173 b\u016bd\u0173 valdyti pauk\u0161\u010di\u0173 populiacij\u0105, ypa\u010d kol dar nesusukti lizdai ir nesud\u0117ti kiau\u0161iniai.<\/p>\n<p>\u201ePapildomai atsakome, kad per vis\u0105 laik\u0105 gavome vien\u0105 gyventojo paklausim\u0105 d\u0117l triuk\u0161mo ramyb\u0117s valandomis, tai buvo praeit\u0105 savait\u0119,  ir nedelsiant \u012f j\u012f sureagavome: priemon\u0117s nebenaudojamos v\u0117lai vakare ir anksti ryte \u2013 veiklos laikas apribotas iki leistin\u0173 valand\u0173 (po 7 val. ryto iki 19 val. vakaro). Tod\u0117l jei gyventojai ir toliau gird\u0117t\u0173 pana\u0161ius garsus ramyb\u0117s valandomis (nuo 19 val. vakaro iki 7 val. ryto), galime u\u017etikrinti, kad tai tikrai n\u0117ra m\u016bs\u0173 veiklos garsai\u201c, &#8211; tikina prekybos miestelis \u201eUrmas&#8221;.<\/p>\n<p>\u012emon\u0117s teigimu, \u0161iuo metu yra papildomai planuojama suma\u017einti skleid\u017eiamo garso stiprum\u0105, atlikti garso matavimus \u012fvairiose miesto vietose (papildomai prevencijai).<\/p>\n<p>Taip pat \u017eadama, jog \u0161ios priemon\u0117s bus naudojamos tik ribot\u0105 laikotarp\u012f &#8211; iki aktyvaus lizd\u0173 sukimo sezono pabaigos. Pabr\u0117\u017eiama, jog \u012fmon\u0117 toliau vertins situacij\u0105 ir, esant poreikiui, imsis papildom\u0173 priemoni\u0173.<\/p>\n","protected":false},"excerpt":{"rendered":"\u012esib\u0117g\u0117jus pavasariui, miestie\u010diai \u0117m\u0117 masi\u0161kai sk\u0173stis garsais, girdimais Dainavos mikrorajone. Kaunie\u010di\u0173 teigimu, pary\u010diais girdimas duslus garsas, primenantis sprogin\u0117jimus&hellip;\n","protected":false},"author":2,"featured_media":156097,"comment_status":"","ping_status":"","sticky":false,"template":"","format":"standard","meta":{"footnotes":"","_share_on_mastodon":"0"},"categories":[13],"tags":[25,30,31,20505,34,35,1387,24,1061,32,33,37,39,36,38,40,23,22,4264,28,29,26104,26,27,21834],"class_list":["post-156096","post","type-post","status-publish","format-standard","has-post-thumbnail","category-lietuva","tag-antrastes","tag-breaking-news","tag-breakingnews","tag-dainava","tag-featured-news","tag-featurednews","tag-gamta","tag-headlines","tag-kaunas","tag-latest-news","tag-latestnews","tag-lietuva","tag-lietuviu","tag-lithuania","tag-lithuanian","tag-lt","tag-naujienos","tag-news","tag-pauksciai","tag-populiariausios-naujienos","tag-populiariausiosnaujienos","tag-prekybos-miestelis-urmas","tag-top-stories","tag-topstories","tag-urmas"],"share_on_mastodon":{"url":"https:\/\/pubeurope.com\/@lt\/116422449980305159","error":""},"_links":{"self":[{"href":"https:\/\/www.europesays.com\/lt\/wp-json\/wp\/v2\/posts\/156096","targetHints":{"allow":["GET"]}}],"collection":[{"href":"https:\/\/www.europesays.com\/lt\/wp-json\/wp\/v2\/posts"}],"about":[{"href":"https:\/\/www.europesays.com\/lt\/wp-json\/wp\/v2\/types\/post"}],"author":[{"embeddable":true,"href":"https:\/\/www.europesays.com\/lt\/wp-json\/wp\/v2\/users\/2"}],"replies":[{"embeddable":true,"href":"https:\/\/www.europesays.com\/lt\/wp-json\/wp\/v2\/comments?post=156096"}],"version-history":[{"count":0,"href":"https:\/\/www.europesays.com\/lt\/wp-json\/wp\/v2\/posts\/156096\/revisions"}],"wp:featuredmedia":[{"embeddable":true,"href":"https:\/\/www.europesays.com\/lt\/wp-json\/wp\/v2\/media\/156097"}],"wp:attachment":[{"href":"https:\/\/www.europesays.com\/lt\/wp-json\/wp\/v2\/media?parent=156096"}],"wp:term":[{"taxonomy":"category","embeddable":true,"href":"https:\/\/www.europesays.com\/lt\/wp-json\/wp\/v2\/categories?post=156096"},{"taxonomy":"post_tag","embeddable":true,"href":"https:\/\/www.europesays.com\/lt\/wp-json\/wp\/v2\/tags?post=156096"}],"curies":[{"name":"wp","href":"https:\/\/api.w.org\/{rel}","templated":true}]}}