{"id":156976,"date":"2026-04-19T07:05:22","date_gmt":"2026-04-19T07:05:22","guid":{"rendered":"https:\/\/www.europesays.com\/lt\/156976\/"},"modified":"2026-04-19T07:05:22","modified_gmt":"2026-04-19T07:05:22","slug":"zailskiene-nesupranta-kritikos-del-atsiimtu-pensiju-lesu-negi-galejome-pakeisti-zmoniu-mastyma-respublika-lt","status":"publish","type":"post","link":"https:\/\/www.europesays.com\/lt\/156976\/","title":{"rendered":"Zailskien\u0117 nesupranta kritikos d\u0117l atsiimt\u0173 pensij\u0173 l\u0117\u0161\u0173: negi gal\u0117jome pakeisti \u017emoni\u0173 m\u0105stym\u0105? &#8211; Respublika.lt"},"content":{"rendered":"<p><img loading=\"lazy\" decoding=\"async\" src=\"https:\/\/www.respublika.lt\/lt\/naujienos\/lietuva\/kitos-lietuvos-zinios\/zailskiene-nesupranta-kritikos-del-atsiimtu-pensiju-lesu-negi-galejome-pakeisti-zmoniu-mastyma\/images\/ico_camera_white.gif\" class=\"camera\" width=\"22\" height=\"15\" alt=\"nuotr.\" style=\"position:relative; top:-2px; right:2px;\"\/> 1 nuotr.<\/p>\n<p>J\u016brat\u0117 Zailskien\u0117. Eltos nuotr.<\/p>\n<p style=\"text-align: justify;\" class=\"desktop_banner\">\u00a0<\/p>\n<p>\u00a0<\/p>\n<p>Anot ministr\u0117s, reik\u0117t\u0173 \u201enustoti smerkti\u201c \u017emones, kurie l\u0117\u0161as i\u0161leid\u017eia savo poreikiams, nes reforma priimta norint sprendimus jiems leisti priimti patiems.<\/p>\n<p>\u201eNelabai suprantu kaltinim\u0173 (kad ministerija nepakankamai \u0161viet\u0117 visuomen\u0119 \u2013 ELTA), nes man niekaip nesueina galai \u2013 o k\u0105, ministerija gal\u0117jo pakeisti \u017emoni\u0173 m\u0105stym\u0105? Ne, tiesiog \u0161ita reforma ir buvo padaryta, kad \u017emones \u012fgalinti patiems priimti sprendimus\u201c, \u2013 laidoje \u201eELTA Kampas\u201c kalb\u0117jo J. Zailskien\u0117.<\/p>\n<p>Anot jos, apklausos rodo, jog atsiimtas l\u0117\u0161as dalis gyventoj\u0173 planuoja investuoti, papildomus finansus taip pat ketina panaudoti gr\u0105\u017eindami paskolas ir pirkdami b\u016bst\u0105, \u012fvairiems buities poreikiams, kai kurie ketina sudaryti tre\u010dios pensij\u0173 pakopos sutartis.<\/p>\n<p>\u201e\u017dinote, vartojimas vartojimui nelygu \u2013 jeigu \u017emogui reikia name pasidaryti valymo \u012frenginius arba u\u017esid\u0117ti ant stogo saul\u0117s elektrin\u0119 ir jis taupys nuolat, kiekvienais metais, tai \u010dia, ko gero, yra puiki investicija, tikrai ne prastesn\u0117 nei antros pensijos pakopos priedas prie pensijos\u201c, \u2013 tikino ministr\u0117.<\/p>\n<p>\u201ePirmiausia labai nor\u0117\u010diau, kad mes visi nustotume smerkti gyventojus, nes kiekvienas i\u0161 m\u016bs\u0173 turime tikrai savo asmenines patirtis, savo aplink\u0105 ir kas geriau gali \u017einoti apie tai, kur leisti pinigus, jeigu ne pats \u017emogus, t\u0173 pinig\u0173 \u0161eimininkas. Tai a\u0161 net neabejoju Lietuvos \u017emoni\u0173 atsakingumu ir tai, k\u0105 jie daro, rei\u0161kia jiems tai yra pats svarbiausias dalykas\u201c, \u2013 teig\u0117 J. Zailskien\u0117.<\/p>\n<p>Komentuodama pirmojo reformos ketvir\u010dio rezultatus, premjer\u0117 Inga Ruginien\u0117 \u0161i\u0105 savait\u0119 teig\u0117 apgailestaujanti, kad \u0161alies pensij\u0173 fondai nesugeb\u0117jo \u012ftikinti gyventoj\u0173, jog papildomai kaupti pensijai apsimoka.<\/p>\n<p>J. Zailskien\u0117 pa\u017eym\u0117jo \u0161iuo klausimu pasigendanti didesn\u0117s pensij\u0173 fond\u0173 valdytoj\u0173 atsakomyb\u0117s.<\/p>\n<p>\u201e\u0160iuo atveju tai yra m\u016bs\u0173 fond\u0173 valdytoj\u0173 (\u2026) darbas. Valstyb\u0117s paskatinimas, priemoka tiems, kurie kaupia antroje pensij\u0173 pakopoje, paliko, o jie tiesiog tikrai tur\u0117t\u0173 kalb\u0117ti, ai\u0161kinti ir \u012ftikinti, kad ta sistema gera\u201c, \u2013 kalb\u0117jo ministr\u0117.<\/p>\n<p>\u201ePirmiausia tai fondai nieko nepadar\u0117, kad \u012ftikin\u0117t\u0173 (\u017emones likti kaupime \u2013 ELTA), jie tikrai daugiau r\u016bpinosi, kad tas \u012fstatymas b\u016bt\u0173 jiems patogesnis, bet mes tikrai der\u0117jom\u0117s ir atsi\u017evelg\u0117me, padar\u0117me atsiskaitym\u0105 kas tris m\u0117nesius, ne kas m\u0117nes\u012f, nes tikrai suprantame, kad tai n\u0117ra paprasta. Bet jie \u0161itoje vietoje tikrai tur\u0117t\u0173 prisiimti didel\u0119 atsakomyb\u0119 ir tur\u0117t\u0173 pagalvoti, kaip jie turi \u012ftikinti \u017emones\u201c, \u2013 sak\u0117 ji.<\/p>\n<p>Pensij\u0173 fond\u0173 bendrov\u0117s skai\u010diuoja, kad per pirm\u0105 reformos ketvirt\u012f i\u0161 antros pakopos sistemos pasitrauk\u0117 beveik 550 t\u016bkst. \u017emoni\u0173, dar kiek ma\u017eiau nei 900 t\u016bkst. gyventoj\u0173 liko kaupti toliau.<\/p>\n<p>I\u0161 viso pensij\u0173 fondai neteko 4,4 mlrd. eur\u0173 \u2013 i\u0161 j\u0173 2,9 mlrd. eur\u0173 gr\u0105\u017einta gyventojams, 1,3 mlrd. eur\u0173 \u2013 \u201eSodrai\u201c.<\/p>\n<p>Kaip skelb\u0117 ELTA, Seimas pernai nusprend\u0117 gyventojams sudaryti galimyb\u0119 nuo 2026-\u0173j\u0173 sausio iki 2027 m. pabaigos kartu su investicine gr\u0105\u017ea atsiimti visas l\u0117\u0161as, kurias jie \u012fmok\u0117jo \u012f antros pakopos pensij\u0173 fondus, i\u0161siimama suma neapmokestinama.<\/p>\n","protected":false},"excerpt":{"rendered":"1 nuotr. J\u016brat\u0117 Zailskien\u0117. Eltos nuotr. \u00a0 \u00a0 Anot ministr\u0117s, reik\u0117t\u0173 \u201enustoti smerkti\u201c \u017emones, kurie l\u0117\u0161as i\u0161leid\u017eia savo&hellip;\n","protected":false},"author":2,"featured_media":156977,"comment_status":"","ping_status":"","sticky":false,"template":"","format":"standard","meta":{"footnotes":"","_share_on_mastodon":"0"},"categories":[6],"tags":[25,26203,30,31,34,35,24,32,33,37,39,36,38,40,23,22,26204,3758,28,29,8764,26,27,4779],"class_list":["post-156976","post","type-post","status-publish","format-standard","has-post-thumbnail","category-antrastes","tag-antrastes","tag-antros","tag-breaking-news","tag-breakingnews","tag-featured-news","tag-featurednews","tag-headlines","tag-latest-news","tag-latestnews","tag-lietuva","tag-lietuviu","tag-lithuania","tag-lithuanian","tag-lt","tag-naujienos","tag-news","tag-pakopos","tag-pensiju","tag-populiariausios-naujienos","tag-populiariausiosnaujienos","tag-reforma","tag-top-stories","tag-topstories","tag-zailskiene"],"share_on_mastodon":{"url":"https:\/\/pubeurope.com\/@lt\/116430105974198707","error":""},"_links":{"self":[{"href":"https:\/\/www.europesays.com\/lt\/wp-json\/wp\/v2\/posts\/156976","targetHints":{"allow":["GET"]}}],"collection":[{"href":"https:\/\/www.europesays.com\/lt\/wp-json\/wp\/v2\/posts"}],"about":[{"href":"https:\/\/www.europesays.com\/lt\/wp-json\/wp\/v2\/types\/post"}],"author":[{"embeddable":true,"href":"https:\/\/www.europesays.com\/lt\/wp-json\/wp\/v2\/users\/2"}],"replies":[{"embeddable":true,"href":"https:\/\/www.europesays.com\/lt\/wp-json\/wp\/v2\/comments?post=156976"}],"version-history":[{"count":0,"href":"https:\/\/www.europesays.com\/lt\/wp-json\/wp\/v2\/posts\/156976\/revisions"}],"wp:featuredmedia":[{"embeddable":true,"href":"https:\/\/www.europesays.com\/lt\/wp-json\/wp\/v2\/media\/156977"}],"wp:attachment":[{"href":"https:\/\/www.europesays.com\/lt\/wp-json\/wp\/v2\/media?parent=156976"}],"wp:term":[{"taxonomy":"category","embeddable":true,"href":"https:\/\/www.europesays.com\/lt\/wp-json\/wp\/v2\/categories?post=156976"},{"taxonomy":"post_tag","embeddable":true,"href":"https:\/\/www.europesays.com\/lt\/wp-json\/wp\/v2\/tags?post=156976"}],"curies":[{"name":"wp","href":"https:\/\/api.w.org\/{rel}","templated":true}]}}