{"id":157240,"date":"2026-04-19T14:46:57","date_gmt":"2026-04-19T14:46:57","guid":{"rendered":"https:\/\/www.europesays.com\/lt\/157240\/"},"modified":"2026-04-19T14:46:57","modified_gmt":"2026-04-19T14:46:57","slug":"samoskaite-stabdo-naryste-zurnalistu-profesionalu-asociacijoje-respublika-lt","status":"publish","type":"post","link":"https:\/\/www.europesays.com\/lt\/157240\/","title":{"rendered":"Samo\u0161kait\u0117 stabdo naryst\u0119 \u017durnalist\u0173 profesional\u0173 asociacijoje &#8211; Respublika.lt"},"content":{"rendered":"<p><img loading=\"lazy\" decoding=\"async\" src=\"https:\/\/www.respublika.lt\/lt\/naujienos\/lietuva\/kitos-lietuvos-zinios\/samoskaite-stabdo-naryste-zurnalistu-profesionalu-asociacijoje\/images\/ico_camera_white.gif\" class=\"camera\" width=\"22\" height=\"15\" alt=\"nuotr.\" style=\"position:relative; top:-2px; right:2px;\"\/> 1 nuotr.<\/p>\n<p>Egl\u0117 Samo\u0161kait\u0117. Eltos nuotr.<\/p>\n<p style=\"text-align: justify;\" class=\"desktop_banner\">\u00a0<\/p>\n<p>\u00a0<\/p>\n<p>\u201e\u017durnalist\u0117 Egl\u0117 Samo\u0161kait\u0117 stabdo naryst\u0119 \u017durnalist\u0173 profesional\u0173 asociacijoje, kol vyks tyrimas ir nebus i\u0161sklaidytos abejon\u0117s d\u0117l jai mest\u0173 kaltinim\u0173 naudojus slapto \u012fra\u0161ymo \u012frang\u0105 LSDP partijos tarybos pos\u0117dyje\u201c, \u2013 socialiniame tinkle \u201eFacebook\u201c skelb\u0117 asociacija.\u00a0<\/p>\n<p>Be to, \u017dPA ragina \u017eurnalist\u0119 imtis teisini\u0173 priemoni\u0173 ginantis nuo \u0161mei\u017eto, jei kaltinimai jai yra melagingi.\u00a0<\/p>\n<p>\u201e\u017durnalist\u0173 profesional\u0173 asociacijos valdyba i\u0161klaus\u0117 E. Samo\u0161kait\u0119, pra\u0161ydama pasidalinti aplinkyb\u0117mis, kas jai \u017einoma apie LSDP nari\u0173 mestus kaltinimus. Egl\u0117 tvirtino jokios \u012frangos u\u017edarame pos\u0117dyje nenaudojusi. Ta\u010diau E. Samo\u0161kait\u0117 sulauk\u0117 kaltinim\u0173 rimtais pa\u017eeidimais i\u0161 pagrindin\u0117s valdan\u010diosios partijos, tod\u0117l raginame imtis teisini\u0173 priemoni\u0173 ginantis nuo \u0161mei\u017eto, jei mesti kaltinimai yra melagingi\u201c, \u2013 d\u0117st\u0117 asociacija.<\/p>\n<p>\u201eM\u016bs\u0173 asociacijai svarbus kiekvieno jos nario ir visos organizacijos geras vardas, taip pat atviri ir nuo\u0161ird\u016bs santykiai tarp asociacijos nari\u0173. Esame pasireng\u0119 pad\u0117ti gintis nuo \u0161mei\u017eiki\u0161k\u0173 parei\u0161kim\u0173, ta\u010diau pirmiausia to imtis tur\u0117t\u0173 patys \u017eurnalistai, nepaliekant erdv\u0117s nepagr\u012fstoms spekuliacijoms. \u017dPA valdyba tikisi greito ir objektyvaus teis\u0117saugos tyrimo, kuris pateikt\u0173 ai\u0161kius atsakymus \u012f \u017eurnalistei mestus kaltinimus\u201c, \u2013 akcentuoja \u017dPA.\u00a0<\/p>\n<p>Penktadien\u012f socialdemokratai prane\u0161\u0117, kad i\u0161vakar\u0117se vykusiame u\u017edarame tarybos pos\u0117dyje buvo rastas slapta gars\u0105 \u012fra\u0161in\u0117jantis ra\u0161iklis, kurio savinink\u0117, \u012ftariama, gal\u0117jo b\u016bti visuomeninio transliuotojo \u017eurnalist\u0117. Partija d\u0117l \u0161io incidento kreip\u0117si \u012f policij\u0105.\u00a0<\/p>\n<p>Dokumente, su kuriuo susipa\u017eino ELTA, teigiama, kad parei\u0161kimas ra\u0161omas d\u0117l galimai neteis\u0117to informacijos rinkimo ir neteis\u0117to technini\u0173 priemoni\u0173 panaudojimo informacijai rinkti. Jame teigiama, kad \u012fra\u0161ant\u012f ra\u0161ikl\u012f gal\u0117jo palikti Lietuvos nacionalinio radijo ir televizijos (LRT) \u017eurnalist\u0117 E. Samo\u0161kait\u0117.<\/p>\n<p>Tiesa, pati \u017eurnalist\u0117 tokius \u012ftarimus neig\u0117.\u00a0<\/p>\n<p>Kaip Eltai nurod\u0117 LRT vie\u0161\u0173j\u0173 ry\u0161i\u0173 skyriaus vadov\u0117 August\u0117 Mikul\u0117nait\u0117, pasirod\u017eiusi informacija buvo aptarta su \u012fvykio vietoje ketvirtadien\u012f dirbusiais visuomeninio transliuotojo \u017eurnalistais. \u0160ie sako nevykd\u0119 joki\u0173 neteis\u0117t\u0173 veiksm\u0173.\u00a0<\/p>\n<p>V\u0117liau paai\u0161k\u0117jo, kad E. Samo\u0161kait\u0117 vykstant tyrimui atsitrauks nuo veiklos LRT \u017eurnalist\u0173 protesto iniciatyvin\u0117je grup\u0117je.<\/p>\n<p>Pastarosios nariai rei\u0161k\u0117 susir\u016bpinim\u0105 d\u0117l pasirod\u017eiusi\u0173 kaltinim\u0173, ta\u010diau tikino \u0161iuo metu nematantys pagrindo nepasitik\u0117ti \u017eurnaliste.<\/p>\n<p>LSDP tarybos pos\u0117dis buvo u\u017edaras, politikams \u012f j\u012f politikams nebuvo leid\u017eiama \u012fsine\u0161ti telefon\u0173.<\/p>\n<p>Ketvirtadien\u012f pos\u0117d\u017eiavusi LSDP taryba diskutavo d\u0117l darbo koalicijoje su Remigijaus \u017demaitai\u010dio vedama \u201eNemuno au\u0161ra\u201c<\/p>\n","protected":false},"excerpt":{"rendered":"1 nuotr. Egl\u0117 Samo\u0161kait\u0117. Eltos nuotr. \u00a0 \u00a0 \u201e\u017durnalist\u0117 Egl\u0117 Samo\u0161kait\u0117 stabdo naryst\u0119 \u017durnalist\u0173 profesional\u0173 asociacijoje, kol vyks&hellip;\n","protected":false},"author":2,"featured_media":157241,"comment_status":"","ping_status":"","sticky":false,"template":"","format":"standard","meta":{"footnotes":"","_share_on_mastodon":"0"},"categories":[6],"tags":[25,30,31,34,35,24,32,33,37,39,36,38,519,4281,40,23,22,28,29,26117,26,27,26235],"class_list":["post-157240","post","type-post","status-publish","format-standard","has-post-thumbnail","category-antrastes","tag-antrastes","tag-breaking-news","tag-breakingnews","tag-featured-news","tag-featurednews","tag-headlines","tag-latest-news","tag-latestnews","tag-lietuva","tag-lietuviu","tag-lithuania","tag-lithuanian","tag-lrt","tag-lsdp","tag-lt","tag-naujienos","tag-news","tag-populiariausios-naujienos","tag-populiariausiosnaujienos","tag-samoskaite","tag-top-stories","tag-topstories","tag-zpa"],"share_on_mastodon":{"url":"https:\/\/pubeurope.com\/@lt\/116431922619974676","error":""},"_links":{"self":[{"href":"https:\/\/www.europesays.com\/lt\/wp-json\/wp\/v2\/posts\/157240","targetHints":{"allow":["GET"]}}],"collection":[{"href":"https:\/\/www.europesays.com\/lt\/wp-json\/wp\/v2\/posts"}],"about":[{"href":"https:\/\/www.europesays.com\/lt\/wp-json\/wp\/v2\/types\/post"}],"author":[{"embeddable":true,"href":"https:\/\/www.europesays.com\/lt\/wp-json\/wp\/v2\/users\/2"}],"replies":[{"embeddable":true,"href":"https:\/\/www.europesays.com\/lt\/wp-json\/wp\/v2\/comments?post=157240"}],"version-history":[{"count":0,"href":"https:\/\/www.europesays.com\/lt\/wp-json\/wp\/v2\/posts\/157240\/revisions"}],"wp:featuredmedia":[{"embeddable":true,"href":"https:\/\/www.europesays.com\/lt\/wp-json\/wp\/v2\/media\/157241"}],"wp:attachment":[{"href":"https:\/\/www.europesays.com\/lt\/wp-json\/wp\/v2\/media?parent=157240"}],"wp:term":[{"taxonomy":"category","embeddable":true,"href":"https:\/\/www.europesays.com\/lt\/wp-json\/wp\/v2\/categories?post=157240"},{"taxonomy":"post_tag","embeddable":true,"href":"https:\/\/www.europesays.com\/lt\/wp-json\/wp\/v2\/tags?post=157240"}],"curies":[{"name":"wp","href":"https:\/\/api.w.org\/{rel}","templated":true}]}}