{"id":157264,"date":"2026-04-19T15:14:28","date_gmt":"2026-04-19T15:14:28","guid":{"rendered":"https:\/\/www.europesays.com\/lt\/157264\/"},"modified":"2026-04-19T15:14:28","modified_gmt":"2026-04-19T15:14:28","slug":"vokieciu-politikas-apie-kariu-brigada-jie-supranta-kodel-reikia-buti-lietuvoje","status":"publish","type":"post","link":"https:\/\/www.europesays.com\/lt\/157264\/","title":{"rendered":"Vokie\u010di\u0173 politikas apie kari\u0173 brigad\u0105: jie supranta, kod\u0117l reikia b\u016bti Lietuvoje"},"content":{"rendered":"\n<p>\u201e\u017dmon\u0117s, kurie \u010dia tarnauja, \u017eino, kod\u0117l tai daro, (&#8230;) jie \u017eino, kaip svarbu b\u016bti \u010dia, pad\u0117ti, kovoti ir ginti Europ\u0105 bei Baltijos valstybes\u201c, \u2013 interviu Eltai teig\u0117 D. Giunteris. <\/p>\n<p>Politiko teigimu, jo vie\u0161nag\u0117s Lietuvoje metu \u010dia dislokuoti Vokietijos brigados kariai teig\u0117 jau\u010diantys, kad lietuviai juos vertina palankiai. <\/p>\n<p>\u201eJie did\u017eiuojasi tuo, kad, kai vyksta \u012f miestus Lietuvoje ir susitinka su Lietuvos \u017emon\u0117mis, gali did\u017eiuotis b\u016bdami vokie\u010di\u0173 kareiviais, o Lietuvos \u017emon\u0117s juos vertina palankiai\u201c, \u2013 d\u0117st\u0117 jis. <\/p>\n<p>Tod\u0117l, pasak D. Giunterio, nepaisant \u017eini\u0173, kad Bundesverui sunkiai sekasi rasti savanori\u0173 Lietuvoje dislokuojamai brigadai \u2013 iki 2027 m. pavyks surinkti visus 5 t\u016bkst. kari\u0173 savanori\u0173.<\/p>\n<p>\u201eMes kalbame su m\u016bs\u0173 brigados \u0161tabu apie situacij\u0105, ir jie buvo labai optimisti\u0161ki, kad iki 2027 m. pavyks surinkti 5 t\u016bkst. savanori\u0173 kari\u0173\u201c, \u2013 sak\u0117 \u0160l\u0117zvigo-Hol\u0161teino federalin\u0117s \u017eem\u0117s ministras pirmininkas.<\/p>\n<p>\u201e2027 m. 45-oji brigada bus visi\u0161kai pasirengusi pad\u0117ti jums u\u017etikrinti Lietuvos saugum\u0105\u201c, \u2013 akcentavo jis. <\/p>\n<p>\u2013 Pone Giunteri, \u0160l\u0117zvigo-Hol\u0161teino federalin\u0117 \u017eem\u0117 ribojasi su Baltijos j\u016bra. Per pastaruosius kelerius metus gird\u0117jome apie tam tikrus incidentus Baltijos j\u016broje, pavyzd\u017eiui, kai buvo nutraukti kabeliai. J\u016bs\u0173 nuomone, kaip b\u016bt\u0173 galima stiprinti ir u\u017etikrinti Baltijos j\u016bros saugum\u0105 ir ar apskritai to reikia? <\/p>\n<p>    <img decoding=\"async\" src=\"https:\/\/www.europesays.com\/lt\/wp-content\/uploads\/2026\/04\/7cca335c-351f-4129-aa4b-146a16a51caf.jpg\" loading=\"lazy\" alt=\"Danielis Guntheris\"\/>    <\/p>\n<p>\u2013 Taip, to reikia. B\u016btent tod\u0117l mes prad\u0117jome keliones i\u0161 \u0160l\u0117zvigo-Hol\u0161teino \u012f kitas draugi\u0161kas valstybes aplink Baltijos j\u016br\u0105. Tai prasid\u0117jo nuo 2024 m. lapkrit\u012f vykusios kelion\u0117s \u012f Suomij\u0105 ir Estij\u0105. Dabar pirm\u0105 kart\u0105 dviej\u0173 Vokietijos federalini\u0173 \u017eemi\u0173 atstovai kartu yra kitoje valstyb\u0117je ir kartu aptaria bendr\u0173 interes\u0173 turin\u010dias temas. \u0160l\u0117zvigo-Hol\u0161teino \u017eem\u0117je jau kelerius metus matome, kad Rusija kelia gr\u0117sm\u0119. Danguje matosi dronai. Kartais j\u0173 b\u016bna 30: vir\u0161 kariuomen\u0117s pastat\u0173, \u012fmoni\u0173, kritin\u0117s infrastrukt\u016bros pastat\u0173. B\u016btent d\u0117l to turime b\u016bti geriau pasiruo\u0161\u0119 ir labai daug mokom\u0117s i\u0161 j\u016bs\u0173 apie atsparum\u0105, kad gal\u0117tume pasikalb\u0117ti su \u0160lezvigo-Hol\u0161teino ir Hamburgo gyventojais bei nuspr\u0119sti, kaip padaryti \u0160lezvigo-Hol\u0161tein\u0105 ir Hamburg\u0105 saugesnius.<\/p>\n<p>\u2013 J\u016bs pamin\u0117jote dronus. Ar laikote juos gr\u0117sme, jei taip \u2013 kaip spr\u0119sti \u0161\u012f klausim\u0105? <\/p>\n<p>\u2013 Ne\u017einome d\u0117l kiekvieno drono, ar tai u\u017esienio, ar vidaus prie\u0161as, kuris kovoja prie\u0161 mus. Kita vertus, turime kariuomen\u0119, kuri atsakinga tik u\u017e kov\u0105 su u\u017esienio prie\u0161ais, ta\u010diau tu negali pasakyti, ar danguje skraidantis dronas yra i\u0161 Rusijos, ar j\u012f skraidina vokie\u010diai. B\u016btent d\u0117l to mes pradedame rengti \u0160l\u0117zvigo-Hol\u0161teino policijos pareig\u016bnus kovai su dronais. Turime daugiau policinink\u0173, atsaking\u0173 u\u017e apsaug\u0105 nuo dron\u0173. Turime priemoni\u0173 jiems sulaikyti, taip pat turime galimyb\u0119 juos numu\u0161ti \u0161aunamaisiais ginklais \u2013 to gali prireikti ateityje, ne \u0161iandien, bet esame pasireng\u0119 tai padaryti ateityje.<\/p>\n<p>\u2013 Kaip \u017einia, \u0161ios \u017eem\u0117s sostin\u0117 yra vienas svarbiausi\u0173 Vokietijos uost\u0173 \u2013 Kylis. Visai neseniai Lietuvos \u017evalgyba dalinosi informacija, kad kov\u0105 prasid\u0117jo nauja Rusijos informacini\u0173 atak\u0173 prie\u0161 Baltijos valstybes banga. Tarp j\u0173 buvo ir Lietuvos uostamiestis \u2013 Klaip\u0117da. Ar pana\u0161i\u0173 incident\u0173 n\u0117ra buv\u0119 Kylyje?<\/p>\n<p>\u2013 Kylyje pasitaiko pana\u0161i\u0173 incident\u0173, matome tai pastaruosius dvejus metus. Be to, Kylio uostas ir veikian\u010dios \u012fmon\u0117s dirba gynybos pramon\u0117s srityje, tod\u0117l privalome u\u017etikrinti j\u0173 saugum\u0105, nes mums reikalingas susisiekimas su Lietuva. Tai yra pagrindinis mar\u0161rutas, kuriuo apr\u016bpinama m\u016bs\u0173 kariuomen\u0117 \u010dia, Lietuvoje, ir vykdoma prekyba. Taip pat turime susisiekim\u0105 (\u2026) su Klaip\u0117da keleiviams, tod\u0117l privalome juos remti ir u\u017etikrinti j\u0173 saugum\u0105 ateityje.<\/p>\n<p>\u2013 Su kokiomis bendrai rizikomis susiduria Baltijos j\u016broje esantys uostamie\u010diai ir kaip jas spr\u0119sti?<\/p>\n<p>\u2013 Turime Rusijos \u201e\u0161e\u0161\u0117lin\u012f laivyn\u0105\u201c, ir tai kelia didel\u0119 problem\u0105 m\u016bs\u0173 laivybai Baltijos j\u016broje. Pasteb\u0117jome kelet\u0105 Rusijos laiv\u0173 prie m\u016bs\u0173 krant\u0173, ma\u017edaug u\u017e 10 kilometr\u0173 nuo F\u0117marno. Tod\u0117l turime da\u017eniau naudoti radarus. Manau, kad per metus pavyks \u012fdiegti radar\u0173 tinkl\u0105, apimant\u012f vis\u0105 Baltijos j\u016br\u0105, ir tur\u0117sime galimybes identifikuoti Rusijos laivus bei apsaugoti savo laivus nuo bet kokios agresijos.<\/p>\n<p>       <img decoding=\"async\" src=\"https:\/\/www.europesays.com\/lt\/wp-content\/uploads\/2026\/04\/c757ad9c-300e-4c8a-ae86-d3d158e4f4bd.jpg\" loading=\"lazy\" alt=\"Kariuomen\u0117s dienos paradas\"\/>    <\/p>\n<p>\u2013 Pereikime prie politini\u0173 tem\u0173. Neseniai baig\u0117si rinkimai Vengrijoje, kuriuos pralaim\u0117jo ilgametis \u0161ios \u0161alies vadovas Viktoras Orbanas. K\u0105 \u0161is pasikeitimas rei\u0161kia Europai ir jos valstyb\u0117ms?<\/p>\n<p>\u2013 Rinkimai vyko t\u0105 pa\u010di\u0105 dien\u0105, kai prad\u0117jome \u0161i\u0105 kelion\u0119, ir tai buvo gera \u017einia Europai, Europos integracijai, taip pat svarbi m\u016bs\u0173 S\u0105jungai ir bendroms vertyb\u0117ms. Tai ai\u0161kus Europos signalas Rusijai, taip pat ai\u0161kus signalas Lietuvai, Baltijos valstyb\u0117ms ir visoms Europos \u0161alims, kurioms reikalinga Europos parama.<\/p>\n<p>\u2013 Vertinant politin\u0119 situacij\u0105 Vokietijoje ir dalyje kit\u0173 Europos valstybi\u0173, pastebima tendencija, kad stipr\u0117ja palaikymas kra\u0161tutini\u0173 de\u0161ini\u0173 pa\u017ei\u016br\u0173 politin\u0117ms j\u0117goms, pavyzd\u017eiui, AfD. Kok\u012f signal\u0105 siun\u010dia \u0161ios tendencijos? <\/p>\n<p>\u2013 Manau, \u017einut\u0117 yra tokia, kad kra\u0161tutini\u0173 de\u0161ini\u0173 jud\u0117jim\u0173 med\u017eiai iki pat dangaus nei\u0161auga. Ta\u010diau taip pat reikia pamin\u0117ti, kad Viktoras Orbanas 16 met\u0173 buvo Vengrijos ministru pirmininku ir per vis\u0105 savo valdymo laikotarp\u012f jo pozicijos tapo vis radikalesn\u0117s. Jo jud\u0117jimo radikalizmas stipr\u0117jo kiekvienais metais, kol jis i\u0161laik\u0117 vald\u017ei\u0105 Vengrijoje, o dabar jis tapo vis\u0173 de\u0161ini\u0173j\u0173 jud\u0117jim\u0173, taip pat ir Vokietijoje, veidu. Manau, kad tai, jog jis nebeu\u017eima \u0161i\u0173 pareig\u0173, yra didel\u0117 netektis ir pa\u010diai AfD. Matote, kaip jie reagavo \u012f Vengrijos rinkim\u0173 rezultatus, ta\u010diau mums tai vis dar kelia problem\u0173. Jei pa\u017evelgsite \u012f paskutinius rinkimus Vokietijoje \u2013 ne tik Rytuose, bet ir dviejose Vakar\u0173 federalin\u0117se \u017eem\u0117se (\u2026), ten taip pat surinkta apie 20 proc. O dabar rinkimai vyks ir Vokietijos rytin\u0117se \u017eem\u0117se (&#8230;), jei pa\u017evelgsite \u012f pastar\u0173j\u0173 savai\u010di\u0173 apklausas, ten gali b\u016bti 40 proc. Tai beveik dauguma parlamente, ir tai mums, Vokietijoje, yra did\u017eiul\u0117 gr\u0117sm\u0117, tod\u0117l tikiuosi, kad \u0161ie rinkimai Vengrijoje galb\u016bt sustabdys pastarojo m\u0117nesio tendencijas.<\/p>\n<p>\u2013 Stebint \u0161ias tendencijas, koki\u0173 priemoni\u0173 tur\u0117t\u0173 imtis tradicin\u0117s partijos, kad jos i\u0161likt\u0173 aktualios rink\u0117jams?<\/p>\n<p>\u2013 Manau, kad Vokietijoje demokratin\u0117ms partijoms reikia daugiau bendradarbiauti. Jei esi daugumoje ir valdai Vokietij\u0105 ar federalin\u0119 \u017eem\u0119, turi vykdyti bendr\u0105 politik\u0105. Spr\u0119sk problemas, o ne diskutuok apie jas, kai susiduri su krize \u2013 \u017emon\u0117s nori matyti Vyriausyb\u0119, kuri priima sprendimus ir imasi veiksm\u0173. Jei tai darysi, naujosios partijos praras savo svarb\u0105 \u017emoni\u0173 akyse (\u2026).<\/p>\n<p>    \u2013 Kalbant apie politin\u0119 situacij\u0105, Lietuvoje vis kyla politini\u0173 diskusij\u0173 ar pasvarstym\u0173 d\u0117l dabartin\u0117s valdan\u010diosios koalicijos sud\u0117ties. Kaip <a rel=\"noopener nofollow\" target=\"_blank\" href=\"https:\/\/www.delfi.lt\/temos\/vokietija\" tag-id=\"21801360\">Vokietija<\/a> vertina, kad valdan\u010diojoje daugumoje esan\u010dios partijos lyderis yra nuteistas u\u017e neapykantos kurstym\u0105 ir Holokausto menkinim\u0105?     <\/p>\n<p>\u2013 Galb\u016bt geriau atsakysiu kalb\u0117damas apie Vokietij\u0105. M\u016bs\u0173 pozicija yra grie\u017eta ir ai\u0161ki: mes nebendradarbiaujame su ekstremistais ir radikaliosiomis partijomis, o mano partija, CDU, laikosi ai\u0161kios pozicijos, kad su tokiais asmenimis nebendradarbiausime. Man sunku k\u0105 nors pasakyti apie \u010dia susiklos\u010diusi\u0105 pad\u0117t\u012f, ne\u017einau, ar jiems (valdantiesiems \u2013 ELTA) yra kokia nors kita galimyb\u0117 bendradarbiauti su kuo nors kitu.<\/p>\n<p>\u2013 Pakalb\u0117kime apie saugum\u0105 ir bendradarbiavim\u0105 tarp Lietuvos ir Vokietijos. Po ma\u017eiau nei met\u0173 Lietuvoje turi prad\u0117ti veikti Vokietijos brigada. Mat\u0117me prane\u0161im\u0173, kad Vokietija susiduria su sunkumais, randant savanori\u0173 \u0161iai iniciatyvai. Kokia dabar yra situacija ir kod\u0117l vokie\u010di\u0173 kariai nenori ry\u017etis atvykti \u010dia?<\/p>\n<p>\u2013 Pirmiausia nor\u0117\u010diau pasakyti, kad, mano nuomone, tai labai svarbus \u017eenklas, jog Vokietijos Vyriausyb\u0117 nusprend\u0117 dislokuoti brigad\u0105 \u010dia, Lietuvoje, o ne tik Vokietijoje. 2023 m. jie nusprend\u0117 ginti Europ\u0105, ginti Baltijos valstybes, pad\u0117ti atidaryti koridori\u0173 tarp Lenkijos ir Baltijos valstybi\u0173, pasitelkdami savo karius i\u0161 Vokietijos. (\u2026) dabar jie ie\u0161ko daugiau \u017emoni\u0173, kurie tai daryt\u0173. Mes kalbame su m\u016bs\u0173 brigados \u0161tabu apie situacij\u0105, ir jie buvo labai optimisti\u0161ki, kad iki 2027 m. pavyks surinkti 5 t\u016bkst. savanori\u0173 kari\u0173. \u017dmon\u0117s, kurie \u010dia tarnauja, \u017eino, kod\u0117l tai daro, (&#8230;) jie \u017eino, kaip svarbu b\u016bti \u010dia, pad\u0117ti, kovoti ir ginti Europ\u0105 bei Baltijos valstybes. 2027 m. 45-oji brigada bus visi\u0161kai pasirengusi pad\u0117ti jums u\u017etikrinti Lietuvos saugum\u0105 (&#8230;).<\/p>\n<p>Jie did\u017eiuojasi tuo, kad, kai vyksta \u012f miestus Lietuvoje ir susitinka su Lietuvos \u017emon\u0117mis, gali did\u017eiuotis b\u016bdami vokie\u010di\u0173 kareiviais, o Lietuvos \u017emon\u0117s juos vertina palankiai. Jie (lietuviai \u2013 ELTA) \u017eino m\u016bs\u0173 istorij\u0105, \u017eino apie naci\u0173 grasinimus ir \u017eudynes ankstesniais laikais, tod\u0117l d\u017eiaugiam\u0117s, kad \u017emon\u0117s vokie\u010di\u0173 kareivius vertina palankiai, nes mes esame vienoje pus\u0117je. Mes padedame gintis nuo Rusijos. Tai puikus \u017eenklas m\u016bs\u0173 kariams, kad jie \u010dia tarnauja mums ir jums.<\/p>\n<p>  \u2013 Kadangi kalb\u0117jom\u0117s apie saugum\u0105, pastaruoju metu pasigirsta Jungtini\u0173 Amerikos Valstij\u0173 (JAV) svarstym\u0173 trauktis i\u0161 <a rel=\"noopener nofollow\" target=\"_blank\" href=\"https:\/\/www.delfi.lt\/temos\/nato\" tag-id=\"45616033\">NATO<\/a>. Kiek Europa tur\u0117t\u0173 nerimauti d\u0117l toki\u0173 parei\u0161kim\u0173?  <\/p>\n<p>\u2013 Mums reikalinga NATO, ir mums labai svarbu, kad JAV ateityje likt\u0173 labai svarbi NATO dalis. Mums kelia susir\u016bpinim\u0105 kai kurios pastar\u0173j\u0173 savai\u010di\u0173 Donaldo Trumpo diskusijos apie NATO valstybes, pavyzd\u017eiui, Danij\u0105, ir klausimas d\u0117l Grenlandijos, ta\u010diau manome, kad ai\u0161ki ir tvirta Europos reakcija \u012f \u0161ias diskusijas l\u0117m\u0117 tai, jog daugelis \u017emoni\u0173 JAV mano, kad NATO yra labai svarbi ir jiems, ir manau, kad Lietuva taip pat gali tik\u0117tis stiprios NATO su JAV ateityje.<\/p>\n<p>Be ra\u0161ti\u0161ko ELTA sutikimo \u0161ios naujienos tekst\u0105 kopijuoti draud\u017eiama.<\/p>\n<p> <a href=\"http:\/\/www.elta.lt\" target=\"_blank\" rel=\"nofollow noopener\" class=\"article-source__link\"><img decoding=\"async\" src=\"https:\/\/www.europesays.com\/lt\/wp-content\/uploads\/2025\/09\/a10f99db-54f1-434e-a378-2fe947ebec10.jpeg\" alt=\"ELTA\" class=\"article-source__link--image\"\/><\/a>     <\/p>\n","protected":false},"excerpt":{"rendered":"\u201e\u017dmon\u0117s, kurie \u010dia tarnauja, \u017eino, kod\u0117l tai daro, (&#8230;) jie \u017eino, kaip svarbu b\u016bti \u010dia, pad\u0117ti, kovoti ir&hellip;\n","protected":false},"author":2,"featured_media":157265,"comment_status":"","ping_status":"","sticky":false,"template":"","format":"standard","meta":{"footnotes":"","_share_on_mastodon":"0"},"categories":[15],"tags":[25,30,31,7656,34,35,24,32,33,37,39,36,38,40,141,23,22,44,28,29,26,27,26237,320,74,75,76],"class_list":["post-157264","post","type-post","status-publish","format-standard","has-post-thumbnail","category-pasaulis","tag-antrastes","tag-breaking-news","tag-breakingnews","tag-bundesveras","tag-featured-news","tag-featurednews","tag-headlines","tag-latest-news","tag-latestnews","tag-lietuva","tag-lietuviu","tag-lithuania","tag-lithuanian","tag-lt","tag-nato","tag-naujienos","tag-news","tag-pasaulis","tag-populiariausios-naujienos","tag-populiariausiosnaujienos","tag-top-stories","tag-topstories","tag-vokieciu-brigada","tag-vokietija","tag-world","tag-world-news","tag-worldnews"],"share_on_mastodon":{"url":"https:\/\/pubeurope.com\/@lt\/116432028629911433","error":""},"_links":{"self":[{"href":"https:\/\/www.europesays.com\/lt\/wp-json\/wp\/v2\/posts\/157264","targetHints":{"allow":["GET"]}}],"collection":[{"href":"https:\/\/www.europesays.com\/lt\/wp-json\/wp\/v2\/posts"}],"about":[{"href":"https:\/\/www.europesays.com\/lt\/wp-json\/wp\/v2\/types\/post"}],"author":[{"embeddable":true,"href":"https:\/\/www.europesays.com\/lt\/wp-json\/wp\/v2\/users\/2"}],"replies":[{"embeddable":true,"href":"https:\/\/www.europesays.com\/lt\/wp-json\/wp\/v2\/comments?post=157264"}],"version-history":[{"count":0,"href":"https:\/\/www.europesays.com\/lt\/wp-json\/wp\/v2\/posts\/157264\/revisions"}],"wp:featuredmedia":[{"embeddable":true,"href":"https:\/\/www.europesays.com\/lt\/wp-json\/wp\/v2\/media\/157265"}],"wp:attachment":[{"href":"https:\/\/www.europesays.com\/lt\/wp-json\/wp\/v2\/media?parent=157264"}],"wp:term":[{"taxonomy":"category","embeddable":true,"href":"https:\/\/www.europesays.com\/lt\/wp-json\/wp\/v2\/categories?post=157264"},{"taxonomy":"post_tag","embeddable":true,"href":"https:\/\/www.europesays.com\/lt\/wp-json\/wp\/v2\/tags?post=157264"}],"curies":[{"name":"wp","href":"https:\/\/api.w.org\/{rel}","templated":true}]}}