{"id":15781,"date":"2025-10-12T08:30:04","date_gmt":"2025-10-12T08:30:04","guid":{"rendered":"https:\/\/www.europesays.com\/lt\/15781\/"},"modified":"2025-10-12T08:30:04","modified_gmt":"2025-10-12T08:30:04","slug":"socialdemokratai-viesai-pripazino-kantrybes-taurej-tik-lasas-ir-tada-zemaitaitis-dar-karta-perzenge-ribas-delfi","status":"publish","type":"post","link":"https:\/\/www.europesays.com\/lt\/15781\/","title":{"rendered":"Socialdemokratai vie\u0161ai pripa\u017eino \u201ekantryb\u0117s taur\u0117j \u2013 tik la\u0161as\u201c, ir tada \u017demaitaitis dar kart\u0105 per\u017eeng\u0117 ribas &#8211; Delfi"},"content":{"rendered":"<ol>\n<li><a href=\"https:\/\/news.google.com\/rss\/articles\/CBMi7AFBVV95cUxQcGVPSDVNajY1Z2pVTVVPd1BwZWhPZ3lyMVFub2QyNC02bTRRRVk4SFhOYzM3bXozaWotZnE4Y1lJQkVnZzh5UjZRV0M1SW0yQllKVzNLMlZjbGwyRUxUWWNFY0x2aW9CbWt1R0N6ekl6Z0pRRlU3MUQxQ0tYejNsR2gwVngycDFIRWhXcmwxRTg1NHNNZmtvUXJTOGxrbmdSSlg1UmFLamVUNWZ6Ykt4RUlwdkE1MU1STnBqc3d1eFRDU2puOWFQZktreFNkNkpWLWFLX1RwYkdHRzZOelNVRTA3c1hnWDVjMGF5YQ?oc=5\" target=\"_blank\" rel=\"nofollow noopener\">Socialdemokratai vie\u0161ai pripa\u017eino \u201ekantryb\u0117s taur\u0117j \u2013 tik la\u0161as\u201c, ir tada \u017demaitaitis dar kart\u0105 per\u017eeng\u0117 ribas<\/a>&nbsp;&nbsp;Delfi<\/li>\n<li><a href=\"https:\/\/news.google.com\/rss\/articles\/CBMigwFBVV95cUxPRlZTNGt6bHd0ZTdqRVNCYlFQR3dyY1MwbjF4VVVPazNjcnB5aTJWd2djX1ZRNjB6WXBjOFYxeFBaelN3ZjRCcHVyLUtmZHgyeFRRRmJURkZDYUhscVl0bnU2b0VJbWQxa3BmNzNWMm5FazhUNGxmdm0yMTFKNXRGOEo2SQ?oc=5\" target=\"_blank\" rel=\"nofollow noopener\">Skvernelis \u012fvertino LSDP sprendim\u0105<\/a>&nbsp;&nbsp;LNK<\/li>\n<li><a href=\"https:\/\/news.google.com\/rss\/articles\/CBMi0wFBVV95cUxPQVNQMlVzWV9ta2g5NklHcFpjejNsVEVjRjV6dE9ZR3dHclhwWU5rOF85U3ZNNUdHck9lSnFBcG5xYzA5T3c1Si1xVnRlN2xPc3RpcW5MWWZBU0hNSGRRTHhJdWE3TzhwWlpEVG41WTRLRjFYYThYcDBYUUFvNktQaFV0MHFHQVktVFVKNE5WQ1A0Tmw1ckpRakNkQVlnUWV1V1hXVUowVUNSSVJFbjYzYlBuNk5MSzk5MnhKOXhYTmtONWtTMllrdUFzdlNoczhUcXZJ?oc=5\" target=\"_blank\" rel=\"nofollow noopener\">Socialdemokratai nusprend\u0117 perimti Kult\u016bros ministerij\u0105 ir i\u0161laikyti koalicij\u0105 su \u201eNemuno au\u0161ra\u201c<\/a>&nbsp;&nbsp;vz.lt<\/li>\n<li><a href=\"https:\/\/news.google.com\/rss\/articles\/CBMi7gFBVV95cUxQMFV0RGNUY1NIZUwycWZVUTVhVDFxQ0xDSDBRRXR1MFZ6cnhyQzdBNi14blNWLXVQM3JXT3F4QklUbk80TzFNajA4ZTFHVjF2MkhhekZRMDJkeGJQeVFQLUNyeEdVcmNGdWtidTVVa2Y4WjlCblBHbFNJRHh2cDlpTm1KakhpR0w3VEZoMUJ3NG5KNWZWMG82RXc4eDloR0wwelhPdVFEMHVVUU5YcVk2WHRHZ2kyU2RTYXM0V1dhYVhOb3BWQjczR05nTHRVZzRBWldURW1hNDk4TzUtSDgwS2x2Z0FGeTU5bDJWOHB3?oc=5\" target=\"_blank\" rel=\"nofollow noopener\">U\u017efiksavo \u012f u\u017edar\u0105 pos\u0117d\u012f besirenkan\u010di\u0173 \u201esocdem\u0173\u201c nuotaikas: spr\u0119s d\u0117l koalicijos likimo<\/a>&nbsp;&nbsp;Lrytas<\/li>\n<li><a href=\"https:\/\/news.google.com\/rss\/articles\/CBMiygFBVV95cUxPVWJlN1NPVUpVa0pvNHhLM1BEcDcyb1VOZGJHemF3TjVkNWJMbnlLbUJFTWtKYjN0aWVRWjIzMTBBc2x1dTV1WEhTREJWLXA1Zl9sTVc1QlZvWmR0S3h3Ty1WeDhnOWdFd3NjMnRwUk1QNE94R0VTSDB0WndyUEFyMXRIOVg4OFI1NFQ0eVo3QTVINFJ6dDdVM3ladzFORFgtaTNPN1cwNW5keWZ4SU1IU2o2bEcwOEZYenc5TWNndkQ4ZVNVRXRxbm1R?oc=5\" target=\"_blank\" rel=\"nofollow noopener\">Socialdemokratai nutar\u0117 viena\u0161ali\u0161kai perimti Kult\u016bros ministerij\u0105 i\u0161 \u017demaitai\u010dio<\/a>&nbsp;&nbsp;LRT<\/li>\n<\/ol>\n","protected":false},"excerpt":{"rendered":"Socialdemokratai vie\u0161ai pripa\u017eino \u201ekantryb\u0117s taur\u0117j \u2013 tik la\u0161as\u201c, ir tada \u017demaitaitis dar kart\u0105 per\u017eeng\u0117 ribas&nbsp;&nbsp;Delfi Skvernelis \u012fvertino LSDP&hellip;\n","protected":false},"author":2,"featured_media":15782,"comment_status":"","ping_status":"","sticky":false,"template":"","format":"standard","meta":{"footnotes":""},"categories":[6],"tags":[25,30,31,72,34,35,24,32,33,37,39,36,38,40,354,23,355,22,28,29,68,4029,26,27],"class_list":{"0":"post-15781","1":"post","2":"type-post","3":"status-publish","4":"format-standard","5":"has-post-thumbnail","7":"category-antrastes","8":"tag-antrastes","9":"tag-breaking-news","10":"tag-breakingnews","11":"tag-delfi-savaites-apzvalga","12":"tag-featured-news","13":"tag-featurednews","14":"tag-headlines","15":"tag-latest-news","16":"tag-latestnews","17":"tag-lietuva","18":"tag-lietuviu","19":"tag-lithuania","20":"tag-lithuanian","21":"tag-lt","22":"tag-mindaugas-sinkevicius","23":"tag-naujienos","24":"tag-nemuno-ausra","25":"tag-news","26":"tag-populiariausios-naujienos","27":"tag-populiariausiosnaujienos","28":"tag-remigijus-zemaitaitis","29":"tag-savaites-ivykiai","30":"tag-top-stories","31":"tag-topstories"},"share_on_mastodon":{"url":"","error":""},"_links":{"self":[{"href":"https:\/\/www.europesays.com\/lt\/wp-json\/wp\/v2\/posts\/15781","targetHints":{"allow":["GET"]}}],"collection":[{"href":"https:\/\/www.europesays.com\/lt\/wp-json\/wp\/v2\/posts"}],"about":[{"href":"https:\/\/www.europesays.com\/lt\/wp-json\/wp\/v2\/types\/post"}],"author":[{"embeddable":true,"href":"https:\/\/www.europesays.com\/lt\/wp-json\/wp\/v2\/users\/2"}],"replies":[{"embeddable":true,"href":"https:\/\/www.europesays.com\/lt\/wp-json\/wp\/v2\/comments?post=15781"}],"version-history":[{"count":0,"href":"https:\/\/www.europesays.com\/lt\/wp-json\/wp\/v2\/posts\/15781\/revisions"}],"wp:featuredmedia":[{"embeddable":true,"href":"https:\/\/www.europesays.com\/lt\/wp-json\/wp\/v2\/media\/15782"}],"wp:attachment":[{"href":"https:\/\/www.europesays.com\/lt\/wp-json\/wp\/v2\/media?parent=15781"}],"wp:term":[{"taxonomy":"category","embeddable":true,"href":"https:\/\/www.europesays.com\/lt\/wp-json\/wp\/v2\/categories?post=15781"},{"taxonomy":"post_tag","embeddable":true,"href":"https:\/\/www.europesays.com\/lt\/wp-json\/wp\/v2\/tags?post=15781"}],"curies":[{"name":"wp","href":"https:\/\/api.w.org\/{rel}","templated":true}]}}