{"id":157823,"date":"2026-04-20T10:57:11","date_gmt":"2026-04-20T10:57:11","guid":{"rendered":"https:\/\/www.europesays.com\/lt\/157823\/"},"modified":"2026-04-20T10:57:11","modified_gmt":"2026-04-20T10:57:11","slug":"hipp-vaiku-maiste-rasta-ziurkiu-nuodu","status":"publish","type":"post","link":"https:\/\/www.europesays.com\/lt\/157823\/","title":{"rendered":"\u201eHiPP\u201c vaik\u0173 maiste rasta \u017eiurki\u0173 nuod\u0173"},"content":{"rendered":"<p>\u201eHiPP\u201c produktai pa\u0161alinti i\u0161 prekybos tinklo \u201eSPAR\u201c parduotuvi\u0173 Austrijoje, taip pat parduotuvi\u0173 \u010cekijoje ir Slovakijoje. N\u0117ra joki\u0173 po\u017eymi\u0173, kad u\u017eter\u0161ti produktai b\u016bt\u0173 patek\u0119 \u012f kitas \u0161alis, pabr\u0117\u017e\u0117 \u201eHiPP\u201c atstovas.<\/p>\n<p>N\u0117ra \u017eini\u0173, kad u\u017eter\u0161ti produktai b\u016bt\u0173 buv\u0119 suvartoti ir kad kas nors b\u016bt\u0173 nukent\u0117j\u0119s. Sprend\u017eiant i\u0161 visko, u\u017enuodyt\u0173 produkt\u0173 kiekis yra labai nedidelis.<\/p>\n<p>Vienas pirk\u0117ja prane\u0161\u0117 apie \u012ftartin\u0105 stiklain\u012f su mork\u0173 ir bulvi\u0173 ko\u0161e. Stiklainyje, kuris buvo \u012fsigytas \u0160icene prie Gebirg\u0117s, Austrijos Burgenlando federalin\u0117je \u017eem\u0117je, buvo rasta \u017eiurki\u0173 nuod\u0173.<\/p>\n<p>Austrijos policija neatmeta galimyb\u0117s, kad Burgenlande \u012f prekyb\u0105 gal\u0117jo patekti dar vienas indelis su u\u017enuodytu produktu.<\/p>\n<p>Policija ragina pirk\u0117jus atid\u017eiai ap\u017ei\u016br\u0117ti \u012fsigytus \u0161io produkto indelius, mat ant t\u0173 indeli\u0173, kuriuose \u012fmai\u0161yta \u017eiurki\u0173 nuod\u0173, es\u0105 yra balta etiket\u0117 su raudonu apskritimu ant pagrindo, taip pat pa\u017eeistas dangtelis.<\/p>\n<p>Austrijos institucijos mano, kad \u201eHiPP\u201c kompanija yra \u0161anta\u017euojama.<\/p>\n<p>\u201eHiPP\u201c atstovas Klemensas Preizingsas agent\u016brai DPA sak\u0117, kad indeli\u0173, \u012f kuri\u0173 turin\u012f buvo \u012fmai\u0161yta \u017eiurki\u0173 nuod\u0173, rasta ir \u010cekijoje bei Slovakijoje. Jis prid\u016br\u0117, kad ma\u017emenin\u0117s prekybos partneriai \u0161iose \u0161alyse atsargumo sumetimais i\u0161\u0117m\u0117 i\u0161 prekybos visus \u201eHiPP\u201c produktus.<\/p>\n<p>\u201e\u0160is incidentas jokiu b\u016bdu nesusij\u0119s su produkto kokybe ar gamyba\u201c, \u2013 pabr\u0117\u017e\u0117 jis, nurodydamas, kad \u012fvyko \u201ei\u0161orinis nusikalstamas \u012fsiki\u0161imas\u201c.<\/p>\n<p>Austrijos sveikatos ir maisto saugos agent\u016bra savo prane\u0161ime nurod\u0117, kad \u0161is atvejis laikomas bandymu \u0161anta\u017euoti vaiki\u0161ko maisto gamintoj\u0105.<\/p>\n<p>Agent\u016bra informuoja, kad \u017eiurki\u0173 nuod\u0173 sud\u0117tyje paprastai esan\u010dios veikliosios med\u017eiagos gali pabloginti kraujo kre\u0161\u0117jim\u0105. Galimi simptomai yra danten\u0173 kraujavimas, kraujavimas i\u0161 nosies, nepaai\u0161kinamos m\u0117lyn\u0117s arba kraujas i\u0161matose. Simptomai gali pasireik\u0161ti po dviej\u0173\u2013penki\u0173 dien\u0173.<\/p>\n<p>\u012emon\u0117 \u201eHiPP\u201c \u012fkurta Vokietijoje. Nuo 1999 m. jos pagrindin\u0117 buvein\u0117 yra \u0160veicarijoje.<\/p>\n","protected":false},"excerpt":{"rendered":"\u201eHiPP\u201c produktai pa\u0161alinti i\u0161 prekybos tinklo \u201eSPAR\u201c parduotuvi\u0173 Austrijoje, taip pat parduotuvi\u0173 \u010cekijoje ir Slovakijoje. N\u0117ra joki\u0173 po\u017eymi\u0173,&hellip;\n","protected":false},"author":2,"featured_media":157824,"comment_status":"","ping_status":"","sticky":false,"template":"","format":"standard","meta":{"footnotes":"","_share_on_mastodon":"0"},"categories":[15],"tags":[25,30,31,34,35,24,26295,32,33,37,39,36,38,40,23,22,44,28,29,26,27,74,75,76],"class_list":["post-157823","post","type-post","status-publish","format-standard","has-post-thumbnail","category-pasaulis","tag-antrastes","tag-breaking-news","tag-breakingnews","tag-featured-news","tag-featurednews","tag-headlines","tag-hipp","tag-latest-news","tag-latestnews","tag-lietuva","tag-lietuviu","tag-lithuania","tag-lithuanian","tag-lt","tag-naujienos","tag-news","tag-pasaulis","tag-populiariausios-naujienos","tag-populiariausiosnaujienos","tag-top-stories","tag-topstories","tag-world","tag-world-news","tag-worldnews"],"share_on_mastodon":{"url":"https:\/\/pubeurope.com\/@lt\/116436680502408306","error":""},"_links":{"self":[{"href":"https:\/\/www.europesays.com\/lt\/wp-json\/wp\/v2\/posts\/157823","targetHints":{"allow":["GET"]}}],"collection":[{"href":"https:\/\/www.europesays.com\/lt\/wp-json\/wp\/v2\/posts"}],"about":[{"href":"https:\/\/www.europesays.com\/lt\/wp-json\/wp\/v2\/types\/post"}],"author":[{"embeddable":true,"href":"https:\/\/www.europesays.com\/lt\/wp-json\/wp\/v2\/users\/2"}],"replies":[{"embeddable":true,"href":"https:\/\/www.europesays.com\/lt\/wp-json\/wp\/v2\/comments?post=157823"}],"version-history":[{"count":0,"href":"https:\/\/www.europesays.com\/lt\/wp-json\/wp\/v2\/posts\/157823\/revisions"}],"wp:featuredmedia":[{"embeddable":true,"href":"https:\/\/www.europesays.com\/lt\/wp-json\/wp\/v2\/media\/157824"}],"wp:attachment":[{"href":"https:\/\/www.europesays.com\/lt\/wp-json\/wp\/v2\/media?parent=157823"}],"wp:term":[{"taxonomy":"category","embeddable":true,"href":"https:\/\/www.europesays.com\/lt\/wp-json\/wp\/v2\/categories?post=157823"},{"taxonomy":"post_tag","embeddable":true,"href":"https:\/\/www.europesays.com\/lt\/wp-json\/wp\/v2\/tags?post=157823"}],"curies":[{"name":"wp","href":"https:\/\/api.w.org\/{rel}","templated":true}]}}