{"id":15791,"date":"2025-10-12T08:44:10","date_gmt":"2025-10-12T08:44:10","guid":{"rendered":"https:\/\/www.europesays.com\/lt\/15791\/"},"modified":"2025-10-12T08:44:10","modified_gmt":"2025-10-12T08:44:10","slug":"maslobojevo-perleistas-cempiono-dirzas-vel-pas-marokieti","status":"publish","type":"post","link":"https:\/\/www.europesays.com\/lt\/15791\/","title":{"rendered":"Maslobojevo perleistas \u010dempiono dir\u017eas \u2013 v\u0117l pas marokiet\u012f"},"content":{"rendered":"<p>Prie\u0161 tai \u0161is titulas priklaus\u0117 <a rel=\"noopener nofollow\" target=\"_blank\" href=\"https:\/\/www.delfi.lt\/temos\/sergejus-maslobojevas\" tag-id=\"58665713\">Sergejui Maslobojevui<\/a>, bet sulauk\u0119s teigiam\u0173 dopingo testo rezultat\u0173 jis nusprend\u0117 laisva valia atsisakyti pasaulio \u010dempiono vardo.<\/p>\n<p>Tuo metu tarptautin\u0117 kikbokso organizacija \u201eGlory\u201c <a rel=\"noopener follow nofollow\" target=\"_blank\" href=\"https:\/\/www.delfi.lt\/sportas\/kitos-sporto-sakos\/maslobojevo-prarasto-cempiono-dirzo-likimas-spresis-spali-120141973\" data-rel-date-range=\"[]\">nieko nelaukdama paskyr\u0117<\/a> du naujus pretendentus \u012f min\u0117tos kategorijos nugal\u0117tojo dir\u017e\u0105.<\/p>\n<p>Nors T. Khbabezas jau pirmajame dvikovos raunde krito \u012f nokdaun\u0105, v\u0117liau jis atsities\u0117 \u2013 pataik\u0117 daug \u201e\u0161vari\u0173\u201c sm\u016bgi\u0173, laim\u0117jo visus likusius raundus ir po finalinio gongo buvo pripa\u017eintas naujuoju \u010dempionu.<\/p>\n<p>Po \u012fnirtingos akistatos pralaim\u0117tojas B. Rajabzadehas teig\u0117, kad yra nusipeln\u0119s pergal\u0117s, bet teis\u0117jai jo ne\u012fvertina. Azerbaid\u017eanietis taip pat prane\u0161\u0117, kad baigia profesionalo karjer\u0105 <a rel=\"noopener nofollow\" target=\"_blank\" href=\"https:\/\/www.delfi.lt\/temos\/kikboksas\" tag-id=\"62437277\">kikbokse<\/a>.<\/p>\n<p>Tuo tarpu jau antr\u0105 \u201eGlory\u201c titul\u0105 nuskyn\u0119s T. Khbabezas pirm\u0105 kart\u0105 triumfavo 2024-\u0173j\u0173 kov\u0105 ir dar t\u0173 pa\u010di\u0173 met\u0173 gruod\u012f dir\u017e\u0105 apgyn\u0117. Ta\u010diau vasaros prad\u017eioje prarado j\u012f b\u016btent prie\u0161 S. Maslobojev\u0105.<\/p>\n<p>Lietuvio dopingo m\u0117ginys t\u0105kart buvo paimtas i\u0161kart po auksin\u0117s kovos, pasibaigusios \u012fsp\u016bdingu nokautu ir pusiau sunkaus svorio kategorijos nugal\u0117tojo dir\u017eu ant m\u016bsi\u0161kio liemens.<\/p>\n","protected":false},"excerpt":{"rendered":"Prie\u0161 tai \u0161is titulas priklaus\u0117 Sergejui Maslobojevui, bet sulauk\u0119s teigiam\u0173 dopingo testo rezultat\u0173 jis nusprend\u0117 laisva valia atsisakyti&hellip;\n","protected":false},"author":2,"featured_media":15792,"comment_status":"","ping_status":"","sticky":false,"template":"","format":"standard","meta":{"footnotes":""},"categories":[19],"tags":[5445,5446,37,39,36,38,40,1025,47,104],"class_list":{"0":"post-15791","1":"post","2":"type-post","3":"status-publish","4":"format-standard","5":"has-post-thumbnail","7":"category-sportas","8":"tag-dopingas","9":"tag-kikboksas","10":"tag-lietuva","11":"tag-lietuviu","12":"tag-lithuania","13":"tag-lithuanian","14":"tag-lt","15":"tag-sergejus-maslobojevas","16":"tag-sportas","17":"tag-sports"},"share_on_mastodon":{"url":"","error":""},"_links":{"self":[{"href":"https:\/\/www.europesays.com\/lt\/wp-json\/wp\/v2\/posts\/15791","targetHints":{"allow":["GET"]}}],"collection":[{"href":"https:\/\/www.europesays.com\/lt\/wp-json\/wp\/v2\/posts"}],"about":[{"href":"https:\/\/www.europesays.com\/lt\/wp-json\/wp\/v2\/types\/post"}],"author":[{"embeddable":true,"href":"https:\/\/www.europesays.com\/lt\/wp-json\/wp\/v2\/users\/2"}],"replies":[{"embeddable":true,"href":"https:\/\/www.europesays.com\/lt\/wp-json\/wp\/v2\/comments?post=15791"}],"version-history":[{"count":0,"href":"https:\/\/www.europesays.com\/lt\/wp-json\/wp\/v2\/posts\/15791\/revisions"}],"wp:featuredmedia":[{"embeddable":true,"href":"https:\/\/www.europesays.com\/lt\/wp-json\/wp\/v2\/media\/15792"}],"wp:attachment":[{"href":"https:\/\/www.europesays.com\/lt\/wp-json\/wp\/v2\/media?parent=15791"}],"wp:term":[{"taxonomy":"category","embeddable":true,"href":"https:\/\/www.europesays.com\/lt\/wp-json\/wp\/v2\/categories?post=15791"},{"taxonomy":"post_tag","embeddable":true,"href":"https:\/\/www.europesays.com\/lt\/wp-json\/wp\/v2\/tags?post=15791"}],"curies":[{"name":"wp","href":"https:\/\/api.w.org\/{rel}","templated":true}]}}