{"id":157911,"date":"2026-04-20T12:59:35","date_gmt":"2026-04-20T12:59:35","guid":{"rendered":"https:\/\/www.europesays.com\/lt\/157911\/"},"modified":"2026-04-20T12:59:35","modified_gmt":"2026-04-20T12:59:35","slug":"astra-genovaite-astrauskaite-esu-persekiojama-uz-kritika-konservatoriams-respublika-lt","status":"publish","type":"post","link":"https:\/\/www.europesays.com\/lt\/157911\/","title":{"rendered":"Astra Genovait\u0117 Astrauskait\u0117: esu persekiojama u\u017e kritik\u0105 konservatoriams &#8211; Respublika.lt"},"content":{"rendered":"<p><img loading=\"lazy\" decoding=\"async\" src=\"https:\/\/www.respublika.lt\/lt\/naujienos\/lietuva\/kitos-lietuvos-zinios\/astrauskaite-esu-persekiojama-uz-kritika-konservatoriams\/images\/ico_camera_white.gif\" class=\"camera\" width=\"22\" height=\"15\" alt=\"nuotr.\" style=\"position:relative; top:-2px; right:2px;\"\/> 1 nuotr.<\/p>\n<p>Astra Genovait\u0117 Astrauskait\u0117. Eltos nuotr.<\/p>\n<p style=\"text-align: justify;\" class=\"desktop_banner\">\u00a0<\/p>\n<p style=\"text-align: left;\">\u00a0<\/p>\n<p style=\"text-align: left;\">\u201e\u0160i baud\u017eiamoji byla yra g\u0117dingiausia per vis\u0105 nepriklausomos Lietuvos istorij\u0105\u201c, \u2013 teisme d\u0117st\u0117 A. G. Astrauskait\u0117.<\/p>\n<p style=\"text-align: left;\">Ji tvirtino, kad politikai, pri\u0117m\u0119 sprendimus d\u0117l COVID-19 pandemijos ribojim\u0173, es\u0105 pa\u017eeid\u0117 \u017emogaus teises. Min\u0117ti ribojimai, anot A. G. Astrauskait\u0117s, gal\u0117jo priminti nor\u0105 \u017emones segreguoti, suvaryti \u012f getus.<\/p>\n<p style=\"text-align: left;\">Nuteistoji, reaguodama \u012f jai pateikt\u0105 kaltinim\u0105 d\u0117l raginimo smurtu pa\u017eeisti Lietuvos suverenitet\u0105, pa\u017eym\u0117jo, kad su juo nesutinka. A. G. Astrauskait\u0117 primin\u0117, kad min\u0117tas kaltinamas yra grind\u017eiamas jos \u017eod\u017eiais, pasakytais per \u0160eim\u0173 s\u0105j\u016bd\u017eio rengin\u012f 2021 m. Moteris teig\u0117, jog tuomet tiesiog kviet\u0117 \u017emones dalyvauti mitinge prie Seimo.<\/p>\n<p style=\"text-align: left;\">\u201eKod\u0117l \u0161iais metais LRT, vie\u0161ai reklamuodama, kviesdama \u012f protestus, nekaltinama Vilniaus apygardos prokurat\u016bros kaip buvau apkaltinta a\u0161?\u201c, \u2013 k\u0117l\u0117 klausimus A. G. Astrauskait\u0117.<\/p>\n<p style=\"text-align: left;\">Ji pabr\u0117\u017e\u0117 ne kart\u0105 organizavusi protesto akcijas.<\/p>\n<p style=\"text-align: left;\">\u201eProtestai buvo gaus\u016bs ir taik\u016bs, \u017emon\u0117s gyn\u0117 Konstitucijoje \u012ftvirtintas j\u0173 laisves ir teises\u201c, \u2013 sak\u0117 moteris.\u00a0<\/p>\n<p style=\"text-align: left;\">Pasak A. G. Astrauskait\u0117s, turint omeny, jog jos organizuojami renginiai visada buvo taik\u016bs, nuostab\u0105 kelia tai, kad 2021 m. rugpj\u016bt\u012f prie Seimo vyk\u0119s mitingas pasibaig\u0117 riau\u0161\u0117mis.<\/p>\n<p style=\"text-align: left;\">Moteris kartojo, kad tuomet, kai kilo neramumai, prie Seimo jos jau nebuvo. Taigi, anot nuteistosios, j\u0105 stebina kaltinimai. A. G. Astrauskait\u0117 nesl\u0117p\u0117 mananti, jog tiesiog yra persekiojama u\u017e kritik\u0105 vald\u017eiai.\u00a0<\/p>\n<p style=\"text-align: left;\">\u201e\u017dinoma, kad esu persekiojama u\u017e kritik\u0105 konservatoriams\u201c, \u2013 akcentavo A. G. Astrauskait\u0117.<\/p>\n<p style=\"text-align: left;\">Did\u017eioji dalis kaltinam\u0173j\u0173 buvo nuteisti<\/p>\n<p style=\"text-align: left;\">Vilniaus apygardos teismas riau\u0161i\u0173 prie Seimo byloje yra gav\u0119s daugiau negu 60 apeliacini\u0173 skund\u0173.\u00a0Did\u017eioji dalis juos pateikusi\u0173 nuteist\u0173j\u0173 siekia i\u0161teisinimo.<\/p>\n<p style=\"text-align: left;\">Pirmosios instancijos teismo nuosprend\u012f apskund\u0117 ir Vilniaus apygardos prokurat\u016bra. Prokurorai pra\u0161o vien\u0105 i\u0161teisint\u0105j\u012f d\u0117l dalyvavimo riau\u0161\u0117se pripa\u017einti kaltu. Taip pat pra\u0161oma panaikinti nuosprend\u017eio dalis, kuriomis nutarta atid\u0117ti laisv\u0117s at\u0117mimo bausm\u0117s vykdym\u0105 nuteistiesiems, kurie pripa\u017einti recidyvistais.\u00a0<\/p>\n<p style=\"text-align: left;\">Be to, prokurat\u016bra mano, kad i\u0161 nuteist\u0173j\u0173 tur\u0117t\u0173 b\u016bti priteistos i\u0161laidos u\u017e jiems valstyb\u0117s skirtus advokatus.\u00a0<\/p>\n<p style=\"text-align: left;\">ELTA primena, kad pra\u0117jusi\u0173 met\u0173 rugs\u0117j\u012f Vilniaus miesto apylink\u0117s teismas riau\u0161i\u0173 prie Seimo byloje i\u0161 87 kaltinam\u0173j\u0173 84 pripa\u017eino kaltais d\u0117l riau\u0161i\u0173, du asmenys buvo i\u0161teisinti, o vienos kaltinamosios veikla perkvalifikuota i\u0161 dalyvavimo riau\u0161\u0117se \u012f pasiprie\u0161inim\u0105 policijos pareig\u016bnams.<\/p>\n<p style=\"text-align: left;\">Recidyvistais nutarta pripa\u017einti 17 kaltinam\u0173j\u0173.<\/p>\n<p style=\"text-align: left;\">Paskelbtu nuosprend\u017eiu 6 asmenys buvo atleisti nuo baud\u017eiamosios atsakomyb\u0117s pagal laidavim\u0105, dviem paskirtos laisv\u0117s apribojimo bausm\u0117s, trims \u2013 realios laisv\u0117s at\u0117mimo bausm\u0117s, o 75 kaltinamiesiems laisv\u0117s at\u0117mimo bausm\u0117s vykdymas atid\u0117tas.<\/p>\n<p style=\"text-align: left;\">Lietuvi\u0173 kalbos ir literat\u016bros mokytoja A. G. Astrauskait\u0117 \u0161ioje byloje pirmos instancijos teismo buvo pripa\u017einta kalta d\u0117l riau\u0161i\u0173 ir vie\u0161o raginimo smurtu pa\u017eeisti Lietuvos suverenitet\u0105. Moteriai skirta\u00a02 met\u0173 ir 2 m\u0117nesi\u0173 laisv\u0117s at\u0117mimo bausm\u0117 j\u0105 atidedant pusantr\u0173 met\u0173 laikotarpiui.<\/p>\n<p style=\"text-align: left;\">Teismas kaltu d\u0117l riau\u0161i\u0173 \u0161ioje byloje pripa\u017eino anks\u010diau u\u017e finansinius nusikaltimus teist\u0105 Antan\u0105 Kandrot\u0105, pravarde Celofanas. Jam skirta ketveri\u0173 met\u0173 laisv\u0117s at\u0117mimo bausm\u0117.<\/p>\n<p style=\"text-align: left;\">Byloje nuteistas ir aktyvus \u012fvairi\u0173 protest\u0173 dalyvis Andrejus Lobovas. Jam skirta lygtin\u0117 dvej\u0173 met\u0173 laisv\u0117s at\u0117mimo bausm\u0117.<\/p>\n<p style=\"text-align: left;\">Apkaltinam\u0105j\u012f nuosprend\u012f i\u0161girdo ir kovinio sporto atstovas Arnoldas Misi\u016bnas. Jam skirta 1 met\u0173 ir 11 m\u0117nesi\u0173 laisv\u0117s at\u0117mimo bausm\u0119, j\u0105 atidedant pusantr\u0173 met\u0173 laikotarpiui.<\/p>\n<p style=\"text-align: left;\">Kaltinamiesiems taip pat skirtos baud\u017eiamojo poveikio priemon\u0117s \u2013 nuo 500 iki 2 t\u016bkst. eur\u0173 dyd\u017eio \u012fmokos \u012f Nukent\u0117jusi\u0173 nuo nusikaltim\u0173 asmen\u0173 fond\u0105, jas sumokant per\u00a0vienerius metus nuo nuosprend\u017eio \u012fsiteis\u0117jimo. I\u0161 viso skirta 142 t\u016bkst. eur\u0173 \u012fmok\u0173 \u012f min\u0117t\u0105 fond\u0105.<\/p>\n<p style=\"text-align: left;\">Civiliniams ie\u0161kovams byloje priteista apie 112,4\u00a0t\u016bkst. eur\u0173 \u017ealos atlyginimo.<\/p>\n<p style=\"text-align: left;\">Ikiteisminis tyrimas d\u0117l riau\u0161i\u0173 prad\u0117tas po 2021 m. rugpj\u016b\u010dio 10 d. \u012fvyki\u0173 prie parlamento. T\u0105dien nuo ryto prie Seimo vyk\u0119s protestas prie\u0161 COVID-19 ribojimus peraugo \u012f riau\u0161es. Mitinguojantiems u\u017eblokavus Seimo \u012f\u0117jimus, pasitelktos Vie\u0161ojo saugumo tarnybos ir riau\u0161i\u0173 mal\u0161inimo policijos paj\u0117gos, kurios prie\u0161 protestuojan\u010dius panaudojo a\u0161arines dujas, fizin\u0119 j\u0117g\u0105.<\/p>\n","protected":false},"excerpt":{"rendered":"1 nuotr. Astra Genovait\u0117 Astrauskait\u0117. Eltos nuotr. \u00a0 \u00a0 \u201e\u0160i baud\u017eiamoji byla yra g\u0117dingiausia per vis\u0105 nepriklausomos Lietuvos&hellip;\n","protected":false},"author":2,"featured_media":157912,"comment_status":"","ping_status":"","sticky":false,"template":"","format":"standard","meta":{"footnotes":"","_share_on_mastodon":"0"},"categories":[13],"tags":[25,898,30,31,3158,34,35,24,32,33,37,39,36,38,40,23,22,28,29,894,255,26,27],"class_list":["post-157911","post","type-post","status-publish","format-standard","has-post-thumbnail","category-lietuva","tag-antrastes","tag-astrauskaite","tag-breaking-news","tag-breakingnews","tag-byla","tag-featured-news","tag-featurednews","tag-headlines","tag-latest-news","tag-latestnews","tag-lietuva","tag-lietuviu","tag-lithuania","tag-lithuanian","tag-lt","tag-naujienos","tag-news","tag-populiariausios-naujienos","tag-populiariausiosnaujienos","tag-riauses","tag-teismas","tag-top-stories","tag-topstories"],"share_on_mastodon":{"url":"https:\/\/pubeurope.com\/@lt\/116437160242434242","error":""},"_links":{"self":[{"href":"https:\/\/www.europesays.com\/lt\/wp-json\/wp\/v2\/posts\/157911","targetHints":{"allow":["GET"]}}],"collection":[{"href":"https:\/\/www.europesays.com\/lt\/wp-json\/wp\/v2\/posts"}],"about":[{"href":"https:\/\/www.europesays.com\/lt\/wp-json\/wp\/v2\/types\/post"}],"author":[{"embeddable":true,"href":"https:\/\/www.europesays.com\/lt\/wp-json\/wp\/v2\/users\/2"}],"replies":[{"embeddable":true,"href":"https:\/\/www.europesays.com\/lt\/wp-json\/wp\/v2\/comments?post=157911"}],"version-history":[{"count":0,"href":"https:\/\/www.europesays.com\/lt\/wp-json\/wp\/v2\/posts\/157911\/revisions"}],"wp:featuredmedia":[{"embeddable":true,"href":"https:\/\/www.europesays.com\/lt\/wp-json\/wp\/v2\/media\/157912"}],"wp:attachment":[{"href":"https:\/\/www.europesays.com\/lt\/wp-json\/wp\/v2\/media?parent=157911"}],"wp:term":[{"taxonomy":"category","embeddable":true,"href":"https:\/\/www.europesays.com\/lt\/wp-json\/wp\/v2\/categories?post=157911"},{"taxonomy":"post_tag","embeddable":true,"href":"https:\/\/www.europesays.com\/lt\/wp-json\/wp\/v2\/tags?post=157911"}],"curies":[{"name":"wp","href":"https:\/\/api.w.org\/{rel}","templated":true}]}}