{"id":157951,"date":"2026-04-20T13:56:07","date_gmt":"2026-04-20T13:56:07","guid":{"rendered":"https:\/\/www.europesays.com\/lt\/157951\/"},"modified":"2026-04-20T13:56:07","modified_gmt":"2026-04-20T13:56:07","slug":"ukrainoje-laukiama-masinio-ukiu-uzdarymo","status":"publish","type":"post","link":"https:\/\/www.europesays.com\/lt\/157951\/","title":{"rendered":"Ukrainoje laukiama masinio \u016bki\u0173 u\u017edarymo"},"content":{"rendered":"<p>Taip Pieno gamintoj\u0173 asociacijos generalinio direktoriaus pavaduotoja Olena \u017dupynas sak\u0117 UNIAN.<\/p>\n<p>\u201eMasin\u012f gyvuli\u0173 skai\u010diaus ma\u017einim\u0105 ir \u016bki\u0173 u\u017edarym\u0105 pamatysime gegu\u017e\u0117s-bir\u017eelio m\u0117nesiais, kai baigsis 2025 m. pa\u0161arai. Esant tokiai dideliai 2026 m. lauko darb\u0173 savikainai, \u016bkininkai nuspr\u0119s ne s\u0117ti pa\u0161arinius augalus, o ma\u017einti band\u0105\u201c, \u2013 UNIAN sak\u0117 O. \u017dupinas.<\/p>\n<p>Kol kas pieno \u016bki\u0173 \u017eenkliai nesuma\u017e\u0117jo, nes \u016bkininkai ir toliau naudoja senas pa\u0161ar\u0173 atsargas.<\/p>\n<p>\u201e\u0160iuo metu pad\u0117tis pramon\u0117je i\u0161lieka tokia pati, kokia buvo vasario pabaigoje, prie\u0161 prasidedant karui Irane. Ta\u010diau ruden\u012f pieno gamybos pad\u0117tis gali tapti kritin\u0117\u201c, \u2013 pa\u017eymi ekspertas.<\/p>\n<p>D\u0117l D. Trumpo karo Artimuosiuose Rytuose kylan\u010di\u0173 energijos i\u0161tekli\u0173 ir tr\u0105\u0161\u0173 kain\u0173 poveik\u012f pieno gamintojai pajus ma\u017edaug po m\u0117nesio.<\/p>\n<p>\u201eJei jau dabartin\u0117mis kainomis u\u017e pa\u0161arus, kurie buvo u\u017eauginti, kai dyzelinas buvo dvigubai pigesnis, o tr\u0105\u0161os \u2013 gerokai pigesn\u0117s, tai pieno kaina i\u0161 \u016bki\u0173 nepadengia jo gamybos s\u0105naud\u0173. Ji padid\u0117s ma\u017eiausiai 20-25 proc.\u201c, \u2013 prognozuoja V. \u017dupinas.<\/p>\n<p>Dauguma \u016bkinink\u0173 spr\u0119s, ar rizikuoti ir likti versle, laukiant geresni\u0173 produkcijos kain\u0173, ar pasitraukti i\u0161 jo, sako specialistas.<\/p>\n<p>\u201eGalutini\u0173 produkt\u0173 rinka nerodo atsigavimo. Pieno perdirb\u0117jai nebus pasireng\u0119 pirkti pieno su dar didesn\u0117mis gamybos s\u0105naudomis, nes galutini\u0173 produkt\u0173 kainos i\u0161lieka \u017eemos d\u0117l pieno perprodukcijos Europoje, JAV\u201c, \u2013 teigia ji.<\/p>\n<p>Prie\u0161 pat prasidedant karui Irane, Olena \u017dupinas pokalbyje su UNIAN prognozavo, kad d\u0117l kriz\u0117s pieno pramon\u0117je <a rel=\"noopener nofollow\" target=\"_blank\" href=\"https:\/\/www.delfi.lt\/temos\/ukraina\" tag-id=\"21801988\">Ukraina<\/a> gali prarasti iki 20 proc. pieno \u016bki\u0173.<\/p>\n<p>\u016akininkai jau kelis m\u0117nesius priversti dirbti nuostolingai \u2013 pieno perdirbimo \u012fmon\u0117s si\u016blo ma\u017eesnes nei gamybos s\u0105naudos produkcijos supirkimo kainas. Manoma, kad kriz\u0117 t\u0119sis iki rudens.<\/p>\n","protected":false},"excerpt":{"rendered":"Taip Pieno gamintoj\u0173 asociacijos generalinio direktoriaus pavaduotoja Olena \u017dupynas sak\u0117 UNIAN. \u201eMasin\u012f gyvuli\u0173 skai\u010diaus ma\u017einim\u0105 ir \u016bki\u0173 u\u017edarym\u0105&hellip;\n","protected":false},"author":2,"featured_media":157952,"comment_status":"","ping_status":"","sticky":false,"template":"","format":"standard","meta":{"footnotes":"","_share_on_mastodon":"0"},"categories":[17],"tags":[81,37,39,36,38,40,2805,26303,360,46],"class_list":["post-157951","post","type-post","status-publish","format-standard","has-post-thumbnail","category-verslas","tag-business","tag-lietuva","tag-lietuviu","tag-lithuania","tag-lithuanian","tag-lt","tag-pienas","tag-pieno-ukis","tag-ukraina","tag-verslas"],"share_on_mastodon":{"url":"https:\/\/pubeurope.com\/@lt\/116437384264062344","error":""},"_links":{"self":[{"href":"https:\/\/www.europesays.com\/lt\/wp-json\/wp\/v2\/posts\/157951","targetHints":{"allow":["GET"]}}],"collection":[{"href":"https:\/\/www.europesays.com\/lt\/wp-json\/wp\/v2\/posts"}],"about":[{"href":"https:\/\/www.europesays.com\/lt\/wp-json\/wp\/v2\/types\/post"}],"author":[{"embeddable":true,"href":"https:\/\/www.europesays.com\/lt\/wp-json\/wp\/v2\/users\/2"}],"replies":[{"embeddable":true,"href":"https:\/\/www.europesays.com\/lt\/wp-json\/wp\/v2\/comments?post=157951"}],"version-history":[{"count":0,"href":"https:\/\/www.europesays.com\/lt\/wp-json\/wp\/v2\/posts\/157951\/revisions"}],"wp:featuredmedia":[{"embeddable":true,"href":"https:\/\/www.europesays.com\/lt\/wp-json\/wp\/v2\/media\/157952"}],"wp:attachment":[{"href":"https:\/\/www.europesays.com\/lt\/wp-json\/wp\/v2\/media?parent=157951"}],"wp:term":[{"taxonomy":"category","embeddable":true,"href":"https:\/\/www.europesays.com\/lt\/wp-json\/wp\/v2\/categories?post=157951"},{"taxonomy":"post_tag","embeddable":true,"href":"https:\/\/www.europesays.com\/lt\/wp-json\/wp\/v2\/tags?post=157951"}],"curies":[{"name":"wp","href":"https:\/\/api.w.org\/{rel}","templated":true}]}}