{"id":157979,"date":"2026-04-20T14:33:33","date_gmt":"2026-04-20T14:33:33","guid":{"rendered":"https:\/\/www.europesays.com\/lt\/157979\/"},"modified":"2026-04-20T14:33:33","modified_gmt":"2026-04-20T14:33:33","slug":"vilniuje-nukelta-sildymo-sezono-pabaiga","status":"publish","type":"post","link":"https:\/\/www.europesays.com\/lt\/157979\/","title":{"rendered":"Vilniuje nukelta \u0161ildymo sezono pabaiga"},"content":{"rendered":"<p>Pasikeitus ilgalaikei or\u0173 prognozei, <a style=\"font-weight:bold;\" href=\"https:\/\/madeinvilnius.lt\/tema\/vilniaus-miesto-savivaldybe\/\" target=\"_blank\" rel=\"nofollow noopener\">Vilniaus miesto savivaldyb\u0117<\/a> planuoja \u0161ildymo sezon\u0105 \u0161i\u0105 savait\u0119 dar t\u0119sti.<\/p>\n<p>\u201ePagal ilgalaik\u0119 or\u0173 ir temperat\u016bros prognoz\u0119, \u0161i\u0105 savait\u0119 dar galimos \u0161alnos, o 10 laipsni\u0173 paros vidurkio, tik\u0117tina, nebus, tad \u0161ildymo sezono \u0161i\u0105 savait\u0119 baigti neplanuojama\u201c, \u2013 Eltai teig\u0117 savivaldyb\u0117s atstovas Irmantas Kuzas.<\/p>\n<p>Kaip anks\u010diau teig\u0117 jis, pra\u0117jusios savait\u0117s pabaigoje pasitvirtinus tuometinei ilgalaikei or\u0173 prognozei, prana\u0161avusiai \u0161iltus orus, \u0161ildymo sezonas gal\u0117jo b\u016bti baigiamas \u0161iandien, pirmadien\u012f.<\/p>\n<p>Pra\u0117j\u0119s 2024\u20132025 met\u0173 \u0161ildymo sezonas sostin\u0117je buvo baigtas baland\u017eio 16 dien\u0105.<\/p>\n<p>Tuo metu \u0161is sezonas Vilniuje prasid\u0117jo pernai rugs\u0117jo 30 dien\u0105. Ankstesnio, 2024\u20132025 m. sezono prad\u017eia buvo spalio 14 dien\u0105, \u00a02023\u20132024 m. \u2013 spalio 16 dien\u0105, o 2022\u20132023 m. \u0161ildymo sezonas prad\u0117tas spalio 17 dien\u0105.<\/p>\n<p>\u0160ildymo sezonas nuo pra\u0117jusio penktadienio jau baigtas Kauno rajono savivaldyb\u0117je.<\/p>\n<p>Kaip skelb\u0117 ELTA, Socialin\u0117s apsaugos ir darbo ministerijos (SADM) duomenimis, nuo pra\u0117jusio rugs\u0117jo iki \u0161i\u0173 met\u0173 vasario pra\u0161ymus d\u0117l b\u016bsto \u0161ildymo ir vandens i\u0161laid\u0173 kompensacij\u0173 buvo u\u017epild\u0119 346,1 t\u016bkst. gyventoj\u0173.<\/p>\n<p>Marta Kraujelyt\u0117 (ELTA)<\/p>\n","protected":false},"excerpt":{"rendered":"Pasikeitus ilgalaikei or\u0173 prognozei, Vilniaus miesto savivaldyb\u0117 planuoja \u0161ildymo sezon\u0105 \u0161i\u0105 savait\u0119 dar t\u0119sti. \u201ePagal ilgalaik\u0119 or\u0173 ir&hellip;\n","protected":false},"author":2,"featured_media":157980,"comment_status":"","ping_status":"","sticky":false,"template":"","format":"standard","meta":{"footnotes":"","_share_on_mastodon":"0"},"categories":[6],"tags":[25,30,31,34,35,24,32,33,37,39,36,38,40,65,23,22,28,29,1935,26,27],"class_list":["post-157979","post","type-post","status-publish","format-standard","has-post-thumbnail","category-antrastes","tag-antrastes","tag-breaking-news","tag-breakingnews","tag-featured-news","tag-featurednews","tag-headlines","tag-latest-news","tag-latestnews","tag-lietuva","tag-lietuviu","tag-lithuania","tag-lithuanian","tag-lt","tag-naujiena","tag-naujienos","tag-news","tag-populiariausios-naujienos","tag-populiariausiosnaujienos","tag-sildymas","tag-top-stories","tag-topstories"],"share_on_mastodon":{"url":"https:\/\/pubeurope.com\/@lt\/116437529651846557","error":""},"_links":{"self":[{"href":"https:\/\/www.europesays.com\/lt\/wp-json\/wp\/v2\/posts\/157979","targetHints":{"allow":["GET"]}}],"collection":[{"href":"https:\/\/www.europesays.com\/lt\/wp-json\/wp\/v2\/posts"}],"about":[{"href":"https:\/\/www.europesays.com\/lt\/wp-json\/wp\/v2\/types\/post"}],"author":[{"embeddable":true,"href":"https:\/\/www.europesays.com\/lt\/wp-json\/wp\/v2\/users\/2"}],"replies":[{"embeddable":true,"href":"https:\/\/www.europesays.com\/lt\/wp-json\/wp\/v2\/comments?post=157979"}],"version-history":[{"count":0,"href":"https:\/\/www.europesays.com\/lt\/wp-json\/wp\/v2\/posts\/157979\/revisions"}],"wp:featuredmedia":[{"embeddable":true,"href":"https:\/\/www.europesays.com\/lt\/wp-json\/wp\/v2\/media\/157980"}],"wp:attachment":[{"href":"https:\/\/www.europesays.com\/lt\/wp-json\/wp\/v2\/media?parent=157979"}],"wp:term":[{"taxonomy":"category","embeddable":true,"href":"https:\/\/www.europesays.com\/lt\/wp-json\/wp\/v2\/categories?post=157979"},{"taxonomy":"post_tag","embeddable":true,"href":"https:\/\/www.europesays.com\/lt\/wp-json\/wp\/v2\/tags?post=157979"}],"curies":[{"name":"wp","href":"https:\/\/api.w.org\/{rel}","templated":true}]}}