{"id":158041,"date":"2026-04-20T16:14:07","date_gmt":"2026-04-20T16:14:07","guid":{"rendered":"https:\/\/www.europesays.com\/lt\/158041\/"},"modified":"2026-04-20T16:14:07","modified_gmt":"2026-04-20T16:14:07","slug":"europoje-kudikiu-maiste-rasta-ziurkiu-nuodu-medziaga","status":"publish","type":"post","link":"https:\/\/www.europesays.com\/lt\/158041\/","title":{"rendered":"Europoje k\u016bdiki\u0173 maiste rasta \u017eiurki\u0173 nuod\u0173 med\u017eiaga"},"content":{"rendered":"<p>\u0160iuo metu Lietuvos valstybin\u0117 maisto ir veterinarijos tarnyba (VMVT) n\u0117ra gavusi informacijos, kad galimai u\u017eter\u0161ti produktai b\u016bt\u0173 patek\u0119 \u012f \u0161alies rink\u0105. Taip pat n\u0117ra gauta prane\u0161im\u0173 apie pana\u0161ius atvejus Lietuvoje.<\/p>\n<p>Vis d\u0117lto, atsi\u017evelgiant \u012f situacijos pob\u016bd\u012f, gyventojai raginami i\u0161likti budr\u016bs ir prie\u0161 vartojant k\u016bdiki\u0173 maist\u0105 atid\u017eiai \u012fvertinti produkt\u0173 b\u016bkl\u0119. Taip pat nuolat sekti informacij\u0105 VMVT esan\u010dioje prane\u0161im\u0173 apie nesaug\u0173 maist\u0105 ir pa\u0161arus \u0161vieslent\u0117je. <\/p>\n<p>Austrijos atsakinga institucija AGES rekomenduoja prie\u0161 vartojant \u201eHiPP\u201c produktus stiklainiuose \u012fsitikinti:<\/p>\n<ul>\n<li>\n<p>ar stiklainio dangtelis n\u0117ra pa\u017eeistas ar jau atidarytas;<\/p>\n<\/li>\n<li>\n<p>ar atidarant girdimas \u012fprastas \u201espragtel\u0117jimas\u201c;<\/p>\n<\/li>\n<li>\n<p>ar n\u0117ra papildom\u0173, ne\u012fprast\u0173 lipduk\u0173 ant pakuot\u0117s;<\/p>\n<\/li>\n<li>\n<p>ar produktas neturi ne\u012fprasto kvapo ar i\u0161vaizdos;<\/p>\n<\/li>\n<li>\n<p>jei k\u016bdikiui ar vaikui suvalgius produkt\u0105 pastebite ne\u012fprastus simptomus ar pablog\u0117jusi\u0105 savijaut\u0105, nedelsdami kreipkit\u0117s \u012f gydytoj\u0105.<\/p>\n<\/li>\n<\/ul>\n<p>Tokio pob\u016bd\u017eio atvejai yra itin reti, ta\u010diau atsargumas ir d\u0117mesingumas gali pad\u0117ti u\u017etikrinti vaik\u0173 saugum\u0105. Pasteb\u0117jus \u012ftartinus po\u017eymius, produkto nevartokite bei nedelsiant informuokite VMVT. Paai\u0161k\u0117jus naujai informacijai VMVT j\u0105 pavie\u0161ins.<\/p>\n","protected":false},"excerpt":{"rendered":"\u0160iuo metu Lietuvos valstybin\u0117 maisto ir veterinarijos tarnyba (VMVT) n\u0117ra gavusi informacijos, kad galimai u\u017eter\u0161ti produktai b\u016bt\u0173 patek\u0119&hellip;\n","protected":false},"author":2,"featured_media":158042,"comment_status":"","ping_status":"","sticky":false,"template":"","format":"standard","meta":{"footnotes":"","_share_on_mastodon":"0"},"categories":[15],"tags":[25,3841,30,31,34,35,24,26295,32,33,37,39,36,38,40,26312,23,22,44,28,29,26,27,74,75,76],"class_list":["post-158041","post","type-post","status-publish","format-standard","has-post-thumbnail","category-pasaulis","tag-antrastes","tag-austrija","tag-breaking-news","tag-breakingnews","tag-featured-news","tag-featurednews","tag-headlines","tag-hipp","tag-latest-news","tag-latestnews","tag-lietuva","tag-lietuviu","tag-lithuania","tag-lithuanian","tag-lt","tag-maisto-sauga","tag-naujienos","tag-news","tag-pasaulis","tag-populiariausios-naujienos","tag-populiariausiosnaujienos","tag-top-stories","tag-topstories","tag-world","tag-world-news","tag-worldnews"],"share_on_mastodon":{"url":"https:\/\/pubeurope.com\/@lt\/116437926766342305","error":""},"_links":{"self":[{"href":"https:\/\/www.europesays.com\/lt\/wp-json\/wp\/v2\/posts\/158041","targetHints":{"allow":["GET"]}}],"collection":[{"href":"https:\/\/www.europesays.com\/lt\/wp-json\/wp\/v2\/posts"}],"about":[{"href":"https:\/\/www.europesays.com\/lt\/wp-json\/wp\/v2\/types\/post"}],"author":[{"embeddable":true,"href":"https:\/\/www.europesays.com\/lt\/wp-json\/wp\/v2\/users\/2"}],"replies":[{"embeddable":true,"href":"https:\/\/www.europesays.com\/lt\/wp-json\/wp\/v2\/comments?post=158041"}],"version-history":[{"count":0,"href":"https:\/\/www.europesays.com\/lt\/wp-json\/wp\/v2\/posts\/158041\/revisions"}],"wp:featuredmedia":[{"embeddable":true,"href":"https:\/\/www.europesays.com\/lt\/wp-json\/wp\/v2\/media\/158042"}],"wp:attachment":[{"href":"https:\/\/www.europesays.com\/lt\/wp-json\/wp\/v2\/media?parent=158041"}],"wp:term":[{"taxonomy":"category","embeddable":true,"href":"https:\/\/www.europesays.com\/lt\/wp-json\/wp\/v2\/categories?post=158041"},{"taxonomy":"post_tag","embeddable":true,"href":"https:\/\/www.europesays.com\/lt\/wp-json\/wp\/v2\/tags?post=158041"}],"curies":[{"name":"wp","href":"https:\/\/api.w.org\/{rel}","templated":true}]}}