{"id":158212,"date":"2026-04-20T19:22:10","date_gmt":"2026-04-20T19:22:10","guid":{"rendered":"https:\/\/www.europesays.com\/lt\/158212\/"},"modified":"2026-04-20T19:22:10","modified_gmt":"2026-04-20T19:22:10","slug":"valdas-vasiliauskas-soldafonu-potiomkino-kaimai-respublika-lt","status":"publish","type":"post","link":"https:\/\/www.europesays.com\/lt\/158212\/","title":{"rendered":"Valdas VASILIAUSKAS: Soldafon\u0173 potiomkino kaimai &#8211; Respublika.lt"},"content":{"rendered":"<p style=\"text-align: justify;\" class=\"desktop_banner\">\u00a0<\/p>\n<p>Soldafonais vadinami nem\u0105stantys kietakak\u010diai, neb\u016btinai uniformuoti, aklai vykdantys kvailiausius \u012fsakymus, instrukcijas ir reikalaujantys, kad ir kiti gyvent\u0173 pagal j\u0173 komandas.<\/p>\n<p>Viena toki\u0173 komand\u0173 nuaid\u0117jo prie\u0161 pra\u0117jusias Kal\u0117das i\u0161 S.Daukanto aik\u0161t\u0117s &#8211; Valstyb\u0117s gynimo taryba nutar\u0117, kad \u0161iais metais Kap\u010diamiestyje bus rengiamas poligonas.<\/p>\n<p>Ir nei valdan\u010diajai partijai ir jos daugumai Seime, nei Vyriausybei nekilo n\u0117 ma\u017eiausio klausimo ar abejon\u0117s, kokiais sumetimais pasirinkta \u0161i vieta.<\/p>\n<p>Juk Lietuvoje, tame pa\u010diame Lazdij\u0173 rajone, prie Suvalk\u0173 koridoriaus, kiek \u0161irdis geid\u017eia plyn\u0173 dirvon\u0173, niekam nereikaling\u0173 dykr\u0173, &#8211; tai kod\u0117l prezidento Gitano Naus\u0117dos pir\u0161tu durta \u012f Kap\u010diamiest\u012f? Bet tikri soldafonai komandas vykdo be klausin\u0117jim\u0173.<\/p>\n<p>Ir tik erzinantis laiko gai\u0161inimas tas dz\u016bk\u0173 lalesys ir skundai d\u0117l i\u0161varymo i\u0161 gimt\u0173j\u0173 nam\u0173, apeliacijos \u012f nacionalin\u0119 ir Europos teis\u0119 &#8211; Kap\u010diamies\u010dio mi\u0161k\u0173 masyvas \u012feina \u012f Europos viening\u0105 saugom\u0173 teritorij\u0173 tinkl\u0105 \u201eNatura 2000&#8243;, \u010dionai pagal 1992 m. Europos Tarybos Buveini\u0173 direktyv\u0105, \u012fpareigojan\u010di\u0105 Tarybos nares saugoti nat\u016brali\u0105 gamtos faun\u0105 ir flor\u0105, biologin\u0119 \u012fvairov\u0119, \u012fsteigti net penki draustiniai. Bet saugomas teritorijas ir draustinius su visa biologine \u012fvairove Lietuvos vald\u017eia perva\u017eiuos net ne buldozeriu, o tanku.<\/p>\n<p>\u0160io tanko nesustabdys net ir tai, kad \u0161ie mi\u0161kai, besitraukiantys nuo Leipalingio &#8211; per Veisiejus, Kap\u010diamiest\u012f &#8211; iki Augustavo, turi ne tik ne\u012fkainuojam\u0105 gamtin\u0119, bet ir istorin\u0119 ir net sakralin\u0119 vert\u0119. Anks\u010diau \u0161ie mi\u0161kai buvo vadinami Skomanto- legendinio jotvingi\u0173 (s\u016bduvi\u0173) kunigaik\u0161\u010dio &#8211; giria.<\/p>\n<p>Tad neteisyb\u0117, kad problemos nebelikt\u0173, jeigu valstyb\u0117 s\u0105\u017einingai atsiskaityt\u0173 su tenyk\u0161\u010di\u0173 vienkiemi\u0173 ir mi\u0161k\u0173 savininkais. Bet tai bendras Tautos turtas (u\u017emir\u0161tas neoliberalizmo laikais \u017eodis), kur\u012f ji paveld\u0117jo i\u0161 prot\u0117vi\u0173, i\u0161 am\u017ei\u0173 gl\u016bdumos ir kur\u012f privalo palikti savo ainiams, ateinan\u010dioms kartoms. Kas su jomis atsiskaitys?<\/p>\n<p>Bet tokie klausimai &#8211; kaip \u017eirniai \u012f sien\u0105. Negana to &#8211; jie sukelia nepaai\u0161kinam\u0105 \u012fnir\u0161\u012f.<\/p>\n<p>Antai Seime praeit\u0105 antradien\u012f svarstant (skubos tvarka!) Kap\u010diamies\u010dio poligono \u012fstatymo projekt\u0105, nei\u0161girdome argument\u0173, kaip jis sustiprins m\u016bs\u0173 ir Suvalk\u0173 koridoriaus saugum\u0105.<\/p>\n<p>Valdantieji, o ypa\u010d opozicijos atstovai, kalb\u0117jo ne apie poligon\u0105, o apie tuos atskal\u016bnus, kurie i\u0161dr\u012fso balsuoti prie\u0161 projekt\u0105 arba susilaik\u0117, pliek\u0117 \u0161iuos nenaud\u0117lius i\u0161sijuos\u0119.<\/p>\n<p>Iki \u0161iol nepaneigta nesyk vie\u0161ai i\u0161sakyta Kovo 11-osios Akto signataro, pirmojo Kra\u0161to apsaugos ministro Audriaus Butkevi\u010diaus nuomon\u0117, kad Kap\u010diamies\u010dio poligonas &#8211; viso labo komercinis objektas, kuris n\u0117ma\u017e nesustiprins m\u016bs\u0173 gynybos paj\u0117gum\u0173.<\/p>\n<p>Toks dar vienas \u201ePotiomkino kaimas&#8221;. Bet gal ir mil\u017eini\u0161ka pinig\u0173 plovykla?<\/p>\n<p>Aure ir valdantieji, ir opozicija, suglaud\u0119 ausis, tyli, kai Lietuvos \u017einiasklaida paskelb\u0117, kad \u012f R\u016bdnink\u0173 poligono statybos rangov\u0173 konkurs\u0105 buvo pakviesta ir j\u012f laim\u0117jo \u201eMerko statyba&#8221;, priklausanti Estijos did\u017eiausiam statybos koncernui \u201eAS Merko Ehitus&#8221;, kuris su savininku Tomu Annusu nuteistas korupcijos ir ky\u0161ininkavimo byloje?<\/p>\n<p>Kod\u0117l akis u\u017emerkusi buvo STT, kaip leidim\u0105 dirbti su slapta informacija i\u0161dav\u0117 VSD? \u201eMerko statyba&#8221;, pakeitusi pavadinim\u0105 ir skilusi \u012f dvi dalis, ir toliau ganosi \u0161iose milijard\u0173 vert\u0117s ganyklose.<\/p>\n<p>Turb\u016bt d\u0117sninga, kad i\u0161 R\u016bdnink\u0173 poligono jau pasiek\u0117 \u017einios apie prad\u0117t\u0105 pirm\u0105j\u012f ikiteismin\u012f tyrim\u0105. Laukite t\u0119sinio.<\/p>\n<p>Prezidentui G.Naus\u0117dai primetus tuos 5,38 proc. nuo BVP kra\u0161to gynybai, m\u016bs\u0173 politin\u0119 klas\u0119 tarytum i\u0161tiko soldafoni\u0161kas m\u0105stymo paraly\u017eius. Ar karin\u0117 psichoz\u0117.<\/p>\n<p>Lietuva did\u017eiuojasi tais rekordiniais procentais, tarsi jie savaime j\u0105 apsaugos nuo V.Putino. Ir nenori n\u0117 gird\u0117ti to paties A.Butkevi\u010diaus zyzimo, kad toli gra\u017eu ne tie gynybos finansavimo prioritetai: poligon\u0173 betonas ir tankai gal\u0117t\u0173 palaukti, kai ant galv\u0173 krenta balionai ir dronai. Negi mus pa\u017eadins tik raketos?<\/p>\n<p>Kai valstyb\u0117 skriaud\u017eia policininkus, ugniagesius ir kitus jai i\u0161tikimai tarnaujan\u010dius pareig\u016bnus, nepakankamai finansuojamas d\u016bsta \u0161vietimas, per visas si\u016bles bra\u0161ka sveikatos apsauga, o Lietuvos keliais jau galime rengti Dakaro lenktynes, toks karingas barzdotas nyk\u0161tukas, kaip nulietas soldafonas, savo pavarde darantis g\u0117d\u0105 \u0161lovingam Kauno miestui, nebei\u0161mano, kur d\u0117ti milijardus.<\/p>\n<p>Tod\u0117l baland\u017eio 13-t\u0105 \u012f Kra\u0161to apsaugos ministerij\u0105 suva\u017eiavo merai t\u0173 savivaldybi\u0173, kuriose \u012frengti poligonai.<\/p>\n<p>KAM savo nuo\u017ei\u016bra i\u0161dalino savivaldyb\u0117ms daugiau nei 11 mln. eur\u0173 infrastrukt\u016br\u0173 pl\u0117trai. Kas \u0161i\u0173 milijon\u0173 panaudojim\u0105 kontroliuos, kam savivaldyb\u0117s u\u017e juos atsiskaitys?<\/p>\n<p>Ar toks ministerijos ir mer\u0173 i\u0161kilmingai pasira\u0161ytas susitarimas teis\u0117tas?<\/p>\n<p>Iki \u0161iol maniau, kad valstyb\u0117s ir savivaldybi\u0173 biud\u017eetinius asignavim\u0173 projektus ruo\u0161ia Finans\u0173 ministerija, pritaria Vyriausyb\u0117 ir teikia Seimui, kur dar laukia Biud\u017eeto ir finans\u0173 komiteto filtras, iki projektas taps Biud\u017eeto \u012fstatymu.<\/p>\n<p>Tokiomis proced\u016bromis paskirstomi ir kontroliuojami valstyb\u0117s finansai, kad n\u0117 vienas biud\u017eeto euras nepra\u0161apt\u0173. Bet kam tie formalumai soldafon\u0173 valdomoje valstyb\u0117je, kuri taip pam\u0117gusi \u201ePotiomkino kaimus&#8221;?<\/p>\n<p>Prie\u0161 por\u0105 savai\u010di\u0173 Lietuvoje triuk\u0161m\u0105 suk\u0117l\u0117 est\u0173 interneto leidinyje angl\u0173 k. \u201eThe Baltic Sentinel&#8221; i\u0161spausdinta buvusio NATO generalinio sekretoriaus Jenso Soltenbergo knygos recenzija.<\/p>\n<p>Daug kas i\u0161sigando, neva NATO ketino mus parduoti.<\/p>\n<p>Bet mane labiau i\u0161g\u0105sdino \u0161alimais skelbiamas kitas straipsnis, kuriame est\u0173 karo analitikas ra\u0161o, kad lietuviai, nor\u0117dami apsaugoti Suvalk\u0173 koridori\u0173 nat\u016bralia kli\u016btimi, ketino sodinti mi\u0161k\u0105, bet \u0161ios id\u0117jos atsisak\u0117, nes med\u017eiai per l\u0117tai auga.<\/p>\n<p>Est\u0173 autorius ne\u017einojo, kad lietuviai, u\u017euot apsaugoj\u0119 nat\u016bralia kli\u016btimi Suvalk\u0173 koridori\u0173, ne tik nesodins naujo mi\u0161ko, bet ir kirs sengir\u0119. Tai kas \u010dia parduoda Lietuv\u0105? Tikrai ne NATO.<\/p>\n","protected":false},"excerpt":{"rendered":"\u00a0 Soldafonais vadinami nem\u0105stantys kietakak\u010diai, neb\u016btinai uniformuoti, aklai vykdantys kvailiausius \u012fsakymus, instrukcijas ir reikalaujantys, kad ir kiti gyvent\u0173&hellip;\n","protected":false},"author":2,"featured_media":158213,"comment_status":"","ping_status":"","sticky":false,"template":"","format":"standard","meta":{"footnotes":"","_share_on_mastodon":"0"},"categories":[13],"tags":[25,30,31,1767,34,35,24,14665,361,26332,32,33,37,39,36,38,40,23,22,28,29,684,128,26333,18362,26,27,557],"class_list":["post-158212","post","type-post","status-publish","format-standard","has-post-thumbnail","category-lietuva","tag-antrastes","tag-breaking-news","tag-breakingnews","tag-butkevicius","tag-featured-news","tag-featurednews","tag-headlines","tag-kapciamiestis","tag-kariuomene","tag-kolidorius","tag-latest-news","tag-latestnews","tag-lietuva","tag-lietuviu","tag-lithuania","tag-lithuanian","tag-lt","tag-naujienos","tag-news","tag-populiariausios-naujienos","tag-populiariausiosnaujienos","tag-prezidentas","tag-seimas","tag-soldafonai","tag-suvalku","tag-top-stories","tag-topstories","tag-vyriausybe"],"share_on_mastodon":{"url":"https:\/\/pubeurope.com\/@lt\/116438666080283703","error":""},"_links":{"self":[{"href":"https:\/\/www.europesays.com\/lt\/wp-json\/wp\/v2\/posts\/158212","targetHints":{"allow":["GET"]}}],"collection":[{"href":"https:\/\/www.europesays.com\/lt\/wp-json\/wp\/v2\/posts"}],"about":[{"href":"https:\/\/www.europesays.com\/lt\/wp-json\/wp\/v2\/types\/post"}],"author":[{"embeddable":true,"href":"https:\/\/www.europesays.com\/lt\/wp-json\/wp\/v2\/users\/2"}],"replies":[{"embeddable":true,"href":"https:\/\/www.europesays.com\/lt\/wp-json\/wp\/v2\/comments?post=158212"}],"version-history":[{"count":0,"href":"https:\/\/www.europesays.com\/lt\/wp-json\/wp\/v2\/posts\/158212\/revisions"}],"wp:featuredmedia":[{"embeddable":true,"href":"https:\/\/www.europesays.com\/lt\/wp-json\/wp\/v2\/media\/158213"}],"wp:attachment":[{"href":"https:\/\/www.europesays.com\/lt\/wp-json\/wp\/v2\/media?parent=158212"}],"wp:term":[{"taxonomy":"category","embeddable":true,"href":"https:\/\/www.europesays.com\/lt\/wp-json\/wp\/v2\/categories?post=158212"},{"taxonomy":"post_tag","embeddable":true,"href":"https:\/\/www.europesays.com\/lt\/wp-json\/wp\/v2\/tags?post=158212"}],"curies":[{"name":"wp","href":"https:\/\/api.w.org\/{rel}","templated":true}]}}