{"id":15863,"date":"2025-10-12T10:10:08","date_gmt":"2025-10-12T10:10:08","guid":{"rendered":"https:\/\/www.europesays.com\/lt\/15863\/"},"modified":"2025-10-12T10:10:08","modified_gmt":"2025-10-12T10:10:08","slug":"karas-ukrainoje-rusija-planuoja-kone-dvigubinti-tanku-gamyba-delfi","status":"publish","type":"post","link":"https:\/\/www.europesays.com\/lt\/15863\/","title":{"rendered":"Karas Ukrainoje. Rusija planuoja kone dvigubinti tank\u0173 gamyb\u0105 &#8211; Delfi"},"content":{"rendered":"<ol>\n<li><a href=\"https:\/\/news.google.com\/rss\/articles\/CBMirAFBVV95cUxNNHMxZm5UVGh4anI0Q2x4MnpnVE1rUm5PaUtIUGpWMG1Jd3dmTGM5dHpOSGYxTzJMbmZGX3JRckVSbjRSNW13UExXVW5NOE9TVi1FRFYxVVB6cGtoUXVGMDB1cm9Dc0duYWE1ZVYyVjJHMktxemFmZXg2VTN0cXBESFJBMTUzNTdpVmlhLXhZSDhHS1hUZkkxRC1KcVBzcDlvcnBHaVlWQUx1eTVo?oc=5\" target=\"_blank\" rel=\"nofollow noopener\">Karas Ukrainoje. Rusija planuoja kone dvigubinti tank\u0173 gamyb\u0105<\/a>&nbsp;&nbsp;Delfi<\/li>\n<li><a href=\"https:\/\/news.google.com\/rss\/articles\/CBMiswFBVV95cUxPZEwxbnhlV3lQZnFOcnRwb3U1Q0p3V2ZzLWY3M2xjMWJnaDRBeFQ2TFdvV0tfMjN6SEhGUHNiSEU4dktqS04wX2hMV1lDTkRiZG1Vb2gtYURqSzJuZ1dPdG9QVm50ZzV3S09WQVYzckxxRkNrZXdzb2I2OFZnYmk4ZnpWTGk4YXBsMTl2NUN5X1NZeHd4cEVIcU55S3FoZWRXOFI1Ri1wRnlWTVE0aWlDU3Yzaw?oc=5\" target=\"_blank\" rel=\"nofollow noopener\">Zelenskis atskleid\u0117, apie k\u0105 kalb\u0117josi su Donaldu Trumpu<\/a>&nbsp;&nbsp;15min.lt<\/li>\n<li><a href=\"https:\/\/news.google.com\/rss\/articles\/CBMijwFBVV95cUxOaDVySUctWEhnVHJJaTFDOWhQc3FST1JIMlFvWmZMM0ZtX2VCYTltMU1qSFhCb1cxd2J6d3hnSGh4LU1uOHh5Y3RkdVNJTGN3MjlJQUstQnFzak45eDJXVGRCcVJPTzNYVGppdU1qWlJMbVJUdFhlSnR0T0lWWEZFbXNLeFJ4VVVxUkhPNGI4dw?oc=5\" target=\"_blank\" rel=\"nofollow noopener\">V. Zelenskis pasikalb\u0117jo su D. Trumpu<\/a>&nbsp;&nbsp;vz.lt<\/li>\n<li><a href=\"https:\/\/news.google.com\/rss\/articles\/CBMiygFBVV95cUxOUXdwR2NHTXJRZ1hsYmNtX0ExbFRTam5taEpuTTJEdE8xMVNlZnQ3OGt3YXF3WjBOY183alhxYmthRjVpUFRKalJxZDVnNVUxS0g1R29WRFpWVHZuc3BVOEVqY0hGbXNEUG9LX0hmdGpNTWlYWnBJa3JtVmQyZldIME9kVTNJaGVYdVRaekZGV1hvVEh0c0lYV3RjOWR0R2RfdWYwWDVQQ05nYnVCemZTSUFlN0Y3WVZoU1pwLW9pWUZuOVhLVVFoNGVR?oc=5\" target=\"_blank\" rel=\"nofollow noopener\">Karas Ukrainoje. Zelenskis su Trumpu aptar\u0117 oro gynyb\u0105, Rusijos sm\u016bgius energetikai<\/a>&nbsp;&nbsp;LRT<\/li>\n<li><a href=\"https:\/\/news.google.com\/rss\/articles\/CBMiywFBVV95cUxOWVJZWDNaRktEUXBoX0dfZ2dRUGpzdGZ5WDhhNlNhaHBWWjVOZ21TTmpLZlNTNkQ0eU9QLUNyY29RZldDZ1BNMEo4Qmlsc3E2allZamR3RmNTd3ZDNnlGVTJCRi1qXzJQaU1QdVItX3ZxWGdlN3p4cEVlMF9pRGlBVjNWTFlycXlIbWlnSXJtYTBhd3YyUGhqN0RDd0hoSDg0VVRnclZsdG5HMkR4UVk0emxtcEdPMFFYa1J5NGdpM0ZTVlNGZmJpeUNYdw?oc=5\" target=\"_blank\" rel=\"nofollow noopener\">V. Zelenskio atviras pasi\u016blymas D. Trumpui: nominuot\u0173 Nobelio premijai<\/a>&nbsp;&nbsp;Lrytas<\/li>\n<\/ol>\n","protected":false},"excerpt":{"rendered":"Karas Ukrainoje. Rusija planuoja kone dvigubinti tank\u0173 gamyb\u0105&nbsp;&nbsp;Delfi Zelenskis atskleid\u0117, apie k\u0105 kalb\u0117josi su Donaldu Trumpu&nbsp;&nbsp;15min.lt V. Zelenskis&hellip;\n","protected":false},"author":2,"featured_media":15864,"comment_status":"","ping_status":"","sticky":false,"template":"","format":"standard","meta":{"footnotes":""},"categories":[15],"tags":[25,30,31,34,35,24,121,32,33,37,39,36,38,40,23,22,44,28,29,26,27,74,75,76],"class_list":{"0":"post-15863","1":"post","2":"type-post","3":"status-publish","4":"format-standard","5":"has-post-thumbnail","7":"category-pasaulis","8":"tag-antrastes","9":"tag-breaking-news","10":"tag-breakingnews","11":"tag-featured-news","12":"tag-featurednews","13":"tag-headlines","14":"tag-karas-ukrainoje","15":"tag-latest-news","16":"tag-latestnews","17":"tag-lietuva","18":"tag-lietuviu","19":"tag-lithuania","20":"tag-lithuanian","21":"tag-lt","22":"tag-naujienos","23":"tag-news","24":"tag-pasaulis","25":"tag-populiariausios-naujienos","26":"tag-populiariausiosnaujienos","27":"tag-top-stories","28":"tag-topstories","29":"tag-world","30":"tag-world-news","31":"tag-worldnews"},"share_on_mastodon":{"url":"","error":""},"_links":{"self":[{"href":"https:\/\/www.europesays.com\/lt\/wp-json\/wp\/v2\/posts\/15863","targetHints":{"allow":["GET"]}}],"collection":[{"href":"https:\/\/www.europesays.com\/lt\/wp-json\/wp\/v2\/posts"}],"about":[{"href":"https:\/\/www.europesays.com\/lt\/wp-json\/wp\/v2\/types\/post"}],"author":[{"embeddable":true,"href":"https:\/\/www.europesays.com\/lt\/wp-json\/wp\/v2\/users\/2"}],"replies":[{"embeddable":true,"href":"https:\/\/www.europesays.com\/lt\/wp-json\/wp\/v2\/comments?post=15863"}],"version-history":[{"count":0,"href":"https:\/\/www.europesays.com\/lt\/wp-json\/wp\/v2\/posts\/15863\/revisions"}],"wp:featuredmedia":[{"embeddable":true,"href":"https:\/\/www.europesays.com\/lt\/wp-json\/wp\/v2\/media\/15864"}],"wp:attachment":[{"href":"https:\/\/www.europesays.com\/lt\/wp-json\/wp\/v2\/media?parent=15863"}],"wp:term":[{"taxonomy":"category","embeddable":true,"href":"https:\/\/www.europesays.com\/lt\/wp-json\/wp\/v2\/categories?post=15863"},{"taxonomy":"post_tag","embeddable":true,"href":"https:\/\/www.europesays.com\/lt\/wp-json\/wp\/v2\/tags?post=15863"}],"curies":[{"name":"wp","href":"https:\/\/api.w.org\/{rel}","templated":true}]}}