{"id":159008,"date":"2026-04-21T17:58:12","date_gmt":"2026-04-21T17:58:12","guid":{"rendered":"https:\/\/www.europesays.com\/lt\/159008\/"},"modified":"2026-04-21T17:58:12","modified_gmt":"2026-04-21T17:58:12","slug":"tragiska-gmp-darbuotojo-paiesku-atomazga-rastas-vyro-kunas","status":"publish","type":"post","link":"https:\/\/www.europesays.com\/lt\/159008\/","title":{"rendered":"Tragi\u0161ka GMP darbuotojo paie\u0161k\u0173 atomazga: rastas vyro k\u016bnas"},"content":{"rendered":"<p>\u201ePrane\u0161ame, kad dingusio paramediko Manto Sadausko paie\u0161ka nutraukiama \u0161\u012f vakar\u0105 radus dingusiojo k\u016bn\u0105\u201c, \u2013 informavo Generalin\u0117s prokurat\u016bros atstov\u0117 Elena Martinonien\u0117. <\/p>\n<p>Detalesn\u0117 informacija bus pateikta rytoj, spaudos konferencijos metu. <\/p>\n<p>Ikiteisminis tyrimas toliau atliekamas siekiant nustatyti asmens mirties prie\u017east\u012f. \u0160iuo metu yra sulaikyti du asmenys.<\/p>\n<p>Delfi primena, kad \u017einia apie M. Sadausko dingim\u0105 pasirod\u0117 pirmadien\u012f. Apie dingus\u012f koleg\u0105 socialiniuose tinkluose prane\u0161\u0117 GMP tarnybos Panev\u0117\u017eio filialo direktor\u0117 R\u016bta Ramo\u0161kien\u0117.<\/p>\n<p>\u201eDingo m\u016bs\u0173 geras draugas,\u201c \u2013 ra\u0161\u0117 R. Ramo\u0161kien\u0117. <\/p>\n<p>\u201eBet kokia informacija gali pad\u0117ti, net jei atrodo nereik\u0161minga. Jei k\u0105 nors mat\u0117te, gird\u0117jote ar turite bent menkiausi\u0105 u\u017euomin\u0105 \u2013 nelikite abejingi\u201c, \u2013 \u017einia apie kolegos paie\u0161k\u0105 dalinosi R. Ramo\u0161kien\u0117. <\/p>\n<p>       <img decoding=\"async\" src=\"https:\/\/www.europesays.com\/lt\/wp-content\/uploads\/2026\/04\/7337ba6f-ec0d-4731-83bc-206a7b3f66c6.jpg\" loading=\"lazy\" alt=\"Ding\u0119s Mantas Sadauskas\"\/>      <\/p>\n<p>Prie\u0161 dingim\u0105 vyras buvo pasteb\u0117tas apie 10 val. ryto Panev\u0117\u017eio rajone, Paliuk\u0173 kaime. Jis buvo su ma\u0161ina.<\/p>\n<p>Antradienio ryt\u0105 policija kreip\u0117si \u012f vairuotojus, pra\u0161ydami patikrinti vaizdo registratori\u0173 \u012fra\u0161us. <\/p>\n<p>\u201ePra\u0161ome atsiliepti asmenis, kurie vakar, baland\u017eio 20 d., apie 10 val. va\u017eiavo Panev\u0117\u017eio r., Paliuk\u0173 k., netoli Gegu\u017ein\u0117s, ir savo automobiliuose turi vaizdo registratorius ir gal\u0117jo u\u017efiksuoti svarbi\u0105 informacij\u0105.<\/p>\n<p>B\u016btume d\u0117kingi, jei pasidalintum\u0117te registratori\u0173 \u012fra\u0161ais \u2013 skambinkite telefono nr. 112 ir palikite savo kontaktus, taip pat galite susisiekti \u0161io socialinio tinklo \u201eMessenger\u201c \u017einute. <\/p>\n<p>Taip pat pra\u0161ome prane\u0161ti, jei pasteb\u0117jote baltos spalvos \u201eHyundai Motor\u201c automobil\u012f, valstybinis nr. NYV 577 \u2013 informacija gali b\u016bti svarbi.<\/p>\n<p>       <img decoding=\"async\" src=\"https:\/\/www.europesays.com\/lt\/wp-content\/uploads\/2026\/04\/1776794292_963_3fd50718-d04f-4755-88f0-d5f17b9c970c.jpg\" loading=\"lazy\" alt=\"Dingo GMP medikas\"\/>      <\/p>\n<p>V\u0117liau antradien\u012f, prie\u0161 pat 12 val., policija pasidalino \u017einia, kad pasienie\u010di\u0173 sraigtasparniui pavyko surasti automobil\u012f, kuriuo prie\u0161 dingim\u0105 i\u0161va\u017eiavo vyras. Policija taip pat prane\u0161\u0117, kad buvo prad\u0117tas ikiteisminis tyrimas d\u0117l neteis\u0117to laisv\u0117s at\u0117mimo, ta\u010diau daugiau komentar\u0173 negal\u0117jo pateikti. <\/p>\n<p>\u201ePasitelkus pasienie\u010di\u0173 sraigtasparn\u012f \u201eEurocopter\u201c buvo rastas ie\u0161komas automobilis. Mantas nerastas.<\/p>\n","protected":false},"excerpt":{"rendered":"\u201ePrane\u0161ame, kad dingusio paramediko Manto Sadausko paie\u0161ka nutraukiama \u0161\u012f vakar\u0105 radus dingusiojo k\u016bn\u0105\u201c, \u2013 informavo Generalin\u0117s prokurat\u016bros atstov\u0117&hellip;\n","protected":false},"author":2,"featured_media":159009,"comment_status":"","ping_status":"","sticky":false,"template":"","format":"standard","meta":{"footnotes":"","_share_on_mastodon":"0"},"categories":[6],"tags":[25,30,31,34,35,633,24,32,33,37,39,36,38,40,26394,23,22,601,28,29,26,27],"class_list":["post-159008","post","type-post","status-publish","format-standard","has-post-thumbnail","category-antrastes","tag-antrastes","tag-breaking-news","tag-breakingnews","tag-featured-news","tag-featurednews","tag-gmp","tag-headlines","tag-latest-news","tag-latestnews","tag-lietuva","tag-lietuviu","tag-lithuania","tag-lithuanian","tag-lt","tag-mantas-sadauskas","tag-naujienos","tag-news","tag-policija","tag-populiariausios-naujienos","tag-populiariausiosnaujienos","tag-top-stories","tag-topstories"],"share_on_mastodon":{"url":"https:\/\/pubeurope.com\/@lt\/116443998033083813","error":""},"_links":{"self":[{"href":"https:\/\/www.europesays.com\/lt\/wp-json\/wp\/v2\/posts\/159008","targetHints":{"allow":["GET"]}}],"collection":[{"href":"https:\/\/www.europesays.com\/lt\/wp-json\/wp\/v2\/posts"}],"about":[{"href":"https:\/\/www.europesays.com\/lt\/wp-json\/wp\/v2\/types\/post"}],"author":[{"embeddable":true,"href":"https:\/\/www.europesays.com\/lt\/wp-json\/wp\/v2\/users\/2"}],"replies":[{"embeddable":true,"href":"https:\/\/www.europesays.com\/lt\/wp-json\/wp\/v2\/comments?post=159008"}],"version-history":[{"count":0,"href":"https:\/\/www.europesays.com\/lt\/wp-json\/wp\/v2\/posts\/159008\/revisions"}],"wp:featuredmedia":[{"embeddable":true,"href":"https:\/\/www.europesays.com\/lt\/wp-json\/wp\/v2\/media\/159009"}],"wp:attachment":[{"href":"https:\/\/www.europesays.com\/lt\/wp-json\/wp\/v2\/media?parent=159008"}],"wp:term":[{"taxonomy":"category","embeddable":true,"href":"https:\/\/www.europesays.com\/lt\/wp-json\/wp\/v2\/categories?post=159008"},{"taxonomy":"post_tag","embeddable":true,"href":"https:\/\/www.europesays.com\/lt\/wp-json\/wp\/v2\/tags?post=159008"}],"curies":[{"name":"wp","href":"https:\/\/api.w.org\/{rel}","templated":true}]}}