{"id":159111,"date":"2026-04-21T20:20:10","date_gmt":"2026-04-21T20:20:10","guid":{"rendered":"https:\/\/www.europesays.com\/lt\/159111\/"},"modified":"2026-04-21T20:20:10","modified_gmt":"2026-04-21T20:20:10","slug":"prekybos-centre-panorama-atidaryta-zara-home","status":"publish","type":"post","link":"https:\/\/www.europesays.com\/lt\/159111\/","title":{"rendered":"Prekybos centre \u201ePanorama\u201c atidaryta \u201eZara Home\u201c"},"content":{"rendered":"<p>Pirmame prekybos centro auk\u0161te \u012fsik\u016brusi 515 kv. m parduotuv\u0117 \u012frengta pagal naujausi\u0105 \u201eZara Home\u201c koncepcij\u0105, leid\u017eian\u010di\u0105 lankytojams kolekcijas patirti per namus primenan\u010di\u0105 aplink\u0105 \u2013 nuo virtuv\u0117s ir svetain\u0117s iki miegamojo, vaik\u0173 kambario bei vonios erdvi\u0173.<\/p>\n<p>\u201eMatome ai\u0161ki\u0105 tendencij\u0105, kad pirk\u0117jai vis daugiau d\u0117mesio skiria savo gyvenamosios aplinkos kokybei \u2013 namai tampa ne tik poilsio, bet ir darbo, laisvalaikio erdve. Tod\u0117l nuosekliai stipriname \u0161\u012f segment\u0105, siekdami pasi\u016blyti kuo platesn\u012f ir \u012fvairesn\u012f interjero sprendim\u0173 pasirinkim\u0105\u201c, \u2013 sako PLC \u201ePanorama\u201c generalin\u0117 direktor\u0117 Birut\u0117 Kalanovait\u0117.<\/p>\n<p>    <img decoding=\"async\" src=\"https:\/\/www.europesays.com\/lt\/wp-content\/uploads\/2026\/04\/c766e6f7-1a42-48bb-beb0-ac107b216cd0.jpg\" loading=\"lazy\" alt=\"PLC \u201ePanorama\u201c atidaryta \u201eZara Home\u201c\"\/>      <\/p>\n<p>Parduotuv\u0117je pristatomos tekstil\u0117s, ind\u0173, stiklo kolekcijos, baldai bei interjero detal\u0117s. Parduotuv\u0117s centre \u012frengta ir speciali vonios bei kosmetikos zona su nam\u0173 parfumerijos linija.<\/p>\n<p>\u201e\u0160iuolaikinis pirk\u0117jas ie\u0161ko ne tik produkto, bet ir \u012fkv\u0117pimo. \u201eZara Home\u201c parduotuv\u0117se siekiama, kad klientai jaust\u0173si tarsi namuose \u2013 gal\u0117t\u0173 pamatyti, kaip skirtingi elementai dera tarpusavyje ir lengviau juos pritaikyt\u0173 savo erdv\u0117se\u201c, \u2013 teigia \u201eAprangos\u201c grup\u0117s generalinis direktorius Rimantas Perveneckas.<\/p>\n<p>\u201eZara Home\u201c atidarymas papildo nuosekliai augant\u012f \u201ePanoramos\u201c nam\u0173 segment\u0105. Vien pernai \u0161ios kategorijos apyvarta centre did\u0117jo daugiau nei 16 procent\u0173.<\/p>\n<p>    <img decoding=\"async\" src=\"https:\/\/www.europesays.com\/lt\/wp-content\/uploads\/2026\/04\/440af75e-fe2b-4300-ac7c-019fbef56a5c.jpg\" loading=\"lazy\" alt=\"PLC \u201ePanorama\u201c atidaryta \u201eZara Home\u201c\"\/>    <\/p>\n<p>\u0160iemet prekybos centre taip pat atidarytos dvi naujos nam\u0173 krypties parduotuv\u0117s, i\u0161 viso \u201ePanoramoje\u201c veikia daugiau nei 20 parduotuvi\u0173, skirt\u0173 namams ir interjerui.<\/p>\n<p>PLC \u201ePanorama\u201c yra vienas did\u017eiausi\u0173 prekybos ir laisvalaikio centr\u0173 Vilniuje, kuriame veikia daugiau nei 180 nuominink\u0173. <\/p>\n","protected":false},"excerpt":{"rendered":"Pirmame prekybos centro auk\u0161te \u012fsik\u016brusi 515 kv. m parduotuv\u0117 \u012frengta pagal naujausi\u0105 \u201eZara Home\u201c koncepcij\u0105, leid\u017eian\u010di\u0105 lankytojams kolekcijas&hellip;\n","protected":false},"author":2,"featured_media":159112,"comment_status":"","ping_status":"","sticky":false,"template":"","format":"standard","meta":{"footnotes":"","_share_on_mastodon":"0"},"categories":[17],"tags":[81,37,39,36,38,40,14038,26428,46,626,23706],"class_list":["post-159111","post","type-post","status-publish","format-standard","has-post-thumbnail","category-verslas","tag-business","tag-lietuva","tag-lietuviu","tag-lithuania","tag-lithuanian","tag-lt","tag-panorama","tag-parduotuves-atidarymas","tag-verslas","tag-vilnius","tag-zara"],"share_on_mastodon":{"url":"https:\/\/pubeurope.com\/@lt\/116444556682548833","error":""},"_links":{"self":[{"href":"https:\/\/www.europesays.com\/lt\/wp-json\/wp\/v2\/posts\/159111","targetHints":{"allow":["GET"]}}],"collection":[{"href":"https:\/\/www.europesays.com\/lt\/wp-json\/wp\/v2\/posts"}],"about":[{"href":"https:\/\/www.europesays.com\/lt\/wp-json\/wp\/v2\/types\/post"}],"author":[{"embeddable":true,"href":"https:\/\/www.europesays.com\/lt\/wp-json\/wp\/v2\/users\/2"}],"replies":[{"embeddable":true,"href":"https:\/\/www.europesays.com\/lt\/wp-json\/wp\/v2\/comments?post=159111"}],"version-history":[{"count":0,"href":"https:\/\/www.europesays.com\/lt\/wp-json\/wp\/v2\/posts\/159111\/revisions"}],"wp:featuredmedia":[{"embeddable":true,"href":"https:\/\/www.europesays.com\/lt\/wp-json\/wp\/v2\/media\/159112"}],"wp:attachment":[{"href":"https:\/\/www.europesays.com\/lt\/wp-json\/wp\/v2\/media?parent=159111"}],"wp:term":[{"taxonomy":"category","embeddable":true,"href":"https:\/\/www.europesays.com\/lt\/wp-json\/wp\/v2\/categories?post=159111"},{"taxonomy":"post_tag","embeddable":true,"href":"https:\/\/www.europesays.com\/lt\/wp-json\/wp\/v2\/tags?post=159111"}],"curies":[{"name":"wp","href":"https:\/\/api.w.org\/{rel}","templated":true}]}}