{"id":159187,"date":"2026-04-22T01:47:36","date_gmt":"2026-04-22T01:47:36","guid":{"rendered":"https:\/\/www.europesays.com\/lt\/159187\/"},"modified":"2026-04-22T01:47:36","modified_gmt":"2026-04-22T01:47:36","slug":"prienu-mero-cekiuku-byloje-liudijusi-ministre-zailskiene-as-uzpilu-kuro-jis-atiduoda-pinigus-respublika-lt","status":"publish","type":"post","link":"https:\/\/www.europesays.com\/lt\/159187\/","title":{"rendered":"Prien\u0173 mero \u201e\u010dekiuk\u0173\u201c byloje liudijusi ministr\u0117 Zailskien\u0117: a\u0161 u\u017epilu kuro, jis atiduoda pinigus &#8211; Respublika.lt"},"content":{"rendered":"<p style=\"text-align: justify;\" class=\"desktop_banner\">\u00a0<\/p>\n<p style=\"text-align: left;\">\u00a0<\/p>\n<p style=\"text-align: left;\">Alytaus apylink\u0117s teismas politik\u0119 i\u0161kviet\u0117 \u012f pos\u0117d\u012f, nes jos banko kortele apmok\u0117ti kuro \u010dekiai yra mero byloje. Juos A. Vaicekauskas pateik\u0117 savivaldyb\u0117s administracijai ir v\u0117liau gavo i\u0161mokas. Speciali\u0173j\u0173 tyrim\u0173 tarnyba ir prokurat\u016bra \u012ftaria, kad A. Vaicekauskas ir kiti \u012f \u201e\u010dekiuk\u0173\u201c skandal\u0105 patek\u0119 politikai rinko \u010dekius i\u0161 partie\u010di\u0173, kit\u0173 asmen\u0173 ir taip neteis\u0117tai gavo kompensacijas.<\/p>\n<p style=\"text-align: left;\">\u201eKai u\u017epildavau kuro, jis (A. Vaicekauskas\u2013 ELTA) man atiduodavo grynaisiais pinigais\u201c, \u2013 teismui liudijo ministr\u0117 J. Zailskien\u0117.\u00a0<\/p>\n<p style=\"text-align: left;\">Ji taip pat pripa\u017eino, kad pirkdama kur\u0105 degalin\u0117s darbuotojo pra\u0161\u0117 \u012fvesti mero vard\u0105 ir pavard\u0119 bei asmens kod\u0105. Prien\u0173 savivaldyb\u0117 buvo nusta\u010diusi tvark\u0105, kad politikai administracijai turi teikti vardinius kuro \u010dekius.<\/p>\n<p style=\"text-align: left;\">Ministr\u0117 sak\u0117, kad neturi b\u016bti keista, kad ji \u017einojo mero asmens kod\u0105, nes jie ilgame\u010diai bendra\u017eygiai, o ji pati tris kartus buvo rinkim\u0173 \u0161tabo vadov\u0117.<\/p>\n<p style=\"text-align: left;\">\u201e2015 metais prad\u0117jom dirbti Prien\u0173 rajono savivaldyb\u0117je, mes socialdemokratai. 2022 metais kartu dirbom, a\u0161 buvau administracijos direktor\u0117, pirmoji jo pavaduotoja. Daug dirbom, va\u017ein\u0117jom \u012f susitikimus ir savaitgaliais. Daug bendr\u0173 veikl\u0173 tur\u0117jom ir savaitgaliais, ir po darbo. Mano ma\u0161ina va\u017eiuodavom, a\u0161 u\u017epildavau kuro, jis man atiduoda pinigus grynaisiais \u2013 taip buvom susitar\u0119\u201d, &#8212; teism\u0105 tikino ministr\u0117.<\/p>\n<p style=\"text-align: left;\">Socialdemokrat\u0117 J. Zailskien\u0117 2019\u20132023 m. \u0117jo Prien\u0173 rajono savivaldyb\u0117s administracijos direktor\u0117s pareigas. 2023 m. paskirta Prien\u0173 rajono savivaldyb\u0117s mero patar\u0117ja.\u00a0<\/p>\n<p style=\"text-align: left;\">Ministr\u0117 teismui sak\u0117, kad bylai aktualiu laikotarpiu naudojosi automobiliais \u201eToyota Yaris\u201d ir \u201eMitsubishi\u201d.<\/p>\n<p style=\"text-align: left;\">Va\u017eiuodavo ir partijos reikalais, ir \u012f susitikimus su rink\u0117jais<\/p>\n<p style=\"text-align: left;\">Prokuroras Darius Valkavi\u010dius ir teis\u0117ja Inga Liubinien\u0117 u\u017edav\u0117 daug klausim\u0173 liudytojai, susijusi\u0173 su kelion\u0117mis kartu su meru, apmok\u0117jimu, kelioni\u0173 tikslais. Teis\u0117ja steb\u0117josi ilgomis socialdemokrat\u0173 kelion\u0117mis Prien\u0173 kra\u0161te, o prokuroras klaus\u0117, ar susitikimams buvo naudojami partijos pinigai, nes paai\u0161k\u0117jo, kad bylos dalyviai kur\u0105 naudojo ir partijos susitikimams, ir susitikimams su gyventojais d\u0117l juos i\u0161tikusi\u0173 b\u0117d\u0173.<\/p>\n<p style=\"text-align: left;\">\u201eKur galima patikrinti j\u016bs\u0173 informacij\u0105 apie susitikimus su gyventojais? Kod\u0117l ne pats meras u\u017esipildavo kuro? Kas l\u0117m\u0117, kad jums teko va\u017eiuoti? Kaip atribodavote kur\u0105 asmenin\u0117ms reikm\u0117ms?\u201c, \u2013 buvo klausiama liudytojos.<\/p>\n<p style=\"text-align: left;\">J. Zailskien\u0117 teig\u0117, kad ji negali prisiminti, kas vyko ma\u017edaug prie\u0161 \u0161e\u0161erius, ne\u017eino, kur galima patikrinti informacij\u0105 apie susitikimus su rink\u0117jais. Politik\u0117 tikino, kad ji pati daug daugiau i\u0161leisdavo kuro negu buvo kompensuojama.\u00a0<\/p>\n<p style=\"text-align: left;\">\u201e\u012evairius atstumus nuva\u017eiuodavome: 40-50 kilometr\u0173, i\u0161 Prien\u0173 \u012f Veiverius, po to \u012f Jiezn\u0105\u201d, &#8212; pasakojo ministr\u0117.\u00a0<\/p>\n<p style=\"text-align: left;\">Pagal byloje esan\u010dius ministr\u0117s \u010dekius, pavyzd\u017eiui, buvo pilta kuro u\u017e \u0161iek tiek daugiau nei 46 eurus, \u012fsigyta 44 litrai kuro. Teis\u0117ja liudytojos teiravosi, kiek kuro tilpo jos vairuotame automobilyje. J. Zailskien\u0117 atsak\u0117, kad gal\u0117jo tilpti apie 40 litr\u0173.<\/p>\n<p style=\"text-align: left;\">Ministr\u0117 teig\u0117, kad su meru A. Vaicekausku va\u017eiuodavo susitikti ir su partijos bi\u010diuliais, ir su vietos gyventojais.<\/p>\n<p style=\"text-align: left;\">\u201eVa\u017eiuodavom partijos reikalais ir su rink\u0117jais tuo pa\u010diu susitikti\u201c, \u2013 sak\u0117 ji.<\/p>\n<p style=\"text-align: left;\">J. Zailskien\u0117 teig\u0117, kad savivaldoje kildavo nema\u017eai problem\u0173.<\/p>\n<p style=\"text-align: left;\">\u201eD\u0117l kelio ar susipyko kaimynai, buvo visoki\u0173 atvej\u0173\u201c, \u2013 apie savivaldoje kildavusias problemas pasakojo liudytoja.<\/p>\n<p style=\"text-align: left;\">Prokuroras D. Valkavi\u010dius teiravosi, kaip savivaldyb\u0117 fiksuodavo keli\u0173 b\u016bkl\u0119, ar savivaldyb\u0117je veik\u0117 tarnyba, kuri vertino keli\u0173 b\u016bkl\u0119.<\/p>\n<p style=\"text-align: left;\">Kur\u0105 merui pirko ir ministr\u0117s vyras<\/p>\n<p style=\"text-align: left;\">Per pos\u0117d\u012f kaip liudytojas buvo apklaustas ir ministr\u0117s sutuoktinis Rimvydas Zailskas. Jis dirba Prien\u0173 rajono savivaldyb\u0117s \u0160vietimo ir sporto skyriaus vadovu.<\/p>\n<p style=\"text-align: left;\">R. Zailskas teismui sak\u0117, kad daug met\u0173 dirba kartu su A. Vaicekausku, priklauso tai pa\u010diai partijai.<\/p>\n<p style=\"text-align: left;\">\u201eVaicekauskas man gr\u0105\u017eindavo pinigus u\u017e mano \u012fpilt\u0105 kur\u0105. Taip buvo sutarta\u201c, \u2013 pasakojo liudytojas.\u00a0<\/p>\n<p style=\"text-align: left;\">Jis teig\u0117, kad kartu su meru vyko \u012f susitikimus su mokykl\u0173, seni\u016bnij\u0173 bendruomen\u0117mis.<\/p>\n<p style=\"text-align: left;\">\u00a0\u201eA\u0161 dalyvavau, kad pad\u0117\u010diau merui atsakyt \u012f savo srities klausimus\u201c, \u2013 sak\u0117 jis.\u00a0<\/p>\n<p style=\"text-align: left;\">\u201eKod\u0117l j\u016bs ve\u017e\u0117te mer\u0105?\u201c, \u2013 klaus\u0117 teis\u0117ja I. Liubinien\u0117.<\/p>\n<p style=\"text-align: left;\">\u201eMes partijos kolegos, man patinka vairuoti, a\u0161 bet kada galiu\u201c, \u2013 atsak\u0117 liudytojas.<\/p>\n<p style=\"text-align: left;\">Jis patvirtino, kad mero A. Vaicekausko vardu degalin\u0117je \u0117m\u0117 kuro kvit\u0105. Jis pasakydavo mero vard\u0105 ir pavard\u0119, o operatorius kvit\u0105 i\u0161duodavo kaip mero vardin\u012f kvit\u0105.<\/p>\n<p style=\"text-align: left;\">Pasak liudytojo, jam mero asmens kodo nereik\u0117jo nurodyti, nes A. Vaicekausko duomenis degalin\u0117 jau tur\u0117jo.<\/p>\n<p style=\"text-align: left;\">Teis\u0117ja steb\u0117josi, kod\u0117l kuro prie\u0161 kelion\u0119 negal\u0117jo u\u017esipilti pats meras. R. Zailskas teig\u0117, kad jis kur\u0105 pildavo netoli savo nam\u0173 esan\u010dioje degalin\u0117je ir tik tada vykdavo pasiimti mero.<\/p>\n<p style=\"text-align: left;\">Ministr\u0117s sutuoktinis tikino, kad jiems tekdavo nuva\u017eiuoti ilgus atstumus: 70, 50, ir 100 kilometr\u0173.<\/p>\n<p style=\"text-align: left;\">\u201eIlga savivaldyb\u0117 \u2013 beveik 80 kilometr\u0173 nuo vieno kra\u0161to iki kito\u201d, &#8212; sake liudytojas.<\/p>\n<p style=\"text-align: left;\">Kaltinimai suk\u010diavimu, piktnaud\u017eiavimu, dokument\u0173 klastojimu<\/p>\n<p style=\"text-align: left;\">A. Vaicekauskui \u0161ioje byloje yra pareik\u0161ti kaltinimai d\u0117l galimo suk\u010diavimo, piktnaud\u017eiavimo bei dokument\u0173 suklastojimo ir disponavimu jais.<\/p>\n<p style=\"text-align: left;\">Baud\u017eiamosios bylos duomenimis, 2019\u20132023 m. kadencijos laikotarpiu A. Vaicekauskas, eidamas Prien\u0173 rajono savivaldyb\u0117s tarybos nario pareigas, manoma, suklastojo 17 tarybos nario i\u0161laid\u0173 ataskait\u0173, jose pateikdamas tikrov\u0117s neatitinkan\u010dius duomenis apie tariamai patirtas degal\u0173 \u012fsigijimo i\u0161laidas, kaip susijusias su tarybos nario veikla.\u00a0<\/p>\n<p style=\"text-align: left;\">\u012etariama, kad A. Vaicekauskas u\u017e \u012fsigyt\u0105 dyzelin\u0105 i\u0161laidas kai kuriais atvejais apmok\u0117jo kitiems asmenims priklausan\u010diomis banko kortel\u0117mis.<\/p>\n<p style=\"text-align: left;\">Ikiteisminio tyrimo metu nustatyta, kad politikas, kaip \u012ftariama, klastodamas tarybos nario i\u0161laid\u0173 ataskaitas ir jas pateikdamas savivaldyb\u0117s buhalterijai, apgaule savo naudai \u012fgijo apie 1 113 eur\u0173, priklausiusi\u0173 Prien\u0173 rajono savivaldyb\u0117s administracijai. A. Vaicekauskas taip pat kaltinamas tuo, kad piktnaud\u017eiavo tarnybine pad\u0117timi ir teise gauti i\u0161mokas jo, kaip tarybos nario, veiklos i\u0161laidoms padengti, siekiant sau turtin\u0117s naudos.<\/p>\n<p style=\"text-align: left;\">Kaip skelbia prokurat\u016bra, manoma, kad politikas, ty\u010dia pa\u017eeisdamas tarybos nario veikl\u0105 reglamentuojan\u010di\u0173 teis\u0117s akt\u0173 reikalavimus ir nuostatas, aktyviais, sistemingais, ilg\u0105 laik\u0105 trukusiais neteis\u0117tais veiksmais i\u0161kraip\u0117 jam, kaip valstyb\u0117s tarnautojui, suteikt\u0173 teisi\u0173 esm\u0119, sumenkino tarybos nario autoritet\u0105 ir visuomen\u0117s pasitik\u0117jim\u0105 juo, pakenk\u0117 Prien\u0173 rajono savivaldyb\u0117s ir tarybos \u012fvaizd\u017eiui bei sumenkino j\u0173 presti\u017e\u0105.<\/p>\n<p style=\"text-align: left;\">A. Vaicekauskas kalt\u0117s nepripa\u017e\u012fsta. Bylos nagrin\u0117jim\u0105 teismas t\u0119s gegu\u017e\u0119.<\/p>\n<p style=\"text-align: left;\">ELTA primena, kad visuomenininkui Andriui Tapinui inicijavus savivaldos politik\u0173 l\u0117\u0161\u0173 \u012fsisavinimo tyrim\u0105 \u201eSkaidrinam\u201c ir d\u0117l to kilus skandalui d\u0117l galimo politik\u0173 piktnaud\u017eiavimo kanceliarin\u0117mis l\u0117\u0161omis, \u012f teis\u0117saugos akirat\u012f pakliuvo daugyb\u0117\u00a0savivaldybi\u0173.<\/p>\n","protected":false},"excerpt":{"rendered":"\u00a0 \u00a0 Alytaus apylink\u0117s teismas politik\u0119 i\u0161kviet\u0117 \u012f pos\u0117d\u012f, nes jos banko kortele apmok\u0117ti kuro \u010dekiai yra mero&hellip;\n","protected":false},"author":2,"featured_media":159188,"comment_status":"","ping_status":"","sticky":false,"template":"","format":"standard","meta":{"footnotes":"","_share_on_mastodon":"0"},"categories":[13],"tags":[25,359,30,31,3158,34,35,24,32,33,37,39,36,38,26432,40,23,22,28,29,255,26,27,574,4779],"class_list":["post-159187","post","type-post","status-publish","format-standard","has-post-thumbnail","category-lietuva","tag-antrastes","tag-apklausa","tag-breaking-news","tag-breakingnews","tag-byla","tag-featured-news","tag-featurednews","tag-headlines","tag-latest-news","tag-latestnews","tag-lietuva","tag-lietuviu","tag-lithuania","tag-lithuanian","tag-liudytoja","tag-lt","tag-naujienos","tag-news","tag-populiariausios-naujienos","tag-populiariausiosnaujienos","tag-teismas","tag-top-stories","tag-topstories","tag-vaicekauskas","tag-zailskiene"],"share_on_mastodon":{"url":"https:\/\/pubeurope.com\/@lt\/116445842193083205","error":""},"_links":{"self":[{"href":"https:\/\/www.europesays.com\/lt\/wp-json\/wp\/v2\/posts\/159187","targetHints":{"allow":["GET"]}}],"collection":[{"href":"https:\/\/www.europesays.com\/lt\/wp-json\/wp\/v2\/posts"}],"about":[{"href":"https:\/\/www.europesays.com\/lt\/wp-json\/wp\/v2\/types\/post"}],"author":[{"embeddable":true,"href":"https:\/\/www.europesays.com\/lt\/wp-json\/wp\/v2\/users\/2"}],"replies":[{"embeddable":true,"href":"https:\/\/www.europesays.com\/lt\/wp-json\/wp\/v2\/comments?post=159187"}],"version-history":[{"count":0,"href":"https:\/\/www.europesays.com\/lt\/wp-json\/wp\/v2\/posts\/159187\/revisions"}],"wp:featuredmedia":[{"embeddable":true,"href":"https:\/\/www.europesays.com\/lt\/wp-json\/wp\/v2\/media\/159188"}],"wp:attachment":[{"href":"https:\/\/www.europesays.com\/lt\/wp-json\/wp\/v2\/media?parent=159187"}],"wp:term":[{"taxonomy":"category","embeddable":true,"href":"https:\/\/www.europesays.com\/lt\/wp-json\/wp\/v2\/categories?post=159187"},{"taxonomy":"post_tag","embeddable":true,"href":"https:\/\/www.europesays.com\/lt\/wp-json\/wp\/v2\/tags?post=159187"}],"curies":[{"name":"wp","href":"https:\/\/api.w.org\/{rel}","templated":true}]}}