{"id":159209,"date":"2026-04-22T03:31:38","date_gmt":"2026-04-22T03:31:38","guid":{"rendered":"https:\/\/www.europesays.com\/lt\/159209\/"},"modified":"2026-04-22T03:31:38","modified_gmt":"2026-04-22T03:31:38","slug":"vilniuje-atidaryta-dar-viena-zara-home-parduotuve","status":"publish","type":"post","link":"https:\/\/www.europesays.com\/lt\/159209\/","title":{"rendered":"Vilniuje atidaryta dar viena \u201eZara Home\u201c parduotuv\u0117"},"content":{"rendered":"<p>Vilniaus prekybos ir laisvalaikio centre \u201e<a style=\"font-weight:bold;\" href=\"https:\/\/madeinvilnius.lt\/tema\/panorama\/\" target=\"_blank\" rel=\"nofollow noopener\">Panorama<\/a>\u201c duris atv\u0117r\u0117 nauja \u201eZara Home\u201c parduotuv\u0117. Tarptautinio prek\u0117s \u017eenklo, Lietuvoje atstovaujamo \u201eAprangos\u201c grup\u0117s, at\u0117jimas \u017eymi nuosekli\u0105 prekybos centro krypt\u012f pl\u0117sti nam\u0173 ir interjero kategorij\u0105, kuri pastaraisiais metais i\u0161lieka viena spar\u010diausiai augan\u010di\u0173 tiek Lietuvoje, tiek PLC \u201ePanorama\u201c.<\/p>\n<p>Pirmame prekybos centro auk\u0161te \u012fsik\u016brusi 515 kv. m parduotuv\u0117 \u012frengta pagal naujausi\u0105 \u201eZara Home\u201c koncepcij\u0105, leid\u017eian\u010di\u0105 lankytojams kolekcijas patirti per namus primenan\u010di\u0105 aplink\u0105 \u2013 nuo virtuv\u0117s ir svetain\u0117s iki miegamojo, vaik\u0173 kambario bei vonios erdvi\u0173.<\/p>\n<p>\u201eMatome ai\u0161ki\u0105 tendencij\u0105, kad pirk\u0117jai vis daugiau d\u0117mesio skiria savo gyvenamosios aplinkos kokybei \u2013 namai tampa ne tik poilsio, bet ir darbo, laisvalaikio erdve. Tod\u0117l nuosekliai stipriname \u0161\u012f segment\u0105, siekdami pasi\u016blyti kuo platesn\u012f ir \u012fvairesn\u012f interjero sprendim\u0173 pasirinkim\u0105\u201c, \u2013 sako PLC \u201ePanorama\u201c generalin\u0117 direktor\u0117 Birut\u0117 Kalanovait\u0117.<\/p>\n<p>Nat\u016bralaus m\u016bro ir \u0161velnios medienos interjeras kuria jauki\u0105 atmosfer\u0105, kurioje pristatomos tekstil\u0117s, ind\u0173, stiklo kolekcijos, baldai bei interjero detal\u0117s. Parduotuv\u0117s centre \u012frengta ir speciali vonios bei kosmetikos zona su nam\u0173 parfumerijos linija.<\/p>\n<p>\u201e\u0160iuolaikinis pirk\u0117jas ie\u0161ko ne tik produkto, bet ir \u012fkv\u0117pimo. \u201eZara Home\u201c parduotuv\u0117se siekiama, kad klientai jaust\u0173si tarsi namuose \u2013 gal\u0117t\u0173 pamatyti, kaip skirtingi elementai dera tarpusavyje ir lengviau juos pritaikyt\u0173 savo erdv\u0117se\u201c, \u2013 teigia \u201eAprangos\u201c grup\u0117s generalinis direktorius Rimantas Perveneckas.<\/p>\n<p>\u201eZara Home\u201c atidarymas papildo nuosekliai augant\u012f \u201ePanoramos\u201c nam\u0173 segment\u0105. Vien pernai \u0161ios kategorijos apyvarta centre did\u0117jo daugiau nei 16 procent\u0173.<\/p>\n<p>\u0160iemet prekybos centre taip pat atidarytos dvi naujos nam\u0173 krypties parduotuv\u0117s, i\u0161 viso \u201ePanoramoje\u201c veikia daugiau nei 20 parduotuvi\u0173, skirt\u0173 namams ir interjerui.<\/p>\n<p><a href=\"https:\/\/madeinvilnius.lt\/wp-content\/uploads\/2026\/04\/zarahomepanorama-1-scaled.jpg\" rel=\"nofollow noopener\" target=\"_blank\"><img loading=\"lazy\" decoding=\"async\" width=\"1024\" height=\"683\" data-id=\"345476\" src=\"https:\/\/www.europesays.com\/lt\/wp-content\/uploads\/2026\/04\/zarahomepanorama-1-1024x683.jpg\" alt=\"\" class=\"wp-image-345476\"\/><\/a><a href=\"https:\/\/madeinvilnius.lt\/wp-content\/uploads\/2026\/04\/zarahomepanorama-2-scaled.jpg\" rel=\"nofollow noopener\" target=\"_blank\"><img loading=\"lazy\" decoding=\"async\" width=\"1024\" height=\"683\" data-id=\"345474\" src=\"https:\/\/www.europesays.com\/lt\/wp-content\/uploads\/2026\/04\/zarahomepanorama-2-1024x683.jpg\" alt=\"\" class=\"wp-image-345474\"\/><\/a><a href=\"https:\/\/madeinvilnius.lt\/wp-content\/uploads\/2026\/04\/zarahomepanorama-scaled.jpg\" rel=\"nofollow noopener\" target=\"_blank\"><img loading=\"lazy\" decoding=\"async\" width=\"1024\" height=\"683\" data-id=\"345472\" src=\"https:\/\/www.europesays.com\/lt\/wp-content\/uploads\/2026\/04\/zarahomepanorama-1024x683.jpg\" alt=\"\" class=\"wp-image-345472\"\/><\/a><\/p>\n","protected":false},"excerpt":{"rendered":"Vilniaus prekybos ir laisvalaikio centre \u201ePanorama\u201c duris atv\u0117r\u0117 nauja \u201eZara Home\u201c parduotuv\u0117. Tarptautinio prek\u0117s \u017eenklo, Lietuvoje atstovaujamo \u201eAprangos\u201c&hellip;\n","protected":false},"author":2,"featured_media":159210,"comment_status":"","ping_status":"","sticky":false,"template":"","format":"standard","meta":{"footnotes":"","_share_on_mastodon":"0"},"categories":[6],"tags":[25,30,31,34,35,24,32,33,37,39,36,38,40,65,23,22,14038,839,28,29,26,27,23706],"class_list":["post-159209","post","type-post","status-publish","format-standard","has-post-thumbnail","category-antrastes","tag-antrastes","tag-breaking-news","tag-breakingnews","tag-featured-news","tag-featurednews","tag-headlines","tag-latest-news","tag-latestnews","tag-lietuva","tag-lietuviu","tag-lithuania","tag-lithuanian","tag-lt","tag-naujiena","tag-naujienos","tag-news","tag-panorama","tag-parduotuves","tag-populiariausios-naujienos","tag-populiariausiosnaujienos","tag-top-stories","tag-topstories","tag-zara"],"share_on_mastodon":{"url":"https:\/\/pubeurope.com\/@lt\/116446251132262011","error":""},"_links":{"self":[{"href":"https:\/\/www.europesays.com\/lt\/wp-json\/wp\/v2\/posts\/159209","targetHints":{"allow":["GET"]}}],"collection":[{"href":"https:\/\/www.europesays.com\/lt\/wp-json\/wp\/v2\/posts"}],"about":[{"href":"https:\/\/www.europesays.com\/lt\/wp-json\/wp\/v2\/types\/post"}],"author":[{"embeddable":true,"href":"https:\/\/www.europesays.com\/lt\/wp-json\/wp\/v2\/users\/2"}],"replies":[{"embeddable":true,"href":"https:\/\/www.europesays.com\/lt\/wp-json\/wp\/v2\/comments?post=159209"}],"version-history":[{"count":0,"href":"https:\/\/www.europesays.com\/lt\/wp-json\/wp\/v2\/posts\/159209\/revisions"}],"wp:featuredmedia":[{"embeddable":true,"href":"https:\/\/www.europesays.com\/lt\/wp-json\/wp\/v2\/media\/159210"}],"wp:attachment":[{"href":"https:\/\/www.europesays.com\/lt\/wp-json\/wp\/v2\/media?parent=159209"}],"wp:term":[{"taxonomy":"category","embeddable":true,"href":"https:\/\/www.europesays.com\/lt\/wp-json\/wp\/v2\/categories?post=159209"},{"taxonomy":"post_tag","embeddable":true,"href":"https:\/\/www.europesays.com\/lt\/wp-json\/wp\/v2\/tags?post=159209"}],"curies":[{"name":"wp","href":"https:\/\/api.w.org\/{rel}","templated":true}]}}