{"id":159253,"date":"2026-04-22T04:59:13","date_gmt":"2026-04-22T04:59:13","guid":{"rendered":"https:\/\/www.europesays.com\/lt\/159253\/"},"modified":"2026-04-22T04:59:13","modified_gmt":"2026-04-22T04:59:13","slug":"seimas-paskyre-toma-davuli-konstitucinio-teismo-pirmininku-respublika-lt","status":"publish","type":"post","link":"https:\/\/www.europesays.com\/lt\/159253\/","title":{"rendered":"Seimas paskyr\u0117 Tom\u0105 Davul\u012f Konstitucinio Teismo pirmininku &#8211; Respublika.lt"},"content":{"rendered":"<p><img loading=\"lazy\" decoding=\"async\" src=\"https:\/\/www.respublika.lt\/lt\/naujienos\/lietuva\/lietuvos_politika\/seimas-paskyre-toma-davuli-konstitucinio-teismo-pirmininku\/images\/ico_camera_white.gif\" class=\"camera\" width=\"22\" height=\"15\" alt=\"nuotr.\" style=\"position:relative; top:-2px; right:2px;\"\/> 1 nuotr.<\/p>\n<p>Tomas Davulis. Eltos nuotr.<\/p>\n<p style=\"text-align: justify;\" class=\"desktop_banner\">\u00a0<\/p>\n<p style=\"text-align: left;\">\u00a0<\/p>\n<p style=\"text-align: left;\">Per slapt\u0105 balsavim\u0105 u\u017e balsavo 67 Seimo nariai, 3 prie\u0161, 6 susilaik\u0117. Vienas biuletenis pripa\u017eintas negaliojan\u010diu.\u00a0<\/p>\n<p style=\"text-align: left;\">Prezidento Gitano Naus\u0117dos teikiama kandidat\u016bra parlamentarams buvo pristatyta baland\u017eio prad\u017eioje.\u00a0<\/p>\n<p style=\"text-align: left;\">Kaip tuomet teig\u0117 \u0161alies vadovo vyriausiasis patar\u0117jas Andrius Kabi\u0161aitis, prezidento pasirinkim\u0105 l\u0117m\u0117 T. Davulio turimos ir \u0161ioms pareigoms b\u016btinos kompetencijos bei patirtis, siekis u\u017etikrinti KT tarptautin\u012f bendradarbiavim\u0105.\u00a0<\/p>\n<p style=\"text-align: left;\">Teis\u0117jas turi 28 met\u0173 teisinio pedagoginio, mokslinio darbo patirt\u012f, yra profesorius, dirb\u0119s Vilniaus universiteto (VU) Teis\u0117s fakulteto dekanu. Teis\u0117jas taip pat turi teis\u0117k\u016bros patirties, yra sukaup\u0119s didel\u0119 darbo patirt\u012f \u017emogaus teisi\u0173 srityje.<\/p>\n<p style=\"text-align: left;\">Prisistatydamas parlamentarams T. Davulis pabr\u0117\u017e\u0117 \u2013 jei bus paskirtas \u012f \u0161ias pareigas, sieks didinti KT prieinamum\u0105, matomum\u0105 ir \u012fsitraukim\u0105. Jis taip pat akcentavo b\u016btinyb\u0119 pl\u0117toti teism\u0173 dialog\u0105 tiek nacionaliniu, tiek tarptautiniu lygiu.\u00a0<\/p>\n<p style=\"text-align: left;\">Dekret\u0105, kuriuo Seimui teikiama skirti T. Davul\u012f KT vadovu, prezidentas pasira\u0161\u0117 kovo pabaigoje. Kandidatas nuo 2023 m. dirba KT teis\u0117ju, \u012f \u0161ias pareigas j\u012f taip pat pasi\u016bl\u0117 G. Naus\u0117da.\u00a0<\/p>\n<p style=\"text-align: left;\">Pasibaigus KT pirmininko Gintaro Godos kadencijai, \u0161iuo metu teismui laikinai vadovauja teis\u0117jas Vytautas Mizaras.\u00a0<\/p>\n<p style=\"text-align: left;\">KT sud\u0117tis atsinaujino<\/p>\n<p style=\"text-align: left;\">ELTA primena, kad kov\u0105 Seime prisiek\u0117 trys naujai paskirti KT teis\u0117jai \u2013 Lietuvos Auk\u0161\u010diausiojo Teismo (LAT) pirminink\u0117s Danguol\u0117s Bublien\u0117s pasi\u016blytas Art\u016bras Driukas, prezidento G. Naus\u0117dos teiktas Haroldas \u0160ink\u016bnas bei Seimo pirmininko Juozo Oleko pristatytas Art\u016bras Drigotas.\u00a0<\/p>\n<p style=\"text-align: left;\">KT sudaro 9 teis\u0117jai, skiriami devyneriems metams ir tik vienai kadencijai.<\/p>\n<p style=\"text-align: left;\">Kas trejus metus Seimas paskiria tris KT teis\u0117jus. Kandidat\u016bras \u012f KT teikia prezidentas, Seimo vadovas ir Auk\u0161\u010diausiojo Teismo pirmininkas.<\/p>\n<p style=\"text-align: left;\">Konstitucija \u00a0numato, jog \u012f \u0161ias pareigas gali b\u016bti skiriami nepriekai\u0161tingos reputacijos Lietuvos pilie\u010diai, turintys auk\u0161t\u0105j\u012f teisin\u012f i\u0161silavinim\u0105 ir ne ma\u017eesn\u012f kaip 10 met\u0173 teisinio ar mokslinio pedagoginio darbo pagal teisininko specialyb\u0119 sta\u017e\u0105.<\/p>\n","protected":false},"excerpt":{"rendered":"1 nuotr. Tomas Davulis. Eltos nuotr. \u00a0 \u00a0 Per slapt\u0105 balsavim\u0105 u\u017e balsavo 67 Seimo nariai, 3 prie\u0161,&hellip;\n","protected":false},"author":2,"featured_media":159254,"comment_status":"","ping_status":"","sticky":false,"template":"","format":"standard","meta":{"footnotes":"","_share_on_mastodon":"0"},"categories":[6],"tags":[25,30,31,26437,34,35,24,2213,32,33,37,39,36,38,40,23,22,2816,28,29,255,26,27],"class_list":["post-159253","post","type-post","status-publish","format-standard","has-post-thumbnail","category-antrastes","tag-antrastes","tag-breaking-news","tag-breakingnews","tag-davulis","tag-featured-news","tag-featurednews","tag-headlines","tag-kt","tag-latest-news","tag-latestnews","tag-lietuva","tag-lietuviu","tag-lithuania","tag-lithuanian","tag-lt","tag-naujienos","tag-news","tag-pirmininkas","tag-populiariausios-naujienos","tag-populiariausiosnaujienos","tag-teismas","tag-top-stories","tag-topstories"],"share_on_mastodon":{"url":"https:\/\/pubeurope.com\/@lt\/116446597105856069","error":""},"_links":{"self":[{"href":"https:\/\/www.europesays.com\/lt\/wp-json\/wp\/v2\/posts\/159253","targetHints":{"allow":["GET"]}}],"collection":[{"href":"https:\/\/www.europesays.com\/lt\/wp-json\/wp\/v2\/posts"}],"about":[{"href":"https:\/\/www.europesays.com\/lt\/wp-json\/wp\/v2\/types\/post"}],"author":[{"embeddable":true,"href":"https:\/\/www.europesays.com\/lt\/wp-json\/wp\/v2\/users\/2"}],"replies":[{"embeddable":true,"href":"https:\/\/www.europesays.com\/lt\/wp-json\/wp\/v2\/comments?post=159253"}],"version-history":[{"count":0,"href":"https:\/\/www.europesays.com\/lt\/wp-json\/wp\/v2\/posts\/159253\/revisions"}],"wp:featuredmedia":[{"embeddable":true,"href":"https:\/\/www.europesays.com\/lt\/wp-json\/wp\/v2\/media\/159254"}],"wp:attachment":[{"href":"https:\/\/www.europesays.com\/lt\/wp-json\/wp\/v2\/media?parent=159253"}],"wp:term":[{"taxonomy":"category","embeddable":true,"href":"https:\/\/www.europesays.com\/lt\/wp-json\/wp\/v2\/categories?post=159253"},{"taxonomy":"post_tag","embeddable":true,"href":"https:\/\/www.europesays.com\/lt\/wp-json\/wp\/v2\/tags?post=159253"}],"curies":[{"name":"wp","href":"https:\/\/api.w.org\/{rel}","templated":true}]}}