{"id":15990,"date":"2025-10-12T13:36:22","date_gmt":"2025-10-12T13:36:22","guid":{"rendered":"https:\/\/www.europesays.com\/lt\/15990\/"},"modified":"2025-10-12T13:36:22","modified_gmt":"2025-10-12T13:36:22","slug":"ruginiene-uzsimine-apie-kitus-sprendimus-del-ausrieciu-jei-neuzteks-sito-bus-dar-drasesnis","status":"publish","type":"post","link":"https:\/\/www.europesays.com\/lt\/15990\/","title":{"rendered":"Ruginien\u0117 u\u017esimin\u0117 apie kitus sprendimus d\u0117l \u201eau\u0161rie\u010di\u0173\u201c: jei neu\u017eteks \u0161ito \u2013 bus dar dr\u0105sesnis"},"content":{"rendered":"<p>\u201eJei neu\u017eteks \u0161ito \u2013 bus dar dr\u0105sesnis. Bet pirm\u0105j\u012f \u017eingsn\u012f a\u0161 parod\u017eiau. Tikiuosi, kad ir partija nebijos daryti sprendim\u0173, kurie \u0161iandien yra kriti\u0161kai reikalingi Lietuvai. Tam mus visuomen\u0117 rinko, tam mes ir esame\u201c, &#8211; \u017eurnalistams \u0161e\u0161tadien\u012f teig\u0117 I. Ruginien\u0117.\u00a0<\/p>\n<p>Paklausta, ar dr\u0105sesnis sprendimas reik\u0161t\u0173 atsisveikinim\u0105 su \u201eau\u0161rie\u010diais\u201c, politik\u0117 nedetalizavo. Anot jos \u2013 svarbiausia Vyriausyb\u0117s stabilumas.\u00a0<\/p>\n<p>\u201eJ\u016bs diktuojate atsakym\u0105. A\u0161, kaip Vyriausyb\u0117s vadov\u0117, tikrai kol kas matau kriti\u0161kai svarb\u0173 reikal\u0105 stabilizuoti Vyriausyb\u0117s darb\u0105 ir vesti prie pilno paj\u0117gumo\u201c, \u2013 sak\u0117 ji.<\/p>\n<p>\u201e\u0160iai dienai turiu padaryti visk\u0105, kad Vyriausyb\u0117 dirbt\u0173 pilna j\u0117ga. T\u0105 ir padarysiu\u201c, \u2013 prid\u016br\u0117 I. Ruginien\u0117.\u00a0<\/p>\n<p>\u0160e\u0161tadien\u012f pos\u0117d\u017eiavusi Lietuvos socialdemokrat\u0173 partijos (LSDP) taryba nusprend\u0117 \u2013 koalicija su \u201eau\u0161rie\u010diais\u201c i\u0161liks, ta\u010diau did\u017eiausia valdan\u010diosios daugumos partija perims Kult\u016bros ministerij\u0105.<\/p>\n<p>Kaip skelbta, kult\u016bros bendruomen\u0117s besipiktinant d\u0117l \u201eNemuno au\u0161rai\u201c atiduotos Kult\u016bros ministerijos, socialdemokrat\u0173 partijos lyderis M. Sinkevi\u010dius \u0161i\u0105 savait\u0119 u\u017esimin\u0117, kad gali tekti persvarstyti valdan\u010diosios koalicijos sud\u0117t\u012f. LSDP pirmininkas teig\u0117, kad taryboje kolegoms pristatys galimas alternatyvas, kaip spr\u0119sti susiklos\u010diusi\u0105 situacij\u0105 \u2013 pasak jo, galimi ir nuosaik\u016bs, ir drasti\u0161ki sprendimai.<\/p>\n<p>\u0160iuo metu valdan\u010di\u0105j\u0105 koalicij\u0105 sudaro LSDP, \u201eNemuno au\u0161ra&#8221; nei Lietuvos valstie\u010di\u0173, \u017eali\u0173j\u0173 ir Krik\u0161\u010dioni\u0161k\u0173 \u0161eim\u0173 s\u0105jungos frakcija Seime.<\/p>\n","protected":false},"excerpt":{"rendered":"\u201eJei neu\u017eteks \u0161ito \u2013 bus dar dr\u0105sesnis. Bet pirm\u0105j\u012f \u017eingsn\u012f a\u0161 parod\u017eiau. Tikiuosi, kad ir partija nebijos daryti&hellip;\n","protected":false},"author":2,"featured_media":15991,"comment_status":"","ping_status":"","sticky":false,"template":"","format":"standard","meta":{"footnotes":""},"categories":[6],"tags":[25,30,31,34,35,24,71,32,33,37,39,757,36,38,40,23,355,22,28,29,68,26,27],"class_list":{"0":"post-15990","1":"post","2":"type-post","3":"status-publish","4":"format-standard","5":"has-post-thumbnail","7":"category-antrastes","8":"tag-antrastes","9":"tag-breaking-news","10":"tag-breakingnews","11":"tag-featured-news","12":"tag-featurednews","13":"tag-headlines","14":"tag-inga-ruginiene","15":"tag-latest-news","16":"tag-latestnews","17":"tag-lietuva","18":"tag-lietuviu","19":"tag-lietuvos-socialdemokratu-partija","20":"tag-lithuania","21":"tag-lithuanian","22":"tag-lt","23":"tag-naujienos","24":"tag-nemuno-ausra","25":"tag-news","26":"tag-populiariausios-naujienos","27":"tag-populiariausiosnaujienos","28":"tag-remigijus-zemaitaitis","29":"tag-top-stories","30":"tag-topstories"},"share_on_mastodon":{"url":"","error":""},"_links":{"self":[{"href":"https:\/\/www.europesays.com\/lt\/wp-json\/wp\/v2\/posts\/15990","targetHints":{"allow":["GET"]}}],"collection":[{"href":"https:\/\/www.europesays.com\/lt\/wp-json\/wp\/v2\/posts"}],"about":[{"href":"https:\/\/www.europesays.com\/lt\/wp-json\/wp\/v2\/types\/post"}],"author":[{"embeddable":true,"href":"https:\/\/www.europesays.com\/lt\/wp-json\/wp\/v2\/users\/2"}],"replies":[{"embeddable":true,"href":"https:\/\/www.europesays.com\/lt\/wp-json\/wp\/v2\/comments?post=15990"}],"version-history":[{"count":0,"href":"https:\/\/www.europesays.com\/lt\/wp-json\/wp\/v2\/posts\/15990\/revisions"}],"wp:featuredmedia":[{"embeddable":true,"href":"https:\/\/www.europesays.com\/lt\/wp-json\/wp\/v2\/media\/15991"}],"wp:attachment":[{"href":"https:\/\/www.europesays.com\/lt\/wp-json\/wp\/v2\/media?parent=15990"}],"wp:term":[{"taxonomy":"category","embeddable":true,"href":"https:\/\/www.europesays.com\/lt\/wp-json\/wp\/v2\/categories?post=15990"},{"taxonomy":"post_tag","embeddable":true,"href":"https:\/\/www.europesays.com\/lt\/wp-json\/wp\/v2\/tags?post=15990"}],"curies":[{"name":"wp","href":"https:\/\/api.w.org\/{rel}","templated":true}]}}